{"id":10732,"date":"2025-11-06T08:05:42","date_gmt":"2025-11-06T11:05:42","guid":{"rendered":"https:\/\/www.enorsai.com\/noticias\/?p=10732"},"modified":"2025-11-06T08:10:11","modified_gmt":"2025-11-06T11:10:11","slug":"feinmann-y-la-disculpa-mas-forzada-del-ano-cuando-el-rating-manda-mas-que-la-conciencia","status":"publish","type":"post","link":"https:\/\/www.enorsai.com\/noticias\/politica\/feinmann-y-la-disculpa-mas-forzada-del-ano-cuando-el-rating-manda-mas-que-la-conciencia\/","title":{"rendered":"Feinmann y la disculpa m\u00e1s forzada del a\u00f1o: cuando el rating manda m\u00e1s que la conciencia"},"content":{"rendered":"\n<p>El periodista de LN+ ley\u00f3 una disculpa en vivo luego de haber calificado de \u201cvagos\u201d y \u201ccriminales\u201d a m\u00e9dicos del Hospital Garrahan. Su arrepentimiento dur\u00f3 veinte segundos y parece dictado por el manual del da\u00f1o controlado.<br><br>La viralizaci\u00f3n del exabrupto contra profesionales de la salud infantil desat\u00f3 un repudio masivo. Incluso dentro de sectores cercanos al oficialismo, el ataque fue considerado una \u201caberraci\u00f3n\u201d. El intento de reparaci\u00f3n de Feinmann, lejos de calmar los \u00e1nimos, reaviv\u00f3 el debate sobre la violencia medi\u00e1tica que ampara el gobierno de Javier Milei.<br><br>La escena fue breve, pero suficiente para mostrar el nivel de cinismo al que se ha llegado en ciertos estudios de televisi\u00f3n. Eduardo Feinmann, uno de los principales voceros medi\u00e1ticos del gobierno de Javier Milei, abri\u00f3 su programa en LN+ con una frase ins\u00f3lita: \u201cPido perd\u00f3n por lo de ayer. Lo vi y no me gust\u00e9, se me salt\u00f3 la cadena. Pido disculpas\u201d. Lo dijo mirando un papel, con tono monocorde, sin levantar la vista del guion que \u2014a juzgar por su incomodidad\u2014 no hab\u00eda escrito \u00e9l.<br><br>El clip dura apenas un minuto y medio, pero su contenido explot\u00f3 en redes. En cuesti\u00f3n de horas, el video se convirti\u00f3 en tendencia con m\u00e1s de 200 mil reproducciones y miles de comentarios que, entre la iron\u00eda y la furia, coincid\u00edan en una lectura: la disculpa no fue un acto de reflexi\u00f3n, sino una orden bajada desde arriba. \u201cLe lleg\u00f3 el focus group\u201d, escribi\u00f3 la cuenta @ArrepentidosLLA en X, sintetizando el esp\u00edritu de la jornada.<br><br>La historia ven\u00eda de un d\u00eda antes. En la emisi\u00f3n del 4 de noviembre, Feinmann hab\u00eda perdido completamente los estribos mientras entrevistaba a la jefa de terapia intensiva pedi\u00e1trica del Hospital Garrahan. Grit\u00f3, interrumpi\u00f3, insult\u00f3. Llam\u00f3 \u201cvagos\u201d, \u201caberrantes\u201d y \u201ccriminales\u201d a los m\u00e9dicos que, seg\u00fan su versi\u00f3n, no atend\u00edan pacientes oncol\u00f3gicos en horario vespertino. Lo hizo sin evidencia alguna, con una violencia verbal que descoloc\u00f3 incluso a su propia entrevistada, una profesional que dedica su vida a salvar ni\u00f1os en estado cr\u00edtico.<br><br>El video original fue compartido millones de veces. La indignaci\u00f3n fue inmediata. En redes, trabajadores de la salud, periodistas y ciudadanos comunes coincidieron en algo pocas veces visto: el repudio fue transversal. No import\u00f3 la afiliaci\u00f3n pol\u00edtica ni la preferencia partidaria. El ataque a quienes sostienen el sistema p\u00fablico de salud \u2014en uno de los hospitales m\u00e1s emblem\u00e1ticos del pa\u00eds\u2014 fue considerado un l\u00edmite moral.<\/p>\n\n\n\n<figure class=\"wp-block-embed is-type-rich is-provider-twitter wp-block-embed-twitter\"><div class=\"wp-block-embed__wrapper\">\n<blockquote class=\"twitter-tweet\" data-width=\"550\" data-dnt=\"true\"><p lang=\"es\" dir=\"ltr\">&quot;Pido perd\u00f3n por lo de ayer. Lo vi y no me gust\u00e9, se me salt\u00f3 la cadena. Pido disculpas&quot;<br><br>Le lleg\u00f3 el focus group y parece que insultar m\u00e9dicos que salvan ni\u00f1os en vivo no est\u00e1 bien visto. Qui\u00e9n lo dir\u00eda, no?<a href=\"https:\/\/t.co\/MoaB0dFGVO\">pic.twitter.com\/MoaB0dFGVO<\/a><\/p>&mdash; Arrepentidos de Milei (@ArrepentidosLLA) <a href=\"https:\/\/twitter.com\/ArrepentidosLLA\/status\/1986201500138590609?ref_src=twsrc%5Etfw\">November 5, 2025<\/a><\/blockquote><script async src=\"https:\/\/platform.twitter.com\/widgets.js\" charset=\"utf-8\"><\/script>\n<\/div><\/figure>\n\n\n\n<p><br>La reacci\u00f3n social fue tan contundente que los productores de LN+ no tuvieron margen para la improvisaci\u00f3n. Seg\u00fan trascendi\u00f3 entre bastidores, las encuestas internas mostraron una ca\u00edda abrupta de la imagen del periodista y un pico de rechazo entre el p\u00fablico general. En tiempos de rating medido al segundo y opini\u00f3n p\u00fablica monitorizada como si fuera la Bolsa, no hubo espacio para la espontaneidad: hab\u00eda que pedir perd\u00f3n, aunque fuera por mandato.<br><br>As\u00ed apareci\u00f3 Feinmann leyendo un texto sin convicci\u00f3n, apenas una f\u00f3rmula para apagar el incendio. Pero las redes no perdonan lo impostado. El posteo de @ArrepentidosLLA, publicado el 5 de noviembre a las 22:38, fue un resumen perfecto del clima social: \u201cPido perd\u00f3n por lo de ayer. Lo vi y no me gust\u00e9, se me salt\u00f3 la cadena. Pido disculpas. Le lleg\u00f3 el focus group y parece que insultar m\u00e9dicos que salvan ni\u00f1os en vivo no est\u00e1 bien visto. Qui\u00e9n lo dir\u00eda, \u00bfno?\u201d. En menos de diez horas, el mensaje acumul\u00f3 m\u00e1s de 10 mil \u201cme gusta\u201d, 1.200 reposts y 560 respuestas.<br><br>Lo interesante del episodio no es solo el exabrupto \u2014lamentablemente, ya habitual en la agenda medi\u00e1tica oficialista\u2014 sino el mecanismo de contenci\u00f3n posterior. El discurso del arrepentimiento calculado, del \u201cme equivoqu\u00e9 pero no tanto\u201d, se ha vuelto una estrategia comunicacional recurrente entre los voceros libertarios. Primero el golpe, despu\u00e9s la excusa. Golpear para instalar, disculparse para simular humanidad.<br><br>El caso Feinmann es apenas un s\u00edntoma del clima pol\u00edtico que se respira desde que Javier Milei lleg\u00f3 al poder. Un gobierno que no disimula su desprecio por el Estado ni por los trabajadores p\u00fablicos, pero que al mismo tiempo se escuda en ellos cuando las consecuencias de su propia gesti\u00f3n se vuelven inocultables. Los m\u00e9dicos del Garrahan \u2014v\u00edctimas de un ajuste feroz, con salarios que apenas alcanzan la mitad de lo necesario para vivir\u2014 fueron el blanco perfecto de un discurso que busca demonizar lo p\u00fablico y santificar lo privado.<br><br>No es casual que el ataque se haya dirigido a un hospital emblem\u00e1tico, s\u00edmbolo de la salud p\u00fablica argentina y orgullo regional. Ni que el timing haya coincidido con la difusi\u00f3n del aumento salarial conseguido por los trabajadores del Garrahan tras meses de lucha sindical, reuniones en el Congreso y presi\u00f3n social. En otras palabras, Feinmann arremeti\u00f3 justo cuando el sector mostraba que la organizaci\u00f3n colectiva todav\u00eda pod\u00eda torcerle el brazo al ajuste.<br><br>El intento de deslegitimar esa conquista no fue un error, fue un reflejo. En la l\u00f3gica de la ultraderecha medi\u00e1tica, los m\u00e9dicos que protestan son \u201cvagos\u201d, los docentes que marchan son \u201cadoctrinadores\u201d y los cient\u00edficos que reclaman presupuesto son \u201c\u00f1oquis\u201d. Todo aquel que no se somete al relato de la \u201ceficiencia\u201d del mercado se convierte en enemigo p\u00fablico.<br><br>Pero esta vez la jugada sali\u00f3 mal. La sociedad reaccion\u00f3 con una mezcla de bronca y hartazgo. La idea de que quienes salvan vidas infantiles puedan ser insultados en horario central gener\u00f3 una indignaci\u00f3n genuina. Lo que para Feinmann fue un exabrupto m\u00e1s, para miles fue una l\u00ednea roja cruzada. El da\u00f1o simb\u00f3lico fue tan grande que ni la disculpa ensayada logr\u00f3 disimularlo.<br><br>Hay algo profundamente revelador en esta secuencia: el mismo sistema medi\u00e1tico que ayud\u00f3 a instalar a Milei hoy comienza a tropezar con los l\u00edmites de su propio discurso. La \u201clibertad de decir cualquier cosa\u201d se enfrenta a la realidad de un pa\u00eds que, pese a la crisis, conserva un m\u00ednimo sentido \u00e9tico. Porque no todo vale. Ni siquiera para sostener a un gobierno que convierte la crueldad en bandera.<br><br>La escena final de Feinmann leyendo su disculpa podr\u00eda servir de met\u00e1fora involuntaria de una \u00e9poca: la del comunicador que ya no comunica, del operador que se descubre prisionero de la opini\u00f3n p\u00fablica que ayud\u00f3 a manipular. Y aunque la indignaci\u00f3n en redes pueda durar un par de d\u00edas, lo cierto es que algo se resquebraja. Cuando hasta los focus groups dicen basta, la propaganda empieza a mostrar su desgaste.<\/p>\n","protected":false},"excerpt":{"rendered":"<p>El periodista de LN+ ley\u00f3 una disculpa en vivo luego de haber calificado de \u201cvagos\u201d y \u201ccriminales\u201d a m\u00e9dicos del Hospital Garrahan. Su arrepentimiento dur\u00f3 veinte segundos y parece dictado por el manual del da\u00f1o controlado. La viralizaci\u00f3n del exabrupto contra profesionales de la salud infantil desat\u00f3 un repudio masivo. Incluso dentro de sectores cercanos&#8230;<\/p>\n","protected":false},"author":11,"featured_media":10733,"comment_status":"open","ping_status":"open","sticky":false,"template":"","format":"standard","meta":{"_monsterinsights_skip_tracking":false,"_monsterinsights_sitenote_active":false,"_monsterinsights_sitenote_note":"","_monsterinsights_sitenote_category":0,"footnotes":"","jetpack_publicize_message":"","jetpack_publicize_feature_enabled":true,"jetpack_social_post_already_shared":true,"jetpack_social_options":{"image_generator_settings":{"template":"highway","default_image_id":0,"font":"","enabled":false},"version":2}},"categories":[2],"tags":[],"class_list":["post-10732","post","type-post","status-publish","format-standard","has-post-thumbnail","hentry","category-politica"],"jetpack_publicize_connections":[],"_links":{"self":[{"href":"https:\/\/www.enorsai.com\/noticias\/wp-json\/wp\/v2\/posts\/10732","targetHints":{"allow":["GET"]}}],"collection":[{"href":"https:\/\/www.enorsai.com\/noticias\/wp-json\/wp\/v2\/posts"}],"about":[{"href":"https:\/\/www.enorsai.com\/noticias\/wp-json\/wp\/v2\/types\/post"}],"author":[{"embeddable":true,"href":"https:\/\/www.enorsai.com\/noticias\/wp-json\/wp\/v2\/users\/11"}],"replies":[{"embeddable":true,"href":"https:\/\/www.enorsai.com\/noticias\/wp-json\/wp\/v2\/comments?post=10732"}],"version-history":[{"count":1,"href":"https:\/\/www.enorsai.com\/noticias\/wp-json\/wp\/v2\/posts\/10732\/revisions"}],"predecessor-version":[{"id":10734,"href":"https:\/\/www.enorsai.com\/noticias\/wp-json\/wp\/v2\/posts\/10732\/revisions\/10734"}],"wp:featuredmedia":[{"embeddable":true,"href":"https:\/\/www.enorsai.com\/noticias\/wp-json\/wp\/v2\/media\/10733"}],"wp:attachment":[{"href":"https:\/\/www.enorsai.com\/noticias\/wp-json\/wp\/v2\/media?parent=10732"}],"wp:term":[{"taxonomy":"category","embeddable":true,"href":"https:\/\/www.enorsai.com\/noticias\/wp-json\/wp\/v2\/categories?post=10732"},{"taxonomy":"post_tag","embeddable":true,"href":"https:\/\/www.enorsai.com\/noticias\/wp-json\/wp\/v2\/tags?post=10732"}],"curies":[{"name":"wp","href":"https:\/\/api.w.org\/{rel}","templated":true}]}}