{"id":10718,"date":"2025-11-05T17:42:17","date_gmt":"2025-11-05T20:42:17","guid":{"rendered":"https:\/\/www.enorsai.com\/noticias\/?p=10718"},"modified":"2025-11-05T22:46:19","modified_gmt":"2025-11-06T01:46:19","slug":"de-locos-mercado-libre-ahora-pide-regulaciones-al-estado","status":"publish","type":"post","link":"https:\/\/www.enorsai.com\/noticias\/economia\/de-locos-mercado-libre-ahora-pide-regulaciones-al-estado\/","title":{"rendered":"\u00a1De locos! Mercado Libre ahora pide regulaciones al estado"},"content":{"rendered":"\n<p><strong><em>Juan de la Serna, presidente de Mercado Libre, admiti\u00f3 que la regulaci\u00f3n estatal es esencial para proteger a las pymes y garantizar competencia leal frente a gigantes asi\u00e1ticos. Un mensaje inc\u00f3modo para el dogma libertario de Javier Milei y su cruzada contra \u201cel Estado\u201d.<\/em><\/strong><\/p>\n\n\n\n<p>En una entrevista reciente, el presidente de Mercado Libre, Juan de la Serna, dej\u00f3 en claro algo que el gobierno de Javier Milei parece no entender: que los mercados necesitan reglas. Critic\u00f3 la competencia desleal de productos asi\u00e1ticos de baja calidad, defendi\u00f3 la importancia de un marco regulatorio equitativo y subray\u00f3 que las pymes locales sostienen el 90% del comercio. Parad\u00f3jicamente, fue el empresario m\u00e1s emblem\u00e1tico del capitalismo digital argentino quien termin\u00f3 d\u00e1ndole una lecci\u00f3n de econom\u00eda real al presidente libertario.<\/p>\n\n\n\n<p>Hay momentos en los que el sentido com\u00fan se abre paso incluso entre los defensores m\u00e1s fervientes del libre mercado. Juan de la Serna, presidente de Mercado Libre, uno de los gigantes digitales que Javier Milei suele citar como ejemplo de \u201ccapitalismo exitoso\u201d, acaba de recordarle al propio gobierno libertario algo elemental: sin regulaci\u00f3n, no hay competencia, y sin competencia, no hay mercado.<\/p>\n\n\n\n<p>Durante una entrevista, De la Serna reconoci\u00f3 que las empresas asi\u00e1ticas venden productos de baja calidad, sin control de origen, sin posibilidad de devoluci\u00f3n, sin garant\u00edas ni financiamiento, y que esto pone en jaque a las pymes argentinas que sostienen la econom\u00eda cotidiana. Su diagn\u00f3stico fue lapidario: \u201cel 90% del comercio lo hacen las pymes y los comercios locales\u2026 es muy dif\u00edcil cobrar impuestos a esas empresas chinas, por eso las regulaciones son sumamente importantes\u201d.<\/p>\n\n\n\n<figure class=\"wp-block-embed is-type-rich is-provider-twitter wp-block-embed-twitter\"><div class=\"wp-block-embed__wrapper\">\n<blockquote class=\"twitter-tweet\" data-width=\"550\" data-dnt=\"true\"><p lang=\"es\" dir=\"ltr\">S\u00e9 q me repito, pero cuando digo q el empresariado argentino es lo q SUBDESARROLL\u00d3 Argentina me refiero a \u00e9sto. El presidente de Mercado Libre (\u00a1LIBRE!) pide regulaciones estatales e impuestos para competir contra inversiones del extranjero. \u00c9so son.<br>El drama de la Argentina. <a href=\"https:\/\/t.co\/Ii8vXtyONa\">pic.twitter.com\/Ii8vXtyONa<\/a><\/p>&mdash; Tartu (@TartuTV) <a href=\"https:\/\/twitter.com\/TartuTV\/status\/1986102760694235327?ref_src=twsrc%5Etfw\">November 5, 2025<\/a><\/blockquote><script async src=\"https:\/\/platform.twitter.com\/widgets.js\" charset=\"utf-8\"><\/script>\n<\/div><\/figure>\n\n\n\n<p>Es decir, el presidente de Mercado Libre \u2014s\u00ed, el mismo que dirige una multinacional tecnol\u00f3gica\u2014 acaba de decir lo que los economistas heterodoxos, los sindicatos industriales y hasta las c\u00e1maras de comercio vienen advirtiendo hace a\u00f1os: que la anarqu\u00eda comercial, la apertura sin control y la ausencia de reglas solo benefician a los grandes conglomerados, y destruyen la base productiva nacional.<\/p>\n\n\n\n<p>El mensaje de De la Serna golpea directamente en la l\u00ednea de flotaci\u00f3n del relato libertario. Porque no vino de un funcionario \u201cestatista\u201d ni de un acad\u00e9mico \u201csocialista\u201d, sino del coraz\u00f3n del sector privado. De alguien que entiende que la rentabilidad, sin un entorno ordenado, es insostenible. En otras palabras, De la Serna no pidi\u00f3 subsidios ni proteccionismo, sino algo m\u00e1s elemental: <strong>reglas claras, equidad impositiva y soberan\u00eda econ\u00f3mica frente al dumping extranjero.<\/strong><\/p>\n\n\n\n<p>Y ah\u00ed es donde la iron\u00eda se vuelve evidente. Mientras Javier Milei vocifera contra \u201cla casta estatal\u201d y promete eliminar regulaciones, los propios empresarios \u2014los que deber\u00edan aplaudirlo\u2014 le recuerdan que sin regulaci\u00f3n no hay capitalismo posible. El discurso libertario, basado en la desregulaci\u00f3n total y la fe ciega en \u201cel mercado\u201d, se estrella contra la experiencia de quienes realmente comercian, producen y pagan sueldos en la Argentina.<\/p>\n\n\n\n<p>Mercado Libre, con sus luces y sombras, conoce de cerca la tensi\u00f3n entre lo global y lo local. Su plataforma fue duramente criticada por haber facilitado la entrada de productos importados a precios irrisorios, desplazando a comerciantes argentinos. Pero ahora su propio presidente reconoce que ese modelo, llevado al extremo, erosiona el sistema que le da sustento. De la Serna no habl\u00f3 de ideolog\u00eda: habl\u00f3 de realidad econ\u00f3mica. Y en esa realidad, las pymes no pueden competir con multinacionales que no tributan, no garantizan devoluciones y operan desde para\u00edsos fiscales.<\/p>\n\n\n\n<p>La declaraci\u00f3n tiene adem\u00e1s un componente pol\u00edtico. En momentos en que el gobierno de Milei insiste en reducir el Estado a su m\u00ednima expresi\u00f3n y en abrir la econom\u00eda sin ning\u00fan tipo de filtro, escuchar al presidente de Mercado Libre hablar de \u201cla necesidad de un buen marco regulatorio\u201d es casi un acto de disidencia t\u00e9cnica. Es la confirmaci\u00f3n de que ni siquiera los empresarios m\u00e1s exitosos conf\u00edan en la anarqu\u00eda econ\u00f3mica que propone la ultraderecha libertaria.<\/p>\n\n\n\n<p>Detr\u00e1s de la frase \u201clas regulaciones son sumamente importantes\u201d hay un reconocimiento impl\u00edcito de que <strong>la intervenci\u00f3n estatal no es enemiga del mercado, sino su condici\u00f3n de existencia.<\/strong> Que sin reglas, los poderosos aplastan a los peque\u00f1os. Que el capitalismo, sin l\u00edmites, se convierte en saqueo. Y que la Argentina, con un entramado productivo fr\u00e1gil y dependiente, no puede darse el lujo de ser ingenua frente a las potencias que subsidian, manipulan precios o esquivan impuestos.<\/p>\n\n\n\n<p>El gobierno de Milei, en cambio, repite su dogma de \u201cmano invisible\u201d como si fuera un acto de fe. Pero la mano invisible no paga impuestos, no genera empleo registrado ni defiende la industria local. Lo acaba de decir uno de los empresarios m\u00e1s emblem\u00e1ticos del pa\u00eds. Y es ah\u00ed donde la frase de De la Serna se convierte en una cachetada simb\u00f3lica a la ideolog\u00eda libertaria: <strong>no hay capitalismo sin Estado, no hay competencia sin regulaci\u00f3n y no hay libertad sin justicia econ\u00f3mica.<\/strong><\/p>\n\n\n\n<p>En el fondo, De la Serna no hizo m\u00e1s que decir en voz alta lo que muchos en el sector privado piensan pero no se atreven a admitir p\u00fablicamente: que la desregulaci\u00f3n total es un suicidio productivo. Que los pa\u00edses desarrollados no triunfaron por abrirse sin control, sino por proteger estrat\u00e9gicamente su industria y su empleo. Y que, mientras la Argentina se debate entre dogmas importados y realidades locales, las pymes siguen siendo las que sostienen el 90% del comercio y de los puestos de trabajo.<\/p>\n\n\n\n<p>Parad\u00f3jicamente, fue el presidente de Mercado Libre quien termin\u00f3 d\u00e1ndole una lecci\u00f3n de capitalismo real a los libertarios que lo idealizan. Un capitalismo con reglas, con Estado y con sentido com\u00fan. Uno donde competir no signifique destruir.<\/p>\n","protected":false},"excerpt":{"rendered":"<p>Juan de la Serna, presidente de Mercado Libre, admiti\u00f3 que la regulaci\u00f3n estatal es esencial para proteger a las pymes y garantizar competencia leal frente a gigantes asi\u00e1ticos. Un mensaje inc\u00f3modo para el dogma libertario de Javier Milei y su cruzada contra \u201cel Estado\u201d. En una entrevista reciente, el presidente de Mercado Libre, Juan de&#8230;<\/p>\n","protected":false},"author":1,"featured_media":10719,"comment_status":"open","ping_status":"open","sticky":false,"template":"","format":"standard","meta":{"_monsterinsights_skip_tracking":false,"_monsterinsights_sitenote_active":false,"_monsterinsights_sitenote_note":"","_monsterinsights_sitenote_category":0,"footnotes":"","jetpack_publicize_message":"","jetpack_publicize_feature_enabled":true,"jetpack_social_post_already_shared":true,"jetpack_social_options":{"image_generator_settings":{"template":"highway","default_image_id":0,"font":"","enabled":false},"version":2}},"categories":[3],"tags":[],"class_list":["post-10718","post","type-post","status-publish","format-standard","has-post-thumbnail","hentry","category-economia"],"jetpack_publicize_connections":[],"_links":{"self":[{"href":"https:\/\/www.enorsai.com\/noticias\/wp-json\/wp\/v2\/posts\/10718","targetHints":{"allow":["GET"]}}],"collection":[{"href":"https:\/\/www.enorsai.com\/noticias\/wp-json\/wp\/v2\/posts"}],"about":[{"href":"https:\/\/www.enorsai.com\/noticias\/wp-json\/wp\/v2\/types\/post"}],"author":[{"embeddable":true,"href":"https:\/\/www.enorsai.com\/noticias\/wp-json\/wp\/v2\/users\/1"}],"replies":[{"embeddable":true,"href":"https:\/\/www.enorsai.com\/noticias\/wp-json\/wp\/v2\/comments?post=10718"}],"version-history":[{"count":1,"href":"https:\/\/www.enorsai.com\/noticias\/wp-json\/wp\/v2\/posts\/10718\/revisions"}],"predecessor-version":[{"id":10720,"href":"https:\/\/www.enorsai.com\/noticias\/wp-json\/wp\/v2\/posts\/10718\/revisions\/10720"}],"wp:featuredmedia":[{"embeddable":true,"href":"https:\/\/www.enorsai.com\/noticias\/wp-json\/wp\/v2\/media\/10719"}],"wp:attachment":[{"href":"https:\/\/www.enorsai.com\/noticias\/wp-json\/wp\/v2\/media?parent=10718"}],"wp:term":[{"taxonomy":"category","embeddable":true,"href":"https:\/\/www.enorsai.com\/noticias\/wp-json\/wp\/v2\/categories?post=10718"},{"taxonomy":"post_tag","embeddable":true,"href":"https:\/\/www.enorsai.com\/noticias\/wp-json\/wp\/v2\/tags?post=10718"}],"curies":[{"name":"wp","href":"https:\/\/api.w.org\/{rel}","templated":true}]}}