{"id":10700,"date":"2025-11-05T09:24:09","date_gmt":"2025-11-05T12:24:09","guid":{"rendered":"https:\/\/www.enorsai.com\/noticias\/?p=10700"},"modified":"2025-11-05T09:24:21","modified_gmt":"2025-11-05T12:24:21","slug":"plan-economico-peronismo-modelo-primarizado-anti-inflacion-clase-media","status":"publish","type":"post","link":"https:\/\/www.enorsai.com\/noticias\/politica\/plan-economico-peronismo-modelo-primarizado-anti-inflacion-clase-media\/","title":{"rendered":"\u00bfEl peronismo tiene un plan econ\u00f3mico? Lo debaten Letcher, De Mendiguren y Vanoli"},"content":{"rendered":"\n<p>El debate de fondo que el gobierno Milei silencia: C\u00f3mo romper el \u00abmodelo primarizado\u00bb para darle estabilidad a la clase media sin recurrir al ajuste brutal y las trampas de los d\u00f3lares.<\/p>\n\n\n\n<p>Por: Redacci\u00f3n En Orsai | 5 de Noviembre de 2025 <a href=\"https:\/\/www.youtube.com\/embed\/jc7oRcmVsTA\">https:\/\/www.youtube.com\/embed\/jc7oRcmVsTA<\/a> Video: Hern\u00e1n Letcher, Jos\u00e9 de Mendiguren y Alejandro Vanoli debaten en Cenital la necesidad de un nuevo plan econ\u00f3mico para la oposici\u00f3n.<\/p>\n\n\n\n<p>En un contexto donde el gobierno de Javier Milei insiste en que el \u00fanico problema econ\u00f3mico es el d\u00e9ficit fiscal, el debate en el seno del Campo Nacional y Popular se concentra en el verdadero diagn\u00f3stico que amenaza a la **clase media** argentina: el **modelo primarizado** y su condena a la inestabilidad. Los economistas y referentes debaten si la alternativa a la ultraderecha tiene la capacidad de ofrecer un plan anti-inflaci\u00f3n que no masacre a los trabajadores.<\/p>\n\n\n\n<hr class=\"wp-block-separator has-alpha-channel-opacity\"\/>\n\n\n\n<h2 class=\"wp-block-heading\">El Modelo Primarizado: La verdadera causa del d\u00e9ficit cr\u00f3nico<\/h2>\n\n\n\n<p>El n\u00facleo del problema, seg\u00fan el an\u00e1lisis, no radica en el gasto p\u00fablico sino en la estructura productiva. Jos\u00e9 de Mendiguren, desde una visi\u00f3n desarrollista, afirma: \u00abEl problema central de la Argentina es un **modelo primarizado** que hace imposible que tengas equilibrio fiscal y que tenga justicia social\u00bb (**[00:13:24]**).<\/p>\n\n\n\n<p>Esto se traduce en exportar materias primas (como trigo o litio) a precios bajos e importar bienes industrializados a precios altos, lo que genera un d\u00e9ficit de d\u00f3lares constante y una dependencia estructural. Este desequilibrio, y no el <a href=\"https:\/\/www.pagina12.com.ar\/529759-la-obsesion-del-deficit-cero\" target=\"_blank\" rel=\"noreferrer noopener\">d\u00e9ficit fiscal<\/a> como dogma, es lo que eleva el riesgo de una nueva crisis que siempre impacta a la **clase media** (**[00:26:30]**).<\/p>\n\n\n\n<h2 class=\"wp-block-heading\">Estabilidad Sin Sacrificio: El Desaf\u00edo Pol\u00edtico<\/h2>\n\n\n\n<p>Alejandro Vanoli y Hern\u00e1n Letcher coinciden en que el peronismo debe dejar de ser asociado con la inestabilidad (**[00:12:10]**). Una porci\u00f3n importante del electorado, el **\u00bbflotante\u00bb** (**[00:11:56]**), le dio su voto a Milei por miedo a la explosi\u00f3n econ\u00f3mica del lunes (**[00:18:34]**).<\/p>\n\n\n\n<p>La clave no pasa por buscar un t\u00e9cnico que satisfaga al *establishment*, sino por un debate pol\u00edtico que defina a qui\u00e9n se defender\u00e1 (**[00:07:47]**). Se recuerda que el pragmatismo, incluso con ajustes (como el de Per\u00f3n en el 52), fue viable solo porque no implic\u00f3 \u00abmasacrar a los trabajadores\u00bb (**[00:09:10]**).<\/p>\n\n\n\n<blockquote class=\"wp-block-quote is-layout-flow wp-block-quote-is-layout-flow\">\n<p>\u201cEl peronismo tiene que ser opci\u00f3n para las v\u00edctimas del plan Milei, para los hu\u00e9rfanos del peronismo, no para el establishment que ya tiene a Milei.\u201d<\/p>\n<\/blockquote>\n\n\n\n<h2 class=\"wp-block-heading\">La Agenda Estrat\u00e9gica: \u00bfC\u00f3mo se financia el crecimiento?<\/h2>\n\n\n\n<p>Frente al modelo de la ultraderecha, que se sostiene con endeudamiento y un **d\u00f3lar barato** ficticio, el plan alternativo se centra en el **valor agregado** y una <a href=\"https:\/\/www.enorsai.com.ar\/politica\/42698-el-plan-de-la-oposicion-para-la-industrializacion-del-litio.html\" target=\"_blank\" rel=\"noreferrer noopener\">pol\u00edtica fiscal progresiva<\/a>:<\/p>\n\n\n\n<ul class=\"wp-block-list\">\n<li>**D\u00f3lares Propios vs. RIGI:** La \u00fanica forma de saldar el problema de la escasez de divisas es mejorando las **exportaciones** (**[00:27:33]**). Por eso, se critica duramente el **RIGI** (R\u00e9gimen de Incentivo a las Grandes Inversiones) propuesto por Milei, ya que otorga libre disponibilidad de divisas a las empresas sin exigir valor agregado, condenando al pa\u00eds a ser \u00abinquilino\u00bb de sus propios recursos (**[00:27:44]**).<\/li>\n\n\n\n<li>**Financiamiento Progresivo:** Se propone una **regla fiscal** que, a diferencia de la de Milei, fomente el crecimiento y obtenga ingresos de forma progresiva (**[00:23:23]**). Esto implica **no recortar retenciones a la miner\u00eda** y **cobrar impuestos a los m\u00e1s ricos** para tener margen de acci\u00f3n y no ajustar a los jubilados o la actividad (**[00:23:45]**).<\/li>\n\n\n\n<li>**Propuestas de Desarrollo (Ley por Ley):** La alternativa debe ser concreta, con proyectos como la **Ley de GNL** (Gas Natural Licuado), la **industrializaci\u00f3n del litio** (exportar material activo, no solo carbonato), **electromovilidad** e **industria naval** (**[00:30:33]**).<\/li>\n<\/ul>\n\n\n\n<p>El camino m\u00e1s corto para la dirigencia, concluye el debate, ya no es el de la autocr\u00edtica nula, sino el de ofrecer una utop\u00eda de pa\u00eds con **propuestas concretas** que permitan a la gente \u00abver en su bolsillo cotidiano\u00bb un horizonte de estabilidad sin sacrificar el desarrollo nacional (**[00:28:45], [00:29:08]**).<\/p>\n\n\n\n<p><strong>Temas relacionados:<\/strong> Plan econ\u00f3mico, Peronismo, Neoliberalismo, Inflaci\u00f3n, Clase media, RIGI.<\/p>\n\n\n\n<p><\/p>\n","protected":false},"excerpt":{"rendered":"<p>El debate de fondo que el gobierno Milei silencia: C\u00f3mo romper el \u00abmodelo primarizado\u00bb para darle estabilidad a la clase media sin recurrir al ajuste brutal y las trampas de los d\u00f3lares. Por: Redacci\u00f3n En Orsai | 5 de Noviembre de 2025 https:\/\/www.youtube.com\/embed\/jc7oRcmVsTA Video: Hern\u00e1n Letcher, Jos\u00e9 de Mendiguren y Alejandro Vanoli debaten en Cenital&#8230;<\/p>\n","protected":false},"author":5,"featured_media":10703,"comment_status":"open","ping_status":"open","sticky":false,"template":"","format":"standard","meta":{"_monsterinsights_skip_tracking":false,"_monsterinsights_sitenote_active":false,"_monsterinsights_sitenote_note":"","_monsterinsights_sitenote_category":0,"footnotes":"","jetpack_publicize_message":"","jetpack_publicize_feature_enabled":true,"jetpack_social_post_already_shared":true,"jetpack_social_options":{"image_generator_settings":{"template":"highway","default_image_id":0,"font":"","enabled":false},"version":2}},"categories":[3,2],"tags":[],"class_list":["post-10700","post","type-post","status-publish","format-standard","has-post-thumbnail","hentry","category-economia","category-politica"],"jetpack_publicize_connections":[],"_links":{"self":[{"href":"https:\/\/www.enorsai.com\/noticias\/wp-json\/wp\/v2\/posts\/10700","targetHints":{"allow":["GET"]}}],"collection":[{"href":"https:\/\/www.enorsai.com\/noticias\/wp-json\/wp\/v2\/posts"}],"about":[{"href":"https:\/\/www.enorsai.com\/noticias\/wp-json\/wp\/v2\/types\/post"}],"author":[{"embeddable":true,"href":"https:\/\/www.enorsai.com\/noticias\/wp-json\/wp\/v2\/users\/5"}],"replies":[{"embeddable":true,"href":"https:\/\/www.enorsai.com\/noticias\/wp-json\/wp\/v2\/comments?post=10700"}],"version-history":[{"count":1,"href":"https:\/\/www.enorsai.com\/noticias\/wp-json\/wp\/v2\/posts\/10700\/revisions"}],"predecessor-version":[{"id":10704,"href":"https:\/\/www.enorsai.com\/noticias\/wp-json\/wp\/v2\/posts\/10700\/revisions\/10704"}],"wp:featuredmedia":[{"embeddable":true,"href":"https:\/\/www.enorsai.com\/noticias\/wp-json\/wp\/v2\/media\/10703"}],"wp:attachment":[{"href":"https:\/\/www.enorsai.com\/noticias\/wp-json\/wp\/v2\/media?parent=10700"}],"wp:term":[{"taxonomy":"category","embeddable":true,"href":"https:\/\/www.enorsai.com\/noticias\/wp-json\/wp\/v2\/categories?post=10700"},{"taxonomy":"post_tag","embeddable":true,"href":"https:\/\/www.enorsai.com\/noticias\/wp-json\/wp\/v2\/tags?post=10700"}],"curies":[{"name":"wp","href":"https:\/\/api.w.org\/{rel}","templated":true}]}}