{"id":10692,"date":"2025-11-05T09:15:09","date_gmt":"2025-11-05T12:15:09","guid":{"rendered":"https:\/\/www.enorsai.com\/noticias\/?p=10692"},"modified":"2025-11-05T09:15:26","modified_gmt":"2025-11-05T12:15:26","slug":"la-lucha-dio-resultados-el-garrahan-logra-un-aumento-historico-tras-meses-de-resistencia","status":"publish","type":"post","link":"https:\/\/www.enorsai.com\/noticias\/sociedad\/la-lucha-dio-resultados-el-garrahan-logra-un-aumento-historico-tras-meses-de-resistencia\/","title":{"rendered":"La lucha dio resultados: el Garrahan logra un aumento hist\u00f3rico tras meses de resistencia"},"content":{"rendered":"\n<p>La decisi\u00f3n del Consejo de Administraci\u00f3n del Hospital Garrahan de aprobar un aumento del 61% para todo su personal confirma lo que muchos niegan: que la movilizaci\u00f3n, la presi\u00f3n sindical y la organizaci\u00f3n de base pueden torcer el brazo de las pol\u00edticas de ajuste del gobierno de Javier Milei.<br \/><br \/>Mientras el oficialismo intenta vaciar la salud p\u00fablica y frenar leyes votadas en el Congreso, el personal del Garrahan consigui\u00f3 una victoria ejemplar. Julia Strada, diputada nacional y economista, lo sintetiz\u00f3 con precisi\u00f3n: \u201cSirvi\u00f3 marchar, sirvi\u00f3 insistir, sirvi\u00f3 el sindicalismo\u201d. En tiempos de precarizaci\u00f3n y discursos antisindicales, el triunfo de los trabajadores del hospital pedi\u00e1trico se convierte en un hecho pol\u00edtico de enorme relevancia.<br \/><br \/>No saldr\u00e1 en la tapa de los diarios del establishment, pero es una noticia que marca un precedente en medio del ajuste libertario. El Hospital Garrahan, s\u00edmbolo de la salud p\u00fablica infantil en Argentina, consigui\u00f3 un aumento del 61% en la asignaci\u00f3n b\u00e1sica para todo su personal \u2014planta permanente, contratados, becarios y residentes\u2014. La medida fue aprobada por el Consejo de Administraci\u00f3n del hospital, y es retroactiva a octubre. Seg\u00fan los datos oficiales, el incremento no solo recompone el poder adquisitivo perdido, sino que incluso mejora un 1% en t\u00e9rminos reales respecto a noviembre de 2023.<br \/><br \/>En otras palabras: el Garrahan logr\u00f3 ganarle a la inflaci\u00f3n y al ajuste. Y lo hizo con las herramientas que el gobierno nacional desprecia: movilizaci\u00f3n, sindicalismo y unidad colectiva. Tal como lo expres\u00f3 Julia Strada en su cuenta de X (ex Twitter), \u201cSirvi\u00f3 marchar, hacer reuniones en el Congreso, sacar leyes e insistir aunque las veten\u201d. Es una frase que condensa una lecci\u00f3n pol\u00edtica: cuando la resistencia se organiza, el poder retrocede.<\/p>\n\n\n\n<figure class=\"wp-block-embed is-type-rich is-provider-twitter wp-block-embed-twitter\"><div class=\"wp-block-embed__wrapper\">\n<blockquote class=\"twitter-tweet\" data-width=\"550\" data-dnt=\"true\"><p lang=\"es\" dir=\"ltr\">No saldr\u00e1 ma\u00f1ana en las principales noticias con este t\u00edtulo, pero es el que corresponde: LA LUCHA POR EL GARRAHAN Y SUS M\u00c9DICOS\/AS Y RESIDENTES\/AS Y TODO EL EQUIPO DE SALUD, SIRVI\u00d3. <br>Sirvi\u00f3 marchar, hacer reuniones en el Congreso, sacar leyes, insistirlas aunque las veten.\u2026 <a href=\"https:\/\/t.co\/YTgoRzU8Cp\">pic.twitter.com\/YTgoRzU8Cp<\/a><\/p>&mdash; Julia Strada (@Juli_Strada) <a href=\"https:\/\/twitter.com\/Juli_Strada\/status\/1985898421048242367?ref_src=twsrc%5Etfw\">November 5, 2025<\/a><\/blockquote><script async src=\"https:\/\/platform.twitter.com\/widgets.js\" charset=\"utf-8\"><\/script>\n<\/div><\/figure>\n\n\n\n<p>Durante meses, los trabajadores del Garrahan \u2014m\u00e9dicos, enfermeros, residentes, administrativos\u2014 protagonizaron asambleas, movilizaciones y conferencias de prensa para denunciar el congelamiento salarial y la falta de presupuesto para insumos b\u00e1sicos. En paralelo, el Congreso aprob\u00f3 la Ley de Salud Pedi\u00e1trica, un proyecto que ampliaba derechos y financiamiento, pero que fue suspendido de manera inconstitucional por el presidente Javier Milei. La paradoja es evidente: mientras el Ejecutivo intentaba paralizar los avances legislativos en materia sanitaria, la lucha de base logr\u00f3 lo que la gesti\u00f3n neg\u00f3.<br \/><br \/>En ese contexto, la decisi\u00f3n del Consejo del Garrahan adquiere un car\u00e1cter pol\u00edtico. No se trata solo de un aumento salarial: es una respuesta institucional frente a un clima de hostigamiento hacia la salud p\u00fablica. En la narrativa oficial, los m\u00e9dicos y enfermeros son presentados como \u201cprivilegiados\u201d por reclamar mejoras, los sindicatos como \u201cpar\u00e1sitos\u201d, y las leyes sociales como \u201cgasto innecesario\u201d. Pero la realidad desmiente ese relato. Cuando los sueldos no alcanzan para vivir, cuando los hospitales se vac\u00edan de profesionales y los ni\u00f1os quedan sin atenci\u00f3n adecuada, el problema no es el gasto: es el abandono estatal.<br \/><br \/>El caso del Garrahan se vuelve paradigm\u00e1tico porque demuestra que la organizaci\u00f3n colectiva no solo defiende derechos: los conquista. En un pa\u00eds donde el gobierno nacional promueve la desregulaci\u00f3n laboral, intenta desmantelar el sistema cient\u00edfico y desprecia la funci\u00f3n p\u00fablica, la victoria de un hospital p\u00fablico autogestionado y con fuerte participaci\u00f3n sindical es una grieta luminosa en el discurso neoliberal.<br \/><br \/>El aumento, adem\u00e1s, tiene un valor simb\u00f3lico profundo. Cada porcentaje representa horas de guardia, noches sin dormir, terapias intensivas sostenidas con recursos m\u00ednimos. Es una reparaci\u00f3n, aunque parcial, frente al desprecio con el que desde la Casa Rosada se habla de los trabajadores del Estado. Y es tambi\u00e9n una advertencia para el resto del sistema sanitario: la resistencia organizada puede frenar el ajuste.<br \/><br \/>Julia Strada, directora del Centro de Econom\u00eda Pol\u00edtica Argentina (CEPA), lo expres\u00f3 con claridad en su posteo: \u201cTambi\u00e9n sirve el sindicalismo y la organizaci\u00f3n colectiva de base. Para los distra\u00eddos.\u201d La frase apunta directamente al coraz\u00f3n del discurso libertario, ese que busca convencer a la sociedad de que la defensa individual es superior a la solidaridad. El Garrahan acaba de demostrar lo contrario: que la comunidad, cuando se une, puede m\u00e1s que cualquier decreto presidencial.<br \/><br \/>Mientras tanto, la disputa contin\u00faa. Strada record\u00f3 que sigue pendiente el financiamiento integral de la Ley de Salud Pedi\u00e1trica, suspendida de forma inconstitucional por el gobierno. Es decir, la lucha no termina con este aumento: apenas se abre una nueva etapa para exigir el cumplimiento total de una ley votada democr\u00e1ticamente y desconocida por decreto.<br \/><br \/>Este episodio deja una ense\u00f1anza que trasciende el \u00e1mbito hospitalario. En tiempos en que se intenta vaciar el Estado, demonizar los sindicatos y reducir la pol\u00edtica a marketing libertario, el caso Garrahan reintroduce una verdad inc\u00f3moda: sin organizaci\u00f3n, no hay derechos; sin lucha, no hay conquistas. No fue un favor del gobierno ni una concesi\u00f3n t\u00e9cnica: fue una victoria colectiva.<br \/><br \/>Por eso, aunque no aparezca en las portadas de los grandes medios, este aumento es una noticia de primer orden. Porque desmiente el mito del ajuste inevitable, recupera el sentido del esfuerzo colectivo y reinstala una palabra que el poder quisiera borrar: solidaridad.<br \/>El Garrahan, con su historia, su personal y su lucha, volvi\u00f3 a recordarle al pa\u00eds que defender lo p\u00fablico no es un acto nost\u00e1lgico, sino profundamente contempor\u00e1neo.<br \/><br \/>Fuente:<\/p>\n\n\n\n<p>.https:\/\/x.com\/Juli_Strada\/status\/1985898421048242367?t=KOvEfr7nbh8Mcap-6iW2og&amp;s=19<\/p>\n","protected":false},"excerpt":{"rendered":"<p>La decisi\u00f3n del Consejo de Administraci\u00f3n del Hospital Garrahan de aprobar un aumento del 61% para todo su personal confirma lo que muchos niegan: que la movilizaci\u00f3n, la presi\u00f3n sindical y la organizaci\u00f3n de base pueden torcer el brazo de las pol\u00edticas de ajuste del gobierno de Javier Milei. Mientras el oficialismo intenta vaciar la&#8230;<\/p>\n","protected":false},"author":1,"featured_media":10697,"comment_status":"open","ping_status":"open","sticky":false,"template":"","format":"standard","meta":{"_monsterinsights_skip_tracking":false,"_monsterinsights_sitenote_active":false,"_monsterinsights_sitenote_note":"","_monsterinsights_sitenote_category":0,"footnotes":"","jetpack_publicize_message":"","jetpack_publicize_feature_enabled":true,"jetpack_social_post_already_shared":true,"jetpack_social_options":{"image_generator_settings":{"template":"highway","default_image_id":0,"font":"","enabled":false},"version":2}},"categories":[3948,4,3946],"tags":[],"class_list":["post-10692","post","type-post","status-publish","format-standard","has-post-thumbnail","hentry","category-salud","category-sociedad","category-trabajo"],"jetpack_publicize_connections":[],"_links":{"self":[{"href":"https:\/\/www.enorsai.com\/noticias\/wp-json\/wp\/v2\/posts\/10692","targetHints":{"allow":["GET"]}}],"collection":[{"href":"https:\/\/www.enorsai.com\/noticias\/wp-json\/wp\/v2\/posts"}],"about":[{"href":"https:\/\/www.enorsai.com\/noticias\/wp-json\/wp\/v2\/types\/post"}],"author":[{"embeddable":true,"href":"https:\/\/www.enorsai.com\/noticias\/wp-json\/wp\/v2\/users\/1"}],"replies":[{"embeddable":true,"href":"https:\/\/www.enorsai.com\/noticias\/wp-json\/wp\/v2\/comments?post=10692"}],"version-history":[{"count":1,"href":"https:\/\/www.enorsai.com\/noticias\/wp-json\/wp\/v2\/posts\/10692\/revisions"}],"predecessor-version":[{"id":10702,"href":"https:\/\/www.enorsai.com\/noticias\/wp-json\/wp\/v2\/posts\/10692\/revisions\/10702"}],"wp:featuredmedia":[{"embeddable":true,"href":"https:\/\/www.enorsai.com\/noticias\/wp-json\/wp\/v2\/media\/10697"}],"wp:attachment":[{"href":"https:\/\/www.enorsai.com\/noticias\/wp-json\/wp\/v2\/media?parent=10692"}],"wp:term":[{"taxonomy":"category","embeddable":true,"href":"https:\/\/www.enorsai.com\/noticias\/wp-json\/wp\/v2\/categories?post=10692"},{"taxonomy":"post_tag","embeddable":true,"href":"https:\/\/www.enorsai.com\/noticias\/wp-json\/wp\/v2\/tags?post=10692"}],"curies":[{"name":"wp","href":"https:\/\/api.w.org\/{rel}","templated":true}]}}