{"id":10689,"date":"2025-11-05T08:08:44","date_gmt":"2025-11-05T11:08:44","guid":{"rendered":"https:\/\/www.enorsai.com\/noticias\/?p=10689"},"modified":"2025-11-05T08:08:50","modified_gmt":"2025-11-05T11:08:50","slug":"nueva-geometria-poder-milei-humillacion-macri-ajuste-provincias","status":"publish","type":"post","link":"https:\/\/www.enorsai.com\/noticias\/politica\/nueva-geometria-poder-milei-humillacion-macri-ajuste-provincias\/","title":{"rendered":"La &#8216;Nueva Geometr\u00eda de Poder&#8217; de Milei: Humillaci\u00f3n a Macri, Super\u00e1vit a Costa de las Provincias y la Trampa de los D\u00f3lares"},"content":{"rendered":"\n<p>An\u00e1lisis del quiebre en el \u00abtri\u00e1ngulo de hierro\u00bb libertario. Ib\u00e1\u00f1ez y Zaiat desmenuzan las estrategias de sometimiento pol\u00edtico, la centralidad de Karina y el dogma fiscal que amenaza la gobernabilidad.<\/p>\n\n\n\n<p>Por: Redacci\u00f3n En Orsai | 5 de Noviembre de 2025 <a href=\"https:\/\/www.youtube.com\/embed\/Fcp7HayCD3M \">https:\/\/www.youtube.com\/embed\/Fcp7HayCD3M <\/a>Video: An\u00e1lisis de Pablo Ib\u00e1\u00f1ez y Alfredo Zaiat sobre el nuevo esquema de poder en el Gobierno de Milei.<\/p>\n\n\n\n<p>El gobierno de Javier Milei atraviesa una reconfiguraci\u00f3n interna que, lejos de ser un signo de madurez pol\u00edtica, evidencia un profundo ejercicio de poder basado en la <strong>humillaci\u00f3n a aliados<\/strong> y el sostenimiento de un <strong>dogma econ\u00f3mico<\/strong> que asfixia a las provincias. El periodista Pablo Ib\u00e1\u00f1ez y el economista Alfredo Zaiat desmantelan en este episodio de \u00abMano a Mano\u00bb (Truco Gallo TV) la supuesta \u00abnueva geometr\u00eda de poder\u00bb libertaria, donde la hermana presidencial, Karina Milei, consolida su posici\u00f3n a expensas de referentes como Mauricio Macri y los gobernadores.<\/p>\n\n\n\n<hr class=\"wp-block-separator has-alpha-channel-opacity\"\/>\n\n\n\n<h2 class=\"wp-block-heading\">Karina, el Factor de Poder y la Ca\u00edda de los \u00abHombres Fuertes\u00bb<\/h2>\n\n\n\n<p>El an\u00e1lisis arranca con la disoluci\u00f3n del autodenominado \u00abtri\u00e1ngulo de hierro\u00bb que sostuvo la campa\u00f1a libertaria. Seg\u00fan Ib\u00e1\u00f1ez, el resultado electoral, aunque menor al esperado inicialmente, fue capitalizado por <strong>Karina Milei<\/strong> para demostrar la validez de su praxis pol\u00edtica, pese a las objeciones internas. El costo fue la salida de figuras como Guillermo Francos, quien fue \u00absometido y humillado\u00bb al enterarse de su remoci\u00f3n por la prensa. La misma estrategia se aplica al expresidente Macri.<\/p>\n\n\n\n<blockquote class=\"wp-block-quote is-layout-flow wp-block-quote-is-layout-flow\">\n<p>\u00abNo lo fue con los propios, no lo es, no se lo est\u00e1 demostrando a Macri&#8230; Los propios con los propios fue absolutamente brutal. Por ejemplo, con Francos. No merec\u00eda la salida que tuvo&#8230; En ese caso tambi\u00e9n tiene estrategias de <strong>sometimiento y de humillaci\u00f3n<\/strong> a quien \u00e9l considera d\u00e9bil.\u00bb &#8211; Pablo Ib\u00e1\u00f1ez.<\/p>\n<\/blockquote>\n\n\n\n<p>En este marco, la relaci\u00f3n con el **PRO** (que desde 2015 se ha caracterizado por su enfoque <a href=\"https:\/\/www.pagina12.com.ar\/778929-argentina-en-el-laberinto-del-neoliberalismo\" target=\"_blank\" rel=\"noreferrer noopener\">neoliberal<\/a>) se reconfigura bajo la subordinaci\u00f3n total. Macri, con capacidad de da\u00f1o y peso pol\u00edtico, asiste a reuniones donde su interlocutor principal, Francos, es desplazado en su cara. La *nueva geometr\u00eda del poder* se asemeja a un **tri\u00e1ngulo is\u00f3sceles**, donde Santiago Caputo y el ala pol\u00edtica quedan relegados por el poder de la hermana y la obsesi\u00f3n del Presidente.<\/p>\n\n\n\n<h2 class=\"wp-block-heading\">El Dogma Fiscal: Ajuste Brutal a las Provincias y el Riesgo Social<\/h2>\n\n\n\n<p>La clave del modelo Milei, bajo su visi\u00f3n econ\u00f3mica dogm\u00e1tica, es el **super\u00e1vit fiscal**. Alfredo Zaiat advierte que esta obsesi\u00f3n es el \u00fanico ancla que ha sobrevivido a todos los momentos pol\u00edticos, pero es a la vez el principal factor de inestabilidad. El Gobierno utiliza dos t\u00e1cticas perversas contra los territorios:<\/p>\n\n\n\n<ol class=\"wp-block-list\">\n<li><strong>La Macro como Amenaza:<\/strong> El mensaje a los gobernadores es \u00abyo te ordeno la macro, te bajo el riesgo pa\u00eds (a 500), y vos ajust\u00e1s al extremo o sal\u00eds a endeudarte, resolvelo vos. Yo no te doy guita m\u00eda\u00bb.<\/li>\n\n\n\n<li><strong>Exclusi\u00f3n a la Provincia de Buenos Aires:<\/strong> La estrategia de negociar por **acuerdos bilaterales o multilaterales excluyendo al principal distrito** (que recibe el 25% de la coparticipaci\u00f3n) busca castigar al peronismo de Kicillof y tener una \u00abcaja\u00bb para repartir discrecionalmente.<\/li>\n<\/ol>\n\n\n\n<p>Este castigo territorial tiene un l\u00edmite ineludible: \u00abSi estalla el <strong>Conurbano<\/strong>, llega a Casa Rosada en medio. La regla es la regla hist\u00f3rica\u00bb, subraya Ib\u00e1\u00f1ez. La supervivencia de los **poderes territoriales** se ver\u00e1 comprometida si la <a href=\"https:\/\/www.enorsai.com.ar\/economia\/42692-feletti-fulmina-el-modelo-milei--argentina-esta-en-una-situacion-de-inviabilidad.html\" target=\"_blank\" rel=\"noreferrer noopener\">recesi\u00f3n<\/a> afecta el pago de sueldos y aguinaldos a fin de a\u00f1o.<\/p>\n\n\n\n<h2 class=\"wp-block-heading\">La Trampa del Ajuste Neoliberal: D\u00e9ficit de D\u00f3lares y Riesgo Pa\u00eds<\/h2>\n\n\n\n<p>El economista Alfredo Zaiat retoma el an\u00e1lisis desde el plano de las finanzas, exponiendo la trampa ideol\u00f3gica del modelo neoliberal: el dogma del equilibrio fiscal choca con la necesidad de acumular reservas y bajar el riesgo pa\u00eds para acceder al cr\u00e9dito externo.<\/p>\n\n\n\n<blockquote class=\"wp-block-quote is-layout-flow wp-block-quote-is-layout-flow\">\n<p>\u00abSi no compra reservas, no va a bajar el riesgo pa\u00eds, entonces los gobernadores no van a poder ir a colocar deudas. Pero \u00bfpor qu\u00e9 no compra reservas? Porque tiene un <strong>fundamentalismo ideol\u00f3gico<\/strong> que dice que si compra reservas va a emitir plata dinero, y si emite dinero va a subir la inflaci\u00f3n.\u00bb &#8211; Alfredo Zaiat.<\/p>\n<\/blockquote>\n\n\n\n<p>El Gobierno se refugia en la supuesta activaci\u00f3n del **swap chino**, pero esto solo genera mayor desconfianza en los mercados, ya que revela la fragilidad de la liquidez. El panorama, seg\u00fan Zaiat, es un **\u00bbmodelo econ\u00f3mico, un plan econ\u00f3mico que es un barril sin fondo de d\u00f3lares\u00bb**, una responsabilidad exclusiva de la gesti\u00f3n Milei. La falta de d\u00f3lares, que el **FMI** y **Estados Unidos** no parecen dispuestos a facilitar sin una <a href=\"https:\/\/www.enorsai.com.ar\/economia\/42806-backlinks-de-calidad-para-medios-serios--como-el-periodismo-critico-potencia-el-seo-y-la-autoridad-de-enorsaicomar.html\" target=\"_blank\" rel=\"noreferrer noopener\">mayor p\u00e9rdida de soberan\u00eda<\/a>, deja a la econom\u00eda en una \u00absituaci\u00f3n de inviabilidad\u00bb.<\/p>\n\n\n\n<p>El relato de los \u00abmil a\u00f1os de Milei\u00bb ignora la volatilidad del poder y el costo social y pol\u00edtico de un ajuste que, al no ser \u00abmagn\u00e1nimo en la victoria\u00bb, condena la gobernabilidad a una tensi\u00f3n permanente, beneficiando solo al c\u00edrculo de poder m\u00e1s \u00edntimo del Presidente.<\/p>\n","protected":false},"excerpt":{"rendered":"<p>An\u00e1lisis del quiebre en el \u00abtri\u00e1ngulo de hierro\u00bb libertario. Ib\u00e1\u00f1ez y Zaiat desmenuzan las estrategias de sometimiento pol\u00edtico, la centralidad de Karina y el dogma fiscal que amenaza la gobernabilidad. Por: Redacci\u00f3n En Orsai | 5 de Noviembre de 2025 https:\/\/www.youtube.com\/embed\/Fcp7HayCD3M Video: An\u00e1lisis de Pablo Ib\u00e1\u00f1ez y Alfredo Zaiat sobre el nuevo esquema de poder&#8230;<\/p>\n","protected":false},"author":5,"featured_media":10690,"comment_status":"open","ping_status":"open","sticky":false,"template":"","format":"standard","meta":{"_monsterinsights_skip_tracking":false,"_monsterinsights_sitenote_active":false,"_monsterinsights_sitenote_note":"","_monsterinsights_sitenote_category":0,"footnotes":"","jetpack_publicize_message":"","jetpack_publicize_feature_enabled":true,"jetpack_social_post_already_shared":true,"jetpack_social_options":{"image_generator_settings":{"template":"highway","default_image_id":0,"font":"","enabled":false},"version":2}},"categories":[3,2],"tags":[106,516,463,196],"class_list":["post-10689","post","type-post","status-publish","format-standard","has-post-thumbnail","hentry","category-economia","category-politica","tag-javier-milei","tag-mauricio-macri","tag-neoliberalismo","tag-politica-argentina"],"jetpack_publicize_connections":[],"_links":{"self":[{"href":"https:\/\/www.enorsai.com\/noticias\/wp-json\/wp\/v2\/posts\/10689","targetHints":{"allow":["GET"]}}],"collection":[{"href":"https:\/\/www.enorsai.com\/noticias\/wp-json\/wp\/v2\/posts"}],"about":[{"href":"https:\/\/www.enorsai.com\/noticias\/wp-json\/wp\/v2\/types\/post"}],"author":[{"embeddable":true,"href":"https:\/\/www.enorsai.com\/noticias\/wp-json\/wp\/v2\/users\/5"}],"replies":[{"embeddable":true,"href":"https:\/\/www.enorsai.com\/noticias\/wp-json\/wp\/v2\/comments?post=10689"}],"version-history":[{"count":1,"href":"https:\/\/www.enorsai.com\/noticias\/wp-json\/wp\/v2\/posts\/10689\/revisions"}],"predecessor-version":[{"id":10691,"href":"https:\/\/www.enorsai.com\/noticias\/wp-json\/wp\/v2\/posts\/10689\/revisions\/10691"}],"wp:featuredmedia":[{"embeddable":true,"href":"https:\/\/www.enorsai.com\/noticias\/wp-json\/wp\/v2\/media\/10690"}],"wp:attachment":[{"href":"https:\/\/www.enorsai.com\/noticias\/wp-json\/wp\/v2\/media?parent=10689"}],"wp:term":[{"taxonomy":"category","embeddable":true,"href":"https:\/\/www.enorsai.com\/noticias\/wp-json\/wp\/v2\/categories?post=10689"},{"taxonomy":"post_tag","embeddable":true,"href":"https:\/\/www.enorsai.com\/noticias\/wp-json\/wp\/v2\/tags?post=10689"}],"curies":[{"name":"wp","href":"https:\/\/api.w.org\/{rel}","templated":true}]}}