{"id":10672,"date":"2025-11-05T05:38:15","date_gmt":"2025-11-05T08:38:15","guid":{"rendered":"https:\/\/www.enorsai.com\/noticias\/?p=10672"},"modified":"2025-11-05T05:38:22","modified_gmt":"2025-11-05T08:38:22","slug":"de-la-motosierra-al-fusil-el-gobierno-de-milei-legaliza-armas-semiautomaticas-para-civiles","status":"publish","type":"post","link":"https:\/\/www.enorsai.com\/noticias\/politica\/de-la-motosierra-al-fusil-el-gobierno-de-milei-legaliza-armas-semiautomaticas-para-civiles\/","title":{"rendered":"De la motosierra al fusil: el gobierno de Milei legaliza armas semiautom\u00e1ticas para civiles"},"content":{"rendered":"\n<p><strong><em>Mientras la pobreza y el desempleo golpean con fuerza, el gobierno de Javier Milei autoriza la compra y tenencia de fusiles semiautom\u00e1ticos para civiles, derogando una prohibici\u00f3n vigente desde 1995. La medida, defendida por el RENAR como \u201ctrazabilidad y control\u201d, abre una nueva grieta entre el discurso libertario de libertad individual y el riesgo de una sociedad cada vez m\u00e1s armada y desprotegida.<\/em><\/strong><\/p>\n\n\n\n<p>El 4 de noviembre de 2025 el Bolet\u00edn Oficial public\u00f3 la Resoluci\u00f3n 37\/2025 del RENAR, que permite a leg\u00edtimos usuarios civiles acceder a fusiles semiautom\u00e1ticos bajo un r\u00e9gimen \u201cde uso deportivo\u201d. Sin embargo, la decisi\u00f3n se da en un contexto de pobreza creciente, inseguridad y tensiones sociales que transforman esta autorizaci\u00f3n en una bomba de tiempo pol\u00edtica y cultural.<\/p>\n\n\n\n<p>Argentina amaneci\u00f3 con una noticia que parece sacada de otro pa\u00eds o de otra \u00e9poca. En un momento en que millones hacen malabares para comer, el gobierno de Javier Milei decidi\u00f3 habilitar la compra y tenencia de fusiles semiautom\u00e1ticos para civiles. No cualquier civil, claro: s\u00f3lo \u201cleg\u00edtimos usuarios deportivos\u201d, seg\u00fan la letra fr\u00eda de la Resoluci\u00f3n 37\/2025 del RENAR. Pero el mensaje pol\u00edtico, el gesto simb\u00f3lico, es brutal. Mientras la mesa est\u00e1 vac\u00eda, el Estado pone sobre ella un arma.<\/p>\n\n\n\n<p>La norma, publicada el 4 de noviembre en el Bolet\u00edn Oficial, autoriza a usuarios registrados con al menos cinco a\u00f1os de antig\u00fcedad a adquirir y guardar armas semiautom\u00e1ticas derivadas de modelos militares, como el AR-15, el BAR-15 o el legendario FAL en versi\u00f3n civil. Hasta ahora, esa posibilidad estaba vedada por el Decreto 64\/1995 de la era Menem, que prohib\u00eda expresamente la tenencia de este tipo de fusiles para civiles. Milei lo derog\u00f3 en junio de 2025 mediante el Decreto 397\/2025 y complet\u00f3 el esquema con esta resoluci\u00f3n del RENAR.<\/p>\n\n\n\n<p>El argumento oficial es que no se trata de \u201cliberar las armas\u201d, sino de \u201crecuperar la trazabilidad\u201d. En palabras de Juan Pablo Allan, director del organismo, el objetivo ser\u00eda \u201csacar del circuito ilegal las armas que estaban fuera del control estatal\u201d y permitir que los leg\u00edtimos usuarios deportivos puedan regularizar su situaci\u00f3n. Una frase impecable desde lo t\u00e9cnico, pero profundamente c\u00ednica si se la coloca en el contexto de un pa\u00eds con pobreza estructural, desempleo y violencia cotidiana.<\/p>\n\n\n\n<figure class=\"wp-block-embed is-type-rich is-provider-twitter wp-block-embed-twitter\"><div class=\"wp-block-embed__wrapper\">\n<blockquote class=\"twitter-tweet\" data-width=\"550\" data-dnt=\"true\"><p lang=\"es\" dir=\"ltr\">El Gobierno habilit\u00f3 la compra y tenencia de fusiles semiautom\u00e1ticos para civiles.<br>Milei derog\u00f3 el decreto que lo prohib\u00eda y el RENAR ya estableci\u00f3 un nuevo mecanismo para acceder a este armamento.<br>Un pa\u00eds en crisis, con m\u00e1s hambre y desempleo, pero con m\u00e1s armas en la calle. <a href=\"https:\/\/t.co\/T3y6cWxwnN\">pic.twitter.com\/T3y6cWxwnN<\/a><\/p>&mdash; El Prensero (@El_Prensero) <a href=\"https:\/\/twitter.com\/El_Prensero\/status\/1985896483812508092?ref_src=twsrc%5Etfw\">November 5, 2025<\/a><\/blockquote><script async src=\"https:\/\/platform.twitter.com\/widgets.js\" charset=\"utf-8\"><\/script>\n<\/div><\/figure>\n\n\n\n<p>Porque, m\u00e1s all\u00e1 de la letra del decreto, lo que cambia es el paradigma: de la prohibici\u00f3n a la autorizaci\u00f3n. Donde antes el Estado dec\u00eda \u201cno\u201d, ahora dice \u201cbajo ciertas condiciones, s\u00ed\u201d. Y cuando el Estado da un paso atr\u00e1s en materia de control de armas, la historia ense\u00f1a que el vac\u00edo lo llena el mercado, no la responsabilidad.<\/p>\n\n\n\n<p>El nuevo RENAR \u2014que reemplaz\u00f3 a la ex-ANMaC tras el Decreto 445\/2025 bajo el pretexto de \u201cdespolitizar los tr\u00e1mites\u201d\u2014 concentra hoy la fiscalizaci\u00f3n de la Ley 20.429 de Armas y Explosivos. El discurso oficialista es casi una pieza de marketing libertario: menos burocracia, m\u00e1s derechos individuales, m\u00e1s libertad. Pero detr\u00e1s de esa ret\u00f3rica se oculta un modelo donde la seguridad se privatiza, el Estado se desentiende y cada ciudadano es empujado a resolver su miedo con un arma en la mano.<\/p>\n\n\n\n<p>Los requisitos t\u00e9cnicos parecen estrictos: cinco a\u00f1os de antig\u00fcedad como usuario leg\u00edtimo, comprobaci\u00f3n de uso deportivo, aval de entidades de tiro reconocidas, guarda segura tipo G2, ausencia de antecedentes. Pero cualquiera que conozca la historia reciente sabe c\u00f3mo se flexibilizan los controles cuando la ideolog\u00eda dominante promueve el \u201cs\u00e1lvese quien pueda\u201d. Argentina ya vivi\u00f3 los efectos de la desregulaci\u00f3n en los noventa: armas en manos equivocadas, robos a arsenales, femicidios, cr\u00edmenes pasionales con fusiles de colecci\u00f3n, polic\u00edas y exmilitares vendiendo piezas al mejor postor.<\/p>\n\n\n\n<p>Esta vez, el escenario es peor: inflaci\u00f3n, pobreza, y un clima social cargado de frustraci\u00f3n y violencia. En ese contexto, habilitar la compra de fusiles semiautom\u00e1ticos equivale a encender una mecha.<\/p>\n\n\n\n<p>La iron\u00eda es insoportable. Un gobierno que no logra garantizar la leche en los comedores, s\u00ed logra garantizar el acceso a un fusil AR-15. Un Estado que ajusta en salud, educaci\u00f3n y jubilaciones, pero abre una ventanilla para comprar armas \u201cde uso deportivo\u201d. Todo, mientras los discursos oficiales repiten que \u201cno hay plata\u201d. Parece que para balas, siempre hay.<\/p>\n\n\n\n<p>En redes sociales, la medida provoc\u00f3 reacciones inmediatas. El posteo del usuario @El_Prensero \u2014\u201cUn pa\u00eds en crisis, con m\u00e1s hambre y desempleo, pero con m\u00e1s armas en la calle\u201d\u2014 condens\u00f3 la sensaci\u00f3n generalizada de estupor. Cr\u00edticos como @juanenriqueUBA y @GabyLevinas lo se\u00f1alaron como una \u201ctragedia anunciada\u201d. Del otro lado, el n\u00facleo duro libertario celebr\u00f3 el anuncio como una victoria ideol\u00f3gica. \u201cFin del modelo restrictivo, inicio de la seguridad individual\u201d, festej\u00f3 el portal La Derecha Diario.<\/p>\n\n\n\n<p>Pero la trampa est\u00e1 en las palabras. No se trata de \u201cseguridad individual\u201d, sino de transferencia de responsabilidad. El Estado abandona la noci\u00f3n de seguridad p\u00fablica y la reemplaza por una l\u00f3gica de autodefensa mercantil: el que pueda comprar, que se proteja. El que no, que rece. Una doctrina peligrosa en cualquier pa\u00eds, pero suicida en uno con \u00edndices de violencia dom\u00e9stica y delictiva tan altos como los de la Argentina actual.<\/p>\n\n\n\n<p>La ministra de Seguridad, Patricia Bullrich, ya hab\u00eda anticipado esta orientaci\u00f3n en junio, cuando defendi\u00f3 la derogaci\u00f3n del decreto menemista. \u201cLos ciudadanos tienen derecho a defenderse\u201d, dijo, invocando una frase que suena razonable pero encierra un abismo. \u00bfDefenderse de qui\u00e9n? \u00bfDe un Estado ausente, de un vecino desesperado, de un sistema que empuja a la violencia como \u00faltimo recurso? En un pa\u00eds donde la desigualdad se multiplica, cada fusil nuevo no representa libertad, sino miedo.<\/p>\n\n\n\n<p>Desde el punto de vista jur\u00eddico, la Resoluci\u00f3n 37\/2025 deroga varias disposiciones anteriores (81\/02, 54\/04, entre otras) y establece un procedimiento unificado. En la pr\u00e1ctica, simplifica la adquisici\u00f3n para quienes ya est\u00e1n en el sistema, eliminando obst\u00e1culos y tiempos de espera. Lo parad\u00f3jico es que el mismo gobierno que recorta personal en \u00e1reas esenciales del Estado, ahora ampl\u00eda una estructura para gestionar m\u00e1s permisos de armas.<\/p>\n\n\n\n<p>En declaraciones a <em>El Estrat\u00e9gico<\/em>, el propio Allan sostuvo que \u201cla resoluci\u00f3n busca evitar que las armas caigan en manos de delincuentes\u201d. Pero la experiencia internacional demuestra que cada apertura de este tipo termina derivando en filtraciones. En Estados Unidos, donde el modelo de libre tenencia inspir\u00f3 a Milei, los tiroteos masivos se convirtieron en epidemia social. Y no es casual que las mismas corrientes ideol\u00f3gicas que promueven el desmantelamiento del Estado tambi\u00e9n promuevan la autodefensa armada: son dos caras de la misma moneda neoliberal.<\/p>\n\n\n\n<p>El argumento de \u201cuso deportivo\u201d tampoco resiste mucho an\u00e1lisis. \u00bfCu\u00e1ntos tiradores deportivos necesitan un AR-15? \u00bfCu\u00e1ntas competencias nacionales requieren un fusil semiautom\u00e1tico de calibre militar? La respuesta es obvia: el deporte es apenas una excusa legal para abrir una puerta pol\u00edtica. Una vez abierta, nadie sabe hasta d\u00f3nde puede llegar.<\/p>\n\n\n\n<p>A fines pr\u00e1cticos, la resoluci\u00f3n convierte a Argentina en uno de los pocos pa\u00edses de la regi\u00f3n que permite el acceso civil a fusiles semiautom\u00e1ticos, algo que ni Brasil con Bolsonaro logr\u00f3 formalizar plenamente. Y lo hace justo cuando la violencia social escala, los femicidios se multiplican y las fuerzas de seguridad atraviesan crisis internas.<\/p>\n\n\n\n<p>No es exagerado pensar que esta medida, lejos de ser t\u00e9cnica o administrativa, forma parte de una estrategia ideol\u00f3gica. Milei y su gabinete buscan consolidar un relato: el del ciudadano armado frente al Estado \u201ccoercitivo\u201d. Una fantas\u00eda libertaria que se vende como empoderamiento, pero que en realidad es abandono. El Estado se desentiende de la seguridad, entrega la herramienta y dice \u201carregl\u00e1telas\u201d.<\/p>\n\n\n\n<p>El problema es que las armas no se usan en el vac\u00edo. Circulan en una sociedad real, con conflictos reales, con desigualdades reales. Y una sociedad armada no es m\u00e1s libre, es m\u00e1s fr\u00e1gil.<\/p>\n\n\n\n<p>La iron\u00eda final la ofrece la econom\u00eda. Mientras el Banco Central pelea por mantener las reservas, el RENAR publica un formulario para comprar fusiles. Mientras los trabajadores discuten si podr\u00e1n pagar el alquiler, el gobierno discute calibres. Mientras las familias hacen cola en comedores populares, el libertarismo les ofrece libertad\u2026 para armarse.<\/p>\n\n\n\n<p>A veces la historia no avanza, retrocede con ruido met\u00e1lico. Y ese ruido hoy se parece demasiado al de un cerrojo cargando.<\/p>\n\n\n\n<h3 class=\"wp-block-heading\"><strong>FUENTES<\/strong><\/h3>\n\n\n\n<ul class=\"wp-block-list\">\n<li>Bolet\u00edn Oficial de la Rep\u00fablica Argentina \u2013 Resoluci\u00f3n RENAR 37\/2025 (04\/11\/2025)<\/li>\n\n\n\n<li>Decreto 397\/2025 \u2013 Derogaci\u00f3n del Decreto 64\/1995 (Presidencia de la Naci\u00f3n, junio 2025). <a href=\"https:\/\/www.boletinoficial.gob.ar\/detalleAviso\/primera\/333950\/\">https:\/\/www.boletinoficial.gob.ar\/detalleAviso\/primera\/333950\/<\/a><\/li>\n\n\n\n<li>Decreto 445\/2025 \u2013 Reestructuraci\u00f3n de la ex-ANMaC como RENAR (julio 2025). <a href=\"https:\/\/www.argentina.gob.ar\/normativa\/nacional\/decreto-445-2025-414588\">https:\/\/www.argentina.gob.ar\/normativa\/nacional\/decreto-445-2025-414588<\/a><\/li>\n\n\n\n<li>Nota de prensa oficial \u201cNuevo Registro Nacional de Armas\u201d (gobierno): <a href=\"https:\/\/www.argentina.gob.ar\/noticias\/nuevo-registro-nacional-de-armas?utm_source=chatgpt.com\">https:\/\/www.argentina.gob.ar\/noticias\/nuevo-registro-nacional-de-armas<\/a><\/li>\n\n\n\n<li>Infobae, \u201cEl Gobierno habilit\u00f3 la tenencia civil de fusiles semiautom\u00e1ticos bajo uso deportivo\u201d (noviembre 2025)<\/li>\n\n\n\n<li>Infobae, Establecieron una serie de estrictos requisitos para la portaci\u00f3n de armas de uso civil: <a href=\"https:\/\/www.infobae.com\/politica\/2025\/11\/04\/establecieron-una-serie-de-estrictos-requisitos-para-la-portacion-de-armas-de-uso-civil\/\">https:\/\/www.infobae.com\/politica\/2025\/11\/04\/establecieron-una-serie-de-estrictos-requisitos-para-la-portacion-de-armas-de-uso-civil\/<\/a><\/li>\n\n\n\n<li>El D\u00eda, Resurge el debate sobre la tenencia y portaci\u00f3n de armas. <a href=\"https:\/\/www.eldia.com\/nota\/2025-6-8-5-23-21-cuestion-de-vida-y-muerte-resurge-el-debate-sobre-la-tenencia-y-portacion-de-armas-la-ciudad\">https:\/\/www.eldia.com\/nota\/2025-6-8-5-23-21-cuestion-de-vida-y-muerte-resurge-el-debate-sobre-la-tenencia-y-portacion-de-armas-la-ciudad<\/a><\/li>\n<\/ul>\n","protected":false},"excerpt":{"rendered":"<p>Mientras la pobreza y el desempleo golpean con fuerza, el gobierno de Javier Milei autoriza la compra y tenencia de fusiles semiautom\u00e1ticos para civiles, derogando una prohibici\u00f3n vigente desde 1995. La medida, defendida por el RENAR como \u201ctrazabilidad y control\u201d, abre una nueva grieta entre el discurso libertario de libertad individual y el riesgo de&#8230;<\/p>\n","protected":false},"author":13,"featured_media":10673,"comment_status":"open","ping_status":"open","sticky":false,"template":"","format":"standard","meta":{"_monsterinsights_skip_tracking":false,"_monsterinsights_sitenote_active":false,"_monsterinsights_sitenote_note":"","_monsterinsights_sitenote_category":0,"footnotes":"","jetpack_publicize_message":"","jetpack_publicize_feature_enabled":true,"jetpack_social_post_already_shared":true,"jetpack_social_options":{"image_generator_settings":{"template":"highway","default_image_id":0,"font":"","enabled":false},"version":2}},"categories":[2,4],"tags":[106,4008],"class_list":["post-10672","post","type-post","status-publish","format-standard","has-post-thumbnail","hentry","category-politica","category-sociedad","tag-javier-milei","tag-portacion-de-armas"],"jetpack_publicize_connections":[],"_links":{"self":[{"href":"https:\/\/www.enorsai.com\/noticias\/wp-json\/wp\/v2\/posts\/10672","targetHints":{"allow":["GET"]}}],"collection":[{"href":"https:\/\/www.enorsai.com\/noticias\/wp-json\/wp\/v2\/posts"}],"about":[{"href":"https:\/\/www.enorsai.com\/noticias\/wp-json\/wp\/v2\/types\/post"}],"author":[{"embeddable":true,"href":"https:\/\/www.enorsai.com\/noticias\/wp-json\/wp\/v2\/users\/13"}],"replies":[{"embeddable":true,"href":"https:\/\/www.enorsai.com\/noticias\/wp-json\/wp\/v2\/comments?post=10672"}],"version-history":[{"count":1,"href":"https:\/\/www.enorsai.com\/noticias\/wp-json\/wp\/v2\/posts\/10672\/revisions"}],"predecessor-version":[{"id":10674,"href":"https:\/\/www.enorsai.com\/noticias\/wp-json\/wp\/v2\/posts\/10672\/revisions\/10674"}],"wp:featuredmedia":[{"embeddable":true,"href":"https:\/\/www.enorsai.com\/noticias\/wp-json\/wp\/v2\/media\/10673"}],"wp:attachment":[{"href":"https:\/\/www.enorsai.com\/noticias\/wp-json\/wp\/v2\/media?parent=10672"}],"wp:term":[{"taxonomy":"category","embeddable":true,"href":"https:\/\/www.enorsai.com\/noticias\/wp-json\/wp\/v2\/categories?post=10672"},{"taxonomy":"post_tag","embeddable":true,"href":"https:\/\/www.enorsai.com\/noticias\/wp-json\/wp\/v2\/tags?post=10672"}],"curies":[{"name":"wp","href":"https:\/\/api.w.org\/{rel}","templated":true}]}}