{"id":10669,"date":"2025-11-04T21:23:20","date_gmt":"2025-11-05T00:23:20","guid":{"rendered":"https:\/\/www.enorsai.com\/noticias\/?p=10669"},"modified":"2025-11-04T21:23:23","modified_gmt":"2025-11-05T00:23:23","slug":"desmantelan-el-estado-se-subastara-una-manzana-de-la-policia-federal-en-belgrano","status":"publish","type":"post","link":"https:\/\/www.enorsai.com\/noticias\/politica\/desmantelan-el-estado-se-subastara-una-manzana-de-la-policia-federal-en-belgrano\/","title":{"rendered":"Desmantelan el Estado: se subastar\u00e1 una manzana de la Polic\u00eda Federal en Belgrano"},"content":{"rendered":"\n<p>El Ejecutivo nacional, a trav\u00e9s de Agencia de Administraci\u00f3n de Bienes del Estado (AABE), desafect\u00f3 un terreno de uso p\u00fablico de casi una manzana que pertenec\u00eda a la Polic\u00eda Federal Argentina (PFA) en el barrio de Belgrano y lo puso en subasta, profundizando el plan de desmantelamiento del Estado que impulsa el gobierno de Javier Milei.<\/p>\n\n\n\n<p>La operaci\u00f3n abre una grieta m\u00e1s en la pol\u00edtica de ajuste y privatizaci\u00f3n; mientras el gobierno reduce su presencia estatal, cede espacios estrat\u00e9gicos en zonas cotizadas de la Ciudad de Buenos Aires. Los ciudadanos, sin embargo, quedan al margen de los debates que definen el futuro de esos bienes p\u00fablicos.<\/p>\n\n\n\n<p>El anuncio puede parecer un tr\u00e1mite m\u00e1s, pero tiene la potencia simb\u00f3lica de un golpe: el Gobierno nacional decidi\u00f3 desafectar de su uso p\u00fablico un terreno de casi una manzana perteneciente a la Polic\u00eda Federal Argentina (PFA) en el barrio porte\u00f1o de Belgrano y lo incluy\u00f3 en la web de subastas de la Agencia de Administraci\u00f3n de Bienes del Estado (AABE). (<a href=\"https:\/\/www.pagina12.com.ar\/871249-sigue-la-enajenacion-de-bienes-del-estado?utm_source=chatgpt.com\">PAGINA12<\/a>)<\/p>\n\n\n\n<p>Lo que est\u00e1 en juego va m\u00e1s all\u00e1 del valor del suelo: se trata de un movimiento que articula la l\u00f3gica privatizadora, el achique del Estado y la entrega de espacios estrat\u00e9gicos en plena Ciudad de Buenos Aires. Bajo el gobierno de Milei, la desposesi\u00f3n del patrimonio estatal se acelera y deja entrever un pa\u00eds donde lo p\u00fablico es, cada vez m\u00e1s, mercanc\u00eda.<\/p>\n\n\n\n<p>El predio en cuesti\u00f3n, situado en Belgrano \u2014una de las zonas m\u00e1s cotizadas de la capital\u2014, pertenec\u00eda a la PFA y albergaba talleres de reparaci\u00f3n de veh\u00edculos de infanter\u00eda, de Bomberos y de la Brigada Forestal. (<a href=\"https:\/\/www.radiocanal.com.ar\/noticia\/boletin-oficial-gobierno-quita-a-policia-federal-un-predio-de-10000-msup2-en-belgrano-y-lo-prepara-para-subasta-178371?utm_source=chatgpt.com\">radiocanal.com.ar<\/a>) Tiene una superficie de aproximadamente 9.986,79 m\u00b2 (aproximadamente 10.000 m\u00b2) y est\u00e1 delimitado por las calles Echeverr\u00eda 1175, Cazadores s\/n, Juramento 1142 y Artilleros 2017\/51\/81, en la Comuna 13 de la Ciudad. (<a href=\"https:\/\/www.radiocanal.com.ar\/noticia\/boletin-oficial-gobierno-quita-a-policia-federal-un-predio-de-10000-msup2-en-belgrano-y-lo-prepara-para-subasta-178371?utm_source=chatgpt.com\">radiocanal.com.ar<\/a>)<\/p>\n\n\n\n<p>Seg\u00fan los datos oficiales, la mudanza de esas dependencias ya se concret\u00f3 hacia un nuevo predio en el barrio de Barracas, calle Zepita 3102, donde la PFA reasign\u00f3 los talleres de mantenimiento de veh\u00edculos pesados y la Banda de M\u00fasica de Cadetes. (<a href=\"https:\/\/www.radiocanal.com.ar\/noticia\/boletin-oficial-gobierno-quita-a-policia-federal-un-predio-de-10000-msup2-en-belgrano-y-lo-prepara-para-subasta-178371?utm_source=chatgpt.com\">radiocanal.com.ar<\/a>) Una vez efectuada esa relocalizaci\u00f3n, el Ministerio de Seguridad dio el visto bueno para poner el inmueble en Belgrano a disposici\u00f3n de la AABE para su desafectaci\u00f3n formal. (<a href=\"https:\/\/www.radiocanal.com.ar\/noticia\/boletin-oficial-gobierno-quita-a-policia-federal-un-predio-de-10000-msup2-en-belgrano-y-lo-prepara-para-subasta-178371?utm_source=chatgpt.com\">radiocanal.com.ar<\/a>)<\/p>\n\n\n\n<p>Lo llamativo es que la enajenaci\u00f3n del inmueble ya est\u00e1 autorizada por decretos previos (Decreto 518\/2019 y 950\/2024) que habilitan a la AABE a \u201cdisponer y enajenar\u201d ese tipo de bienes estatales. (<a href=\"https:\/\/www.radiocanal.com.ar\/noticia\/boletin-oficial-gobierno-quita-a-policia-federal-un-predio-de-10000-msup2-en-belgrano-y-lo-prepara-para-subasta-178371?utm_source=chatgpt.com\">radiocanal.com.ar<\/a>) Con ello queda en evidencia que no se trata de una anomal\u00eda aislada, sino de la continuidad de una pol\u00edtica de entrega sistem\u00e1tica del patrimonio estatal.<\/p>\n\n\n\n<p>\u00bfQu\u00e9 sentido tiene este movimiento? El gobierno argumenta que liberar esos terrenos permite \u201coptimizar el uso de los bienes p\u00fablicos\u201d y, en teor\u00eda, destinar los fondos a nuevas prioridades. Pero la realidad muestra otra cosa: se desprende de espacios que cumplen un rol estrat\u00e9gico \u2014el mantenimiento de fuerzas de seguridad, por ejemplo\u2014 para liberarlos al mercado inmobiliario. En tiempos de ajuste, con recortes presupuestarios y una presencia estatal menguante, la l\u00f3gica es clara: lo p\u00fablico pierde valor social y gana valor comercial.<\/p>\n\n\n\n<p>En ese sentido, la subasta de un inmueble en Belgrano pone sobre la mesa una pregunta inc\u00f3moda: \u00bfcu\u00e1l es el l\u00edmite del Estado en una pol\u00edtica que prioriza la privatizaci\u00f3n cuando la demanda ciudadana reclama justamente lo contrario: mayor presencia estatal, mayor control democr\u00e1tico, mayor redistribuci\u00f3n? En lugar de responder, este gobierno parece apostar por la f\u00f3rmula de achicar, entregar y privatizar.<\/p>\n\n\n\n<p>Los efectos de esta decisi\u00f3n son m\u00faltiples: en primer lugar, se debilita la infraestructura estatal de seguridad (cuando trasladar talleres especializados de la PFA a otro barrio no es un mero tr\u00e1mite, implica costos, log\u00edstica, reubicaci\u00f3n de personal, riesgo operacional). En segundo lugar, se env\u00eda una se\u00f1al al mercado inmobiliario: terrenos p\u00fablicos en zonas premium est\u00e1n disponibles para la especulaci\u00f3n. En tercer lugar, se resquebraja la noci\u00f3n de bien p\u00fablico como algo irreemplazable para la comunidad.<\/p>\n\n\n\n<p>Es importante reconocer que hay matices: la relocalizaci\u00f3n podr\u00eda significar mejoras en la operatividad de la fuerza policial, y liberar una zona cara podr\u00eda generar ingresos extraordinarios para el Estado si se gestionara correctamente. Pero aqu\u00ed est\u00e1 el problema: bajo esta administraci\u00f3n, esos ingresos no se est\u00e1n canalizando hacia la ampliaci\u00f3n de derechos, sino hacia la reducci\u00f3n del peso estatal y la entrega de lo p\u00fablico al sector privado. Eso s\u00ed, sin que el debate pase por la ciudadan\u00eda.<\/p>\n\n\n\n<p>M\u00e1s a\u00fan: en un contexto donde la desigualdad se profundiza, la inflaci\u00f3n devora salarios, la educaci\u00f3n p\u00fablica se tensiona y la seguridad ciudadana se ve recortada, vender un predio de la PFA en una manzana premium de Belgrano no parece una medida aislada sino un eslab\u00f3n de una cadena cuyo eslogan podr\u00eda resumirse as\u00ed: menos Estado, m\u00e1s mercado, menos control social.<\/p>\n\n\n\n<p>El ejecutivo de Milei, en su discurso, promueve la desregulaci\u00f3n, el liberalismo extremo, la privatizaci\u00f3n y la minimizaci\u00f3n del Estado. Esta operaci\u00f3n encaja con ese modelo a la perfecci\u00f3n. Pero perversamente, lo que en teor\u00eda se vende como \u201cmodernizaci\u00f3n\u201d acaba tornando al Estado m\u00e1s fr\u00e1gil, m\u00e1s subordinado a las fuerzas econ\u00f3micas y menos responsable frente a los ciudadanos.<\/p>\n\n\n\n<p>En definitiva, estamos frente a una decisi\u00f3n pol\u00edtica que deja en claro d\u00f3nde pone sus prioridades este gobierno: en liberar espacios para la especulaci\u00f3n inmobiliaria m\u00e1s que en fortalecer la presencia estatal que garantice derechos. Que se subaste una manzana de la PFA en Belgrano no es mera an\u00e9cdota: es un indicador del camino elegido.<\/p>\n\n\n\n<p>As\u00ed, mientras los ciudadanos reclaman mayor control, redistribuci\u00f3n y justicia social, el gobierno acelera la enajenaci\u00f3n de bienes, resignando la vocaci\u00f3n p\u00fablica para favorecer al negocio privado. Y lo hace sin grandes discusiones, con el sello de lo funcional, lo t\u00e9cnico, lo inevitable. Porque en el fondo, este modelo no es accidental: es deliberado.<\/p>\n\n\n\n<p>La pregunta que queda en el aire es sencilla: \u00bfqui\u00e9n gana y qui\u00e9n pierde con esta venta? El mercado inmobiliario, sin duda. La ciudadan\u00eda, en su conjunto, observa con preocupaci\u00f3n c\u00f3mo se autoproduce la erosi\u00f3n de lo p\u00fablico. En un pa\u00eds donde lo estatal deber\u00eda reforzarse frente a la crisis, el Estado ensancha su vaciamiento.<\/p>\n\n\n\n<p>Y mientras tanto, el terreno de Belgrano sigue en subasta. No sabemos a\u00fan qui\u00e9n ser\u00e1 el comprador, ni qu\u00e9 destino se le dar\u00e1 al inmueble \u2014residencial, comercial, corporativo\u2014 tampoco cu\u00e1l ser\u00e1 el precio final ni la transparencia del proceso. Esa incertidumbre completa el cuadro: un mercado que opera puertas adentro, con la urgencia pol\u00edtica de privatizar, con la ciudadan\u00eda como espectadora.<\/p>\n\n\n\n<p>Lo que est\u00e1 claro es que este gobierno no espera respuestas, espera cierres. Y el cierre de esta operaci\u00f3n ser\u00e1 otro cap\u00edtulo m\u00e1s de la tala de lo p\u00fablico en la Argentina de Milei.<\/p>\n\n\n\n<h3 class=\"wp-block-heading\">Fuentes<\/h3>\n\n\n\n<p>P\u00e1gina\/12 \u2013 \u201cEl Gobierno vende un predio de la Polic\u00eda Federal en Belgrano. Sigue la enajenaci\u00f3n de bienes del Estado\u201d<br><a href=\"https:\/\/www.pagina12.com.ar\/871249-sigue-la-enajenacion-de-bienes-del-estado\">https:\/\/www.pagina12.com.ar\/871249-sigue-la-enajenacion-de-bienes-del-estado<\/a><br>Radiocanal \u2013 \u201cBolet\u00edn Oficial: Gobierno quita a Polic\u00eda Federal un predio de 10.000 m\u00b2 en Belgrano y lo prepara para subasta\u201d<br><a href=\"https:\/\/www.radiocanal.com.ar\/noticia\/boletin-oficial-gobierno-quita-a-policia-federal-un-predio-de-10000-msup2-en-belgrano-y-lo-prepara-para-subasta-178371\">https:\/\/www.radiocanal.com.ar\/noticia\/boletin-oficial-gobierno-quita-a-policia-federal-un-predio-de-10000-msup2-en-belgrano-y-lo-prepara-para-subasta-178371<\/a><\/p>\n\n\n\n<p><\/p>\n","protected":false},"excerpt":{"rendered":"<p>El Ejecutivo nacional, a trav\u00e9s de Agencia de Administraci\u00f3n de Bienes del Estado (AABE), desafect\u00f3 un terreno de uso p\u00fablico de casi una manzana que pertenec\u00eda a la Polic\u00eda Federal Argentina (PFA) en el barrio de Belgrano y lo puso en subasta, profundizando el plan de desmantelamiento del Estado que impulsa el gobierno de Javier&#8230;<\/p>\n","protected":false},"author":11,"featured_media":10670,"comment_status":"open","ping_status":"open","sticky":false,"template":"","format":"standard","meta":{"_monsterinsights_skip_tracking":false,"_monsterinsights_sitenote_active":false,"_monsterinsights_sitenote_note":"","_monsterinsights_sitenote_category":0,"footnotes":"","jetpack_publicize_message":"","jetpack_publicize_feature_enabled":true,"jetpack_social_post_already_shared":true,"jetpack_social_options":{"image_generator_settings":{"template":"highway","default_image_id":0,"font":"","enabled":false},"version":2}},"categories":[2],"tags":[],"class_list":["post-10669","post","type-post","status-publish","format-standard","has-post-thumbnail","hentry","category-politica"],"jetpack_publicize_connections":[],"_links":{"self":[{"href":"https:\/\/www.enorsai.com\/noticias\/wp-json\/wp\/v2\/posts\/10669","targetHints":{"allow":["GET"]}}],"collection":[{"href":"https:\/\/www.enorsai.com\/noticias\/wp-json\/wp\/v2\/posts"}],"about":[{"href":"https:\/\/www.enorsai.com\/noticias\/wp-json\/wp\/v2\/types\/post"}],"author":[{"embeddable":true,"href":"https:\/\/www.enorsai.com\/noticias\/wp-json\/wp\/v2\/users\/11"}],"replies":[{"embeddable":true,"href":"https:\/\/www.enorsai.com\/noticias\/wp-json\/wp\/v2\/comments?post=10669"}],"version-history":[{"count":1,"href":"https:\/\/www.enorsai.com\/noticias\/wp-json\/wp\/v2\/posts\/10669\/revisions"}],"predecessor-version":[{"id":10671,"href":"https:\/\/www.enorsai.com\/noticias\/wp-json\/wp\/v2\/posts\/10669\/revisions\/10671"}],"wp:featuredmedia":[{"embeddable":true,"href":"https:\/\/www.enorsai.com\/noticias\/wp-json\/wp\/v2\/media\/10670"}],"wp:attachment":[{"href":"https:\/\/www.enorsai.com\/noticias\/wp-json\/wp\/v2\/media?parent=10669"}],"wp:term":[{"taxonomy":"category","embeddable":true,"href":"https:\/\/www.enorsai.com\/noticias\/wp-json\/wp\/v2\/categories?post=10669"},{"taxonomy":"post_tag","embeddable":true,"href":"https:\/\/www.enorsai.com\/noticias\/wp-json\/wp\/v2\/tags?post=10669"}],"curies":[{"name":"wp","href":"https:\/\/api.w.org\/{rel}","templated":true}]}}