{"id":10659,"date":"2025-11-04T18:15:30","date_gmt":"2025-11-04T21:15:30","guid":{"rendered":"https:\/\/www.enorsai.com\/noticias\/?p=10659"},"modified":"2025-11-04T18:15:38","modified_gmt":"2025-11-04T21:15:38","slug":"recalde-dejo-en-ridiculo-al-tiktoker-libertario-despedido-de-ln","status":"publish","type":"post","link":"https:\/\/www.enorsai.com\/noticias\/politica\/recalde-dejo-en-ridiculo-al-tiktoker-libertario-despedido-de-ln\/","title":{"rendered":"Recalde dej\u00f3 en rid\u00edculo al tiktoker libertario despedido de LN+"},"content":{"rendered":"\n<p>Cuando los libertarios intentan chicanear con consignas vac\u00edas, tarde o temprano se topan con alguien que s\u00ed tiene argumentos. Eso le pas\u00f3 al tiktoker libertario que, tras ser echado de LN+, quiso hacerse el gracioso con Mariano Recalde\u2026 y termin\u00f3 con una domada monumental. Sin gritos, sin histeria, con pura l\u00f3gica y memoria. Recalde le cerr\u00f3 <strong>bien la boca<\/strong> y le record\u00f3 por qu\u00e9 los que defienden a Milei no resisten ni dos preguntas seguidas.<\/p>\n\n\n\n<figure class=\"wp-block-embed is-type-rich is-provider-twitter wp-block-embed-twitter\"><div class=\"wp-block-embed__wrapper\">\n<blockquote class=\"twitter-tweet\" data-width=\"550\" data-dnt=\"true\"><p lang=\"es\" dir=\"ltr\">Me mandaron este video sobre la reforma laboral que estuvo circulando mucho&#8230; Aprovecho para aclarar algunos puntos importantes. <a href=\"https:\/\/t.co\/cAoUKGY2k9\">pic.twitter.com\/cAoUKGY2k9<\/a><\/p>&mdash; Mariano Recalde (@marianorecalde) <a href=\"https:\/\/twitter.com\/marianorecalde\/status\/1985446145515024769?ref_src=twsrc%5Etfw\">November 3, 2025<\/a><\/blockquote><script async src=\"https:\/\/platform.twitter.com\/widgets.js\" charset=\"utf-8\"><\/script>\n<\/div><\/figure>\n","protected":false},"excerpt":{"rendered":"<p>Cuando los libertarios intentan chicanear con consignas vac\u00edas, tarde o temprano se topan con alguien que s\u00ed tiene argumentos. Eso le pas\u00f3 al tiktoker libertario que, tras ser echado de LN+, quiso hacerse el gracioso con Mariano Recalde\u2026 y termin\u00f3 con una domada monumental. Sin gritos, sin histeria, con pura l\u00f3gica y memoria. Recalde le&#8230;<\/p>\n","protected":false},"author":1,"featured_media":10660,"comment_status":"open","ping_status":"open","sticky":false,"template":"","format":"standard","meta":{"_monsterinsights_skip_tracking":false,"_monsterinsights_sitenote_active":false,"_monsterinsights_sitenote_note":"","_monsterinsights_sitenote_category":0,"footnotes":"","jetpack_publicize_message":"","jetpack_publicize_feature_enabled":true,"jetpack_social_post_already_shared":true,"jetpack_social_options":{"image_generator_settings":{"template":"highway","default_image_id":0,"font":"","enabled":false},"version":2}},"categories":[2],"tags":[],"class_list":["post-10659","post","type-post","status-publish","format-standard","has-post-thumbnail","hentry","category-politica"],"jetpack_publicize_connections":[],"_links":{"self":[{"href":"https:\/\/www.enorsai.com\/noticias\/wp-json\/wp\/v2\/posts\/10659","targetHints":{"allow":["GET"]}}],"collection":[{"href":"https:\/\/www.enorsai.com\/noticias\/wp-json\/wp\/v2\/posts"}],"about":[{"href":"https:\/\/www.enorsai.com\/noticias\/wp-json\/wp\/v2\/types\/post"}],"author":[{"embeddable":true,"href":"https:\/\/www.enorsai.com\/noticias\/wp-json\/wp\/v2\/users\/1"}],"replies":[{"embeddable":true,"href":"https:\/\/www.enorsai.com\/noticias\/wp-json\/wp\/v2\/comments?post=10659"}],"version-history":[{"count":1,"href":"https:\/\/www.enorsai.com\/noticias\/wp-json\/wp\/v2\/posts\/10659\/revisions"}],"predecessor-version":[{"id":10661,"href":"https:\/\/www.enorsai.com\/noticias\/wp-json\/wp\/v2\/posts\/10659\/revisions\/10661"}],"wp:featuredmedia":[{"embeddable":true,"href":"https:\/\/www.enorsai.com\/noticias\/wp-json\/wp\/v2\/media\/10660"}],"wp:attachment":[{"href":"https:\/\/www.enorsai.com\/noticias\/wp-json\/wp\/v2\/media?parent=10659"}],"wp:term":[{"taxonomy":"category","embeddable":true,"href":"https:\/\/www.enorsai.com\/noticias\/wp-json\/wp\/v2\/categories?post=10659"},{"taxonomy":"post_tag","embeddable":true,"href":"https:\/\/www.enorsai.com\/noticias\/wp-json\/wp\/v2\/tags?post=10659"}],"curies":[{"name":"wp","href":"https:\/\/api.w.org\/{rel}","templated":true}]}}