{"id":10652,"date":"2025-11-04T17:34:53","date_gmt":"2025-11-04T20:34:53","guid":{"rendered":"https:\/\/www.enorsai.com\/noticias\/?p=10652"},"modified":"2025-11-04T17:35:00","modified_gmt":"2025-11-04T20:35:00","slug":"kirchner-y-el-efecto-mandela-de-2009-nestor-si-fue-diputado-desmontamos-el-mito-de-la-candidatura-testimonial","status":"publish","type":"post","link":"https:\/\/www.enorsai.com\/noticias\/politica\/kirchner-y-el-efecto-mandela-de-2009-nestor-si-fue-diputado-desmontamos-el-mito-de-la-candidatura-testimonial\/","title":{"rendered":"Kirchner y el \u201cefecto Mandela\u201d de 2009: N\u00e9stor s\u00ed fue diputado, desmontamos el mito de la \u201ccandidatura testimonial\u201d"},"content":{"rendered":"\n<p>Durante a\u00f1os se repiti\u00f3 la versi\u00f3n de que N\u00e9stor Kirchner fue candidato \u201ctestimonial\u201d en 2009 y nunca asumi\u00f3 su banca. Sin embargo, los registros oficiales demuestran lo contrario: jur\u00f3, legisl\u00f3, vot\u00f3 y presidi\u00f3 comisiones hasta su fallecimiento en 2010.<\/p>\n\n\n\n<p>La historia reciente argentina acumula mitos que, a fuerza de repetici\u00f3n medi\u00e1tica y pol\u00edtica, se transforman en recuerdos distorsionados. Uno de los m\u00e1s persistentes es el que afirma que N\u00e9stor Kirchner fue candidato testimonial en 2009. Pero los hechos, los documentos y las im\u00e1genes demuestran que no solo asumi\u00f3 como diputado nacional, sino que ejerci\u00f3 activamente el cargo hasta el final de su vida.<\/p>\n\n\n\n<p>Hay un mito que se niega a morir, una de esas distorsiones colectivas que los psic\u00f3logos llaman <em>efecto Mandela<\/em>: la supuesta \u201ccandidatura testimonial\u201d de N\u00e9stor Kirchner en 2009. Seg\u00fan esa versi\u00f3n, el expresidente habr\u00eda encabezado la lista de diputados por la provincia de Buenos Aires solo para reforzar al Frente para la Victoria en medio de la crisis pol\u00edtica posterior al conflicto con el campo, sin intenci\u00f3n real de asumir. Pero la historia y los documentos oficiales dicen otra cosa.<\/p>\n\n\n\n<p>N\u00e9stor Kirchner fue efectivamente candidato a diputado nacional por el Frente para la Victoria en las elecciones legislativas del <strong>28 de junio de 2009<\/strong>. Obtuvo cerca del <strong>32% de los votos<\/strong>, apenas dos puntos por debajo del empresario <strong>Francisco de Narv\u00e1ez<\/strong>, que encabezaba la lista de Uni\u00f3n PRO junto a Felipe Sol\u00e1. Aunque el oficialismo sufri\u00f3 una derrota, Kirchner logr\u00f3 su banca. Y, contrariamente al relato opositor, <strong>asumi\u00f3 su cargo el 4 de diciembre de 2009<\/strong>, en la sesi\u00f3n preparatoria de la C\u00e1mara de Diputados, junto a los legisladores electos ese a\u00f1o.<\/p>\n\n\n\n<p>Desde ese momento, <strong>ejerci\u00f3 su mandato hasta el 27 de octubre de 2010<\/strong>, d\u00eda de su fallecimiento. No fue un diputado \u201causente\u201d, como pretendieron instalar algunos sectores opositores. Particip\u00f3 de sesiones, <strong>vot\u00f3 proyectos clave<\/strong> \u2014como la Ley de Servicios de Comunicaci\u00f3n Audiovisual en 2009\u2014 y <strong>presidi\u00f3 la Comisi\u00f3n de Energ\u00eda<\/strong>. Su nombre figura en el <strong>Diario de Sesiones de la C\u00e1mara de Diputados<\/strong> y en el <strong>Bolet\u00edn Oficial<\/strong>, donde consta su juramento. Tambi\u00e9n hay registros fotogr\u00e1ficos y audiovisuales de su presencia en el recinto, incluyendo la <strong>sesi\u00f3n del 22 de diciembre de 2009<\/strong>, donde intervino en votaciones.<\/p>\n\n\n\n<figure class=\"wp-block-embed is-type-rich is-provider-twitter wp-block-embed-twitter\"><div class=\"wp-block-embed__wrapper\">\n<blockquote class=\"twitter-tweet\" data-width=\"550\" data-dnt=\"true\"><p lang=\"es\" dir=\"ltr\">Hay un gran efecto Mandela con la supuesta candidatura testimonial de N\u00e9stor Kirchner en 2009. Es falso.<br><br>N\u00e9stor asumi\u00f3 y fue diputado hasta el d\u00eda de su muerte. <a href=\"https:\/\/t.co\/XRKDGGPIIQ\">https:\/\/t.co\/XRKDGGPIIQ<\/a><\/p>&mdash; Matias Mowszet (@MatiMow) <a href=\"https:\/\/twitter.com\/MatiMow\/status\/1985802538134774223?ref_src=twsrc%5Etfw\">November 4, 2025<\/a><\/blockquote><script async src=\"https:\/\/platform.twitter.com\/widgets.js\" charset=\"utf-8\"><\/script>\n<\/div><\/figure>\n\n\n\n<p>El mito de la \u201ccandidatura testimonial\u201d tiene un origen claro: la campa\u00f1a electoral de 2009. En medio de la crisis que sigui\u00f3 al conflicto con las patronales agropecuarias, <strong>Cristina Fern\u00e1ndez de Kirchner<\/strong> decidi\u00f3 poner al propio N\u00e9stor al frente de la lista bonaerense para fortalecer al Frente para la Victoria. La movida encendi\u00f3 las alarmas de la oposici\u00f3n, que busc\u00f3 convertir esa estrategia pol\u00edtica en un esc\u00e1ndalo moral. <strong>Daniel Scioli, Francisco de Narv\u00e1ez y otros referentes opositores<\/strong> lo acusaron de \u201cusar su figura para tirar del carro\u201d, insinuando que jam\u00e1s asumir\u00eda el cargo.<\/p>\n\n\n\n<p>La idea de la \u201ccandidatura testimonial\u201d \u2014un t\u00e9rmino que alud\u00eda a candidatos que se presentan para captar votos pero sin intenci\u00f3n de ejercer\u2014 fue entonces <strong>una etiqueta de campa\u00f1a<\/strong>, no una descripci\u00f3n de la realidad. De hecho, esa figura <strong>no tiene existencia legal<\/strong>: la ley electoral argentina no contempla las \u201ccandidaturas testimoniales\u201d como categor\u00eda. La expresi\u00f3n fue una invenci\u00f3n medi\u00e1tica para reforzar la narrativa de la oposici\u00f3n y desgastar la figura de Kirchner.<\/p>\n\n\n\n<p>Con el paso del tiempo, esa acusaci\u00f3n se transform\u00f3 en una verdad alternativa, reforzada por lo que los psic\u00f3logos denominan <em>efecto Mandela<\/em>: recuerdos falsos compartidos por un grupo social. As\u00ed como muchos juran haber visto morir a Mandela en prisi\u00f3n \u2014cuando en realidad fue presidente\u2014, parte del electorado argentino <strong>cree recordar<\/strong> que N\u00e9stor Kirchner nunca asumi\u00f3 su banca. Pero esa memoria es enga\u00f1osa.<\/p>\n\n\n\n<p>Las pruebas son contundentes. En el <strong>acta de asunci\u00f3n del 4 de diciembre de 2009<\/strong>, N\u00e9stor Kirchner figura entre los diputados que prestaron juramento. En los <strong>registros de votaci\u00f3n<\/strong>, aparece participando de debates y votaciones durante 2010. Incluso <strong>su obituario oficial<\/strong> lo menciona expresamente como \u201cdiputado nacional en ejercicio\u201d al momento de su muerte. La informaci\u00f3n es p\u00fablica y verificable.<\/p>\n\n\n\n<p>\u00bfPor qu\u00e9, entonces, persiste el mito? Por varias razones. Primero, porque <strong>la maquinaria de propaganda opositora de aquel tiempo repiti\u00f3 hasta el cansancio<\/strong> la acusaci\u00f3n, logrando que quedara instalada en el sentido com\u00fan. Segundo, porque <strong>la muerte repentina de Kirchner en 2010<\/strong> interrumpi\u00f3 su labor legislativa, dejando en el aire la sensaci\u00f3n de que no hab\u00eda ejercido plenamente. Y tercero, porque <strong>otros casos reales de candidaturas testimoniales<\/strong>, tanto en Argentina como en el exterior, contribuyeron a la confusi\u00f3n.<\/p>\n\n\n\n<p>Por ejemplo, en 2015 Daniel Scioli fue candidato a intendente de Tigre sin intenci\u00f3n de asumir, y en Venezuela, Hugo Ch\u00e1vez postul\u00f3 a algunos dirigentes que nunca ocuparon sus cargos. Esa mezcla de ejemplos reales y acusaciones falsas gener\u00f3 una narrativa confusa en el imaginario p\u00fablico.<\/p>\n\n\n\n<p>El \u201cefecto Mandela\u201d aplicado a la pol\u00edtica tiene un poder insidioso. Toma un hecho parcialmente verdadero \u2014la acusaci\u00f3n de 2009\u2014 y lo cristaliza como recuerdo colectivo, aunque los documentos lo desmientan. Lo parad\u00f3jico es que <strong>N\u00e9stor Kirchner fue uno de los diputados m\u00e1s activos de su bloque<\/strong> durante su breve paso por el Congreso. Particip\u00f3 en el debate de leyes estrat\u00e9gicas y mantuvo su protagonismo pol\u00edtico mientras impulsaba la creaci\u00f3n de la <strong>Unasur<\/strong>, organismo que presidi\u00f3 simult\u00e1neamente.<\/p>\n\n\n\n<p>Las im\u00e1genes de archivo lo muestran sentado en su banca, conversando con legisladores, levantando la mano en votaciones. Lejos de ser un \u201ctestimonio electoral\u201d, su rol fue parte de una estrategia de continuidad pol\u00edtica tras dejar la Presidencia.<\/p>\n\n\n\n<p>El mito sobre su \u201cno asunci\u00f3n\u201d no resiste el archivo, pero sobrevive gracias a la din\u00e1mica de la desinformaci\u00f3n contempor\u00e1nea: <strong>una mentira simple y emocional siempre tiene m\u00e1s impacto que un dato fr\u00edo y verificable<\/strong>. Y en tiempos de redes sociales, donde los titulares viajan m\u00e1s r\u00e1pido que las verificaciones, los errores se amplifican y se transforman en recuerdos colectivos falsos.<\/p>\n\n\n\n<p>En definitiva, N\u00e9stor Kirchner no fue un \u201ccandidato testimonial\u201d. Fue un dirigente que asumi\u00f3, legisl\u00f3, vot\u00f3 y trabaj\u00f3 desde su banca. Y el hecho de que hoy sea necesario recordarlo demuestra c\u00f3mo <strong>la memoria p\u00fablica puede ser manipulada<\/strong> por intereses pol\u00edticos que prefieren el mito a la historia.<\/p>\n\n\n\n<p>Revisar estos datos no es solo una cuesti\u00f3n de precisi\u00f3n hist\u00f3rica: es tambi\u00e9n <strong>una defensa del rigor democr\u00e1tico<\/strong> frente a la distorsi\u00f3n medi\u00e1tica. La verdad est\u00e1 en los registros parlamentarios, en los videos de las sesiones, en las actas oficiales. Todo lo dem\u00e1s es propaganda reciclada.<\/p>\n\n\n\n<p>Quiz\u00e1s sea hora de archivar definitivamente ese falso recuerdo. Porque la historia reciente argentina ya tiene suficientes mitos como para seguir sumando uno m\u00e1s.<\/p>\n\n\n\n<p><\/p>\n","protected":false},"excerpt":{"rendered":"<p>Durante a\u00f1os se repiti\u00f3 la versi\u00f3n de que N\u00e9stor Kirchner fue candidato \u201ctestimonial\u201d en 2009 y nunca asumi\u00f3 su banca. Sin embargo, los registros oficiales demuestran lo contrario: jur\u00f3, legisl\u00f3, vot\u00f3 y presidi\u00f3 comisiones hasta su fallecimiento en 2010. La historia reciente argentina acumula mitos que, a fuerza de repetici\u00f3n medi\u00e1tica y pol\u00edtica, se transforman&#8230;<\/p>\n","protected":false},"author":9,"featured_media":10653,"comment_status":"open","ping_status":"open","sticky":false,"template":"","format":"standard","meta":{"_monsterinsights_skip_tracking":false,"_monsterinsights_sitenote_active":false,"_monsterinsights_sitenote_note":"","_monsterinsights_sitenote_category":0,"footnotes":"","jetpack_publicize_message":"","jetpack_publicize_feature_enabled":true,"jetpack_social_post_already_shared":true,"jetpack_social_options":{"image_generator_settings":{"template":"highway","default_image_id":0,"font":"","enabled":false},"version":2}},"categories":[3975,2],"tags":[999,4007,4006,744,4005],"class_list":["post-10652","post","type-post","status-publish","format-standard","has-post-thumbnail","hentry","category-congreso","category-politica","tag-desinformacion","tag-efecto-mandela","tag-elecciones-2009","tag-fake-news","tag-nestor-kirchner"],"jetpack_publicize_connections":[],"_links":{"self":[{"href":"https:\/\/www.enorsai.com\/noticias\/wp-json\/wp\/v2\/posts\/10652","targetHints":{"allow":["GET"]}}],"collection":[{"href":"https:\/\/www.enorsai.com\/noticias\/wp-json\/wp\/v2\/posts"}],"about":[{"href":"https:\/\/www.enorsai.com\/noticias\/wp-json\/wp\/v2\/types\/post"}],"author":[{"embeddable":true,"href":"https:\/\/www.enorsai.com\/noticias\/wp-json\/wp\/v2\/users\/9"}],"replies":[{"embeddable":true,"href":"https:\/\/www.enorsai.com\/noticias\/wp-json\/wp\/v2\/comments?post=10652"}],"version-history":[{"count":1,"href":"https:\/\/www.enorsai.com\/noticias\/wp-json\/wp\/v2\/posts\/10652\/revisions"}],"predecessor-version":[{"id":10654,"href":"https:\/\/www.enorsai.com\/noticias\/wp-json\/wp\/v2\/posts\/10652\/revisions\/10654"}],"wp:featuredmedia":[{"embeddable":true,"href":"https:\/\/www.enorsai.com\/noticias\/wp-json\/wp\/v2\/media\/10653"}],"wp:attachment":[{"href":"https:\/\/www.enorsai.com\/noticias\/wp-json\/wp\/v2\/media?parent=10652"}],"wp:term":[{"taxonomy":"category","embeddable":true,"href":"https:\/\/www.enorsai.com\/noticias\/wp-json\/wp\/v2\/categories?post=10652"},{"taxonomy":"post_tag","embeddable":true,"href":"https:\/\/www.enorsai.com\/noticias\/wp-json\/wp\/v2\/tags?post=10652"}],"curies":[{"name":"wp","href":"https:\/\/api.w.org\/{rel}","templated":true}]}}