{"id":10646,"date":"2025-11-04T07:18:33","date_gmt":"2025-11-04T10:18:33","guid":{"rendered":"https:\/\/www.enorsai.com\/noticias\/?p=10646"},"modified":"2025-11-04T07:26:44","modified_gmt":"2025-11-04T10:26:44","slug":"convocan-al-ix-encuentro-de-derechos-humanos-en-la-uba-bajo-el-lema-cristina-libre","status":"publish","type":"post","link":"https:\/\/www.enorsai.com\/noticias\/derechos-humanos\/convocan-al-ix-encuentro-de-derechos-humanos-en-la-uba-bajo-el-lema-cristina-libre\/","title":{"rendered":"Convocan al IX Encuentro de Derechos Humanos en la UBA bajo el lema \u201cCristina Libre\u201d"},"content":{"rendered":"\n<p>El pr\u00f3ximo IX Encuentro de Derechos Humanos se realizar\u00e1 en la Facultad de Ciencias Sociales de la Universidad de Buenos Aires, con un fuerte llamado pol\u00edtico: \u201cCon proscripci\u00f3n no hay derechos ni democracia\u201d.<br><br>El s\u00e1bado 6 de diciembre, desde las 9 de la ma\u00f1ana, se llevar\u00e1 a cabo el IX Encuentro de Derechos Humanos en la Facultad de Ciencias Sociales de la UBA, ubicada en Santiago del Estero 1029.<\/p>\n\n\n\n<p>Bajo el lema \u201cCristina Libre\u201d, la jornada reunir\u00e1 a militantes, referentes sociales, acad\u00e9micos y defensores de los derechos humanos para debatir sobre las problem\u00e1ticas actuales en el marco del avance del neoliberalismo y la proscripci\u00f3n pol\u00edtica.<br><br>Como cada a\u00f1o, el encuentro se organizar\u00e1 en comisiones de trabajo que abordar\u00e1n distintas tem\u00e1ticas vinculadas a la justicia, la memoria, la situaci\u00f3n social, las pol\u00edticas represivas y el impacto de las medidas del gobierno actual en los sectores m\u00e1s vulnerables.<br><br>El evento busca consolidarse como un espacio de reflexi\u00f3n, denuncia y construcci\u00f3n colectiva frente a un contexto donde \u2014seg\u00fan los organizadores\u2014 los derechos conquistados est\u00e1n siendo amenazados.<br><br>\ud83d\udccd Lugar: Facultad de Ciencias Sociales (UBA), Santiago del Estero 1029<br>\ud83d\udd58 Hora: 9:00 hs<br>\ud83d\udce2 Lema: Cristina Libre. Con proscripci\u00f3n no hay derechos ni democracia.<\/p>\n\n\n\n<figure class=\"wp-block-embed is-type-rich is-provider-twitter wp-block-embed-twitter\"><div class=\"wp-block-embed__wrapper\">\n<blockquote class=\"twitter-tweet\" data-width=\"550\" data-dnt=\"true\"><p lang=\"es\" dir=\"ltr\">Se viene el IX Encuentro de Derechos Humanos.<br>&quot;CRISTINA LIBRE&quot;<br>Con proscripci\u00f3n no hay derechos ni democracia.<br>Debatiremos como todos los a\u00f1os en comisiones las problematicas de DDHH en este contexto neoliberal.<br>Facultad de Ciencias Sociales U.B.A.<br>Santiago del Estero 1029  9hs. <a href=\"https:\/\/t.co\/m3BY3op4Ah\">pic.twitter.com\/m3BY3op4Ah<\/a><\/p>&mdash; Horacio Pietragalla Corti (@pietragallahora) <a href=\"https:\/\/twitter.com\/pietragallahora\/status\/1985112496890368268?ref_src=twsrc%5Etfw\">November 2, 2025<\/a><\/blockquote><script async src=\"https:\/\/platform.twitter.com\/widgets.js\" charset=\"utf-8\"><\/script>\n<\/div><\/figure>\n","protected":false},"excerpt":{"rendered":"<p>El pr\u00f3ximo IX Encuentro de Derechos Humanos se realizar\u00e1 en la Facultad de Ciencias Sociales de la Universidad de Buenos Aires, con un fuerte llamado pol\u00edtico: \u201cCon proscripci\u00f3n no hay derechos ni democracia\u201d. El s\u00e1bado 6 de diciembre, desde las 9 de la ma\u00f1ana, se llevar\u00e1 a cabo el IX Encuentro de Derechos Humanos en&#8230;<\/p>\n","protected":false},"author":9,"featured_media":10645,"comment_status":"open","ping_status":"open","sticky":false,"template":"","format":"standard","meta":{"_monsterinsights_skip_tracking":false,"_monsterinsights_sitenote_active":false,"_monsterinsights_sitenote_note":"","_monsterinsights_sitenote_category":0,"footnotes":"","jetpack_publicize_message":"","jetpack_publicize_feature_enabled":true,"jetpack_social_post_already_shared":true,"jetpack_social_options":{"image_generator_settings":{"template":"highway","default_image_id":0,"font":"","enabled":false},"version":2}},"categories":[1908],"tags":[],"class_list":["post-10646","post","type-post","status-publish","format-standard","has-post-thumbnail","hentry","category-derechos-humanos"],"jetpack_publicize_connections":[],"_links":{"self":[{"href":"https:\/\/www.enorsai.com\/noticias\/wp-json\/wp\/v2\/posts\/10646","targetHints":{"allow":["GET"]}}],"collection":[{"href":"https:\/\/www.enorsai.com\/noticias\/wp-json\/wp\/v2\/posts"}],"about":[{"href":"https:\/\/www.enorsai.com\/noticias\/wp-json\/wp\/v2\/types\/post"}],"author":[{"embeddable":true,"href":"https:\/\/www.enorsai.com\/noticias\/wp-json\/wp\/v2\/users\/9"}],"replies":[{"embeddable":true,"href":"https:\/\/www.enorsai.com\/noticias\/wp-json\/wp\/v2\/comments?post=10646"}],"version-history":[{"count":2,"href":"https:\/\/www.enorsai.com\/noticias\/wp-json\/wp\/v2\/posts\/10646\/revisions"}],"predecessor-version":[{"id":10648,"href":"https:\/\/www.enorsai.com\/noticias\/wp-json\/wp\/v2\/posts\/10646\/revisions\/10648"}],"wp:featuredmedia":[{"embeddable":true,"href":"https:\/\/www.enorsai.com\/noticias\/wp-json\/wp\/v2\/media\/10645"}],"wp:attachment":[{"href":"https:\/\/www.enorsai.com\/noticias\/wp-json\/wp\/v2\/media?parent=10646"}],"wp:term":[{"taxonomy":"category","embeddable":true,"href":"https:\/\/www.enorsai.com\/noticias\/wp-json\/wp\/v2\/categories?post=10646"},{"taxonomy":"post_tag","embeddable":true,"href":"https:\/\/www.enorsai.com\/noticias\/wp-json\/wp\/v2\/tags?post=10646"}],"curies":[{"name":"wp","href":"https:\/\/api.w.org\/{rel}","templated":true}]}}