{"id":10639,"date":"2025-11-04T06:08:43","date_gmt":"2025-11-04T09:08:43","guid":{"rendered":"https:\/\/www.enorsai.com\/noticias\/?p=10639"},"modified":"2025-11-04T06:09:01","modified_gmt":"2025-11-04T09:09:01","slug":"abuelas-de-plaza-de-mayo-extienden-su-busqueda-a-uruguay-una-leccion-de-memoria-frente-al-olvido-politico","status":"publish","type":"post","link":"https:\/\/www.enorsai.com\/noticias\/derechos-humanos\/abuelas-de-plaza-de-mayo-extienden-su-busqueda-a-uruguay-una-leccion-de-memoria-frente-al-olvido-politico\/","title":{"rendered":"Abuelas de Plaza de Mayo extienden su b\u00fasqueda a Uruguay: una lecci\u00f3n de memoria frente al olvido pol\u00edtico"},"content":{"rendered":"\n<p><strong><em>Macarena Gelman, junto al presidente uruguayo Yamand\u00fa Orsi y Le\u00f3n Gieco, encabez\u00f3 el lanzamiento del nodo uruguayo de la Red por el Derecho a la Identidad. La campa\u00f1a, impulsada por Abuelas de Plaza de Mayo, reafirma su compromiso con la verdad y la justicia frente a los intentos de desmemoria impulsados por los sectores m\u00e1s reaccionarios del poder.<\/em><\/strong><\/p>\n\n\n\n<p>En Montevideo, Abuelas de Plaza de Mayo inaugur\u00f3 un nuevo nodo de b\u00fasqueda para hallar a los m\u00e1s de 300 nietos y nietas que a\u00fan viven con identidades falsas, v\u00edctimas del terrorismo de Estado. En un acto cargado de emoci\u00f3n y simbolismo, Macarena Gelman record\u00f3 la vigencia del derecho a la identidad como un deber colectivo y pol\u00edtico. La iniciativa se erige en un contraste moral frente al negacionismo que promueve el gobierno de Javier Milei en Argentina.<\/p>\n\n\n\n<p>Desde el hist\u00f3rico Teatro Sol\u00eds de Montevideo, a pocos metros del mausoleo de Jos\u00e9 Gervasio Artigas, las Abuelas de Plaza de Mayo encendieron una nueva luz de esperanza en su inquebrantable b\u00fasqueda. El lanzamiento del nodo uruguayo de la Red por el Derecho a la Identidad marc\u00f3 un nuevo hito en una historia que lleva casi medio siglo resistiendo al silencio, a la impunidad y a los intentos sistem\u00e1ticos por borrar la memoria. Frente al negacionismo institucional y al desprecio por los derechos humanos que hoy emanan desde la Casa Rosada, este acto tuvo la fuerza de una respuesta \u00e9tica y pol\u00edtica.<\/p>\n\n\n\n<p>Macarena Gelman, nieta restituida y s\u00edmbolo de la b\u00fasqueda transnacional por la verdad, fue la figura central de la jornada. Su historia condensa la trama del horror y la esperanza: naci\u00f3 en Uruguay solo porque las dictaduras del Cono Sur coordinaron secuestros, partos clandestinos y asesinatos en nombre del \u201corden occidental y cristiano\u201d. Fue el empe\u00f1o de su abuelo, el poeta Juan Gelman, y de las Abuelas lo que permiti\u00f3 restituir su identidad hace 25 a\u00f1os. Hoy, convertida en militante de la memoria, Macarena encabez\u00f3 la creaci\u00f3n del nodo uruguayo junto al presidente Yamand\u00fa Orsi, con la consigna que atraviesa generaciones: <strong>\u201cHasta encontrarlos a todos.\u201d<\/strong><\/p>\n\n\n\n<p>La imagen del acto \u2014Le\u00f3n Gieco ensayando con su pa\u00f1uelo blanco, Claudia Poblete relatando su restituci\u00f3n, y Mar\u00eda Bellizzi, con 100 a\u00f1os, todav\u00eda buscando a su hijo desaparecido\u2014 condens\u00f3 una verdad profunda: la memoria no es una consigna, sino una pr\u00e1ctica de amor y de justicia. En tiempos donde el gobierno argentino promueve una agenda de recortes y negacionismo, donde se ataca la legitimidad de los organismos de derechos humanos y se relativizan los cr\u00edmenes de la dictadura, las Abuelas vuelven a recordarle al continente que los derechos no son negociables.<\/p>\n\n\n\n<p>El video de Estela de Carlotto, ausente f\u00edsicamente pero presente con la calidez de su palabra, tuvo un eco particular en ese contexto. Su saludo afectuoso a \u201cYamand\u00fa\u201d y \u201cCarolina\u201d contrast\u00f3 con el clima de agresividad institucional que se respira en Buenos Aires bajo La Libertad Avanza. Desde el negacionismo oficial de la vicepresidenta Victoria Villarruel hasta la sistem\u00e1tica exclusi\u00f3n presupuestaria a los organismos de memoria, la gesti\u00f3n de Javier Milei se ha propuesto reescribir la historia en clave de revancha ideol\u00f3gica. Pero la memoria no obedece decretos ni recortes: sobrevive porque tiene ra\u00edces en los pueblos.<\/p>\n\n\n\n<p>Claudia Poblete, una de las voces m\u00e1s potentes del acto, record\u00f3 que las Abuelas llevan <strong>48 a\u00f1os<\/strong> buscando a los nietos apropiados por el terrorismo de Estado. \u201cEstos nietos pueden estar en cualquier parte del mundo\u201d, dijo, y lo afirm\u00f3 con la serenidad de quien ya atraves\u00f3 el infierno. Poblete fue secuestrada con sus padres cuando ten\u00eda ocho meses, y creci\u00f3 bajo el apellido falso que le impuso un militar. Su restituci\u00f3n en el a\u00f1o 2000 fue uno de los casos m\u00e1s emblem\u00e1ticos de justicia y reparaci\u00f3n. Desde entonces, su compromiso con la causa se mantiene inalterable: \u201cEl derecho a la identidad es algo que debemos defender\u201d, insisti\u00f3 ante el auditorio.<\/p>\n\n\n\n<p>Ese derecho, tan b\u00e1sico y al mismo tiempo tan negado, se encuentra hoy bajo ataque en la Argentina. La pol\u00edtica del gobierno libertario ha desfinanciado las instituciones encargadas de sostener la memoria y la justicia, mientras multiplica los discursos revisionistas. En este sentido, el acto en Uruguay no fue solo un gesto humanitario: fue tambi\u00e9n un desaf\u00edo pol\u00edtico al clima de desmemoria. La presencia del presidente Orsi y de figuras del arte y la cultura como Le\u00f3n Gieco, Silvio Rodr\u00edguez y Ana Prada refuerza la idea de que la verdad y la justicia no tienen fronteras, y que la solidaridad entre pueblos es la \u00fanica forma de frenar la regresi\u00f3n autoritaria.<\/p>\n\n\n\n<p>Carlos Solsona, otro protagonista de la jornada, relat\u00f3 la historia de su hija Marcela, la \u201cNieta 129\u201d. Secuestrada en Buenos Aires durante la dictadura, fue hallada m\u00e1s de cuatro d\u00e9cadas despu\u00e9s, viviendo en Espa\u00f1a. \u201cA m\u00ed me convirtieron en una met\u00e1fora\u201d, dijo Solsona con la voz quebrada. \u201cSoy el padre de la Nieta 129.\u201d Hoy Marcela milita en el nodo de la Red en Espa\u00f1a, convocando a quienes dudan de su identidad con una frase simple y poderosa: \u201cAnd\u00e1, no te vas a arrepentir. Es todo ganancia.\u201d Esa cadena de transmisi\u00f3n emocional y pol\u00edtica demuestra que la lucha de las Abuelas no envejece: se multiplica.<\/p>\n\n\n\n<p>La Red por el Derecho a la Identidad ya cuenta con m\u00e1s de 40 nodos en Argentina y varios en el exterior \u2014Estados Unidos, Canad\u00e1, Espa\u00f1a, Italia y Francia\u2014. Ahora, con la apertura en Montevideo, se ampl\u00eda el mapa de la b\u00fasqueda. El nodo uruguayo permitir\u00e1 que cualquier persona con dudas sobre su origen acceda a las instancias del Banco Nacional de Datos Gen\u00e9ticos, bajo la coordinaci\u00f3n de la Comisi\u00f3n Nacional por el Derecho a la Identidad (CONADI). En palabras de Gelman, \u201ces un esfuerzo conjunto entre la sociedad civil y los Estados. Para los Estados, es una obligaci\u00f3n\u201d. Esa afirmaci\u00f3n es un dardo directo contra la indiferencia oficial del actual gobierno argentino, que pretende reducir a la m\u00ednima expresi\u00f3n la pol\u00edtica de derechos humanos.<\/p>\n\n\n\n<p>En el auditorio tambi\u00e9n estuvo Sara M\u00e9ndez, sobreviviente del centro clandestino Automotores Orletti, quien pas\u00f3 25 a\u00f1os buscando a su hijo Sim\u00f3n. Su presencia record\u00f3 que las dictaduras del Cono Sur actuaron en bloque, que los vuelos de la muerte cruzaban el R\u00edo de la Plata, y que la represi\u00f3n no fue una serie de excesos, sino un plan sistem\u00e1tico de exterminio. Esa verdad inc\u00f3moda es la que sectores del poder intentan enterrar nuevamente bajo el disfraz del \u201crevisionismo hist\u00f3rico\u201d.<\/p>\n\n\n\n<p>La emoci\u00f3n se desbord\u00f3 cuando Le\u00f3n Gieco, acompa\u00f1ado por la murga Agarrate Catalina, cerr\u00f3 la jornada con su himno a la memoria. En medio de abrazos y l\u00e1grimas, su voz reson\u00f3 con una advertencia: \u201cQue el dolor no nos sea indiferente\u201d. Esa frase, que alguna vez fue canci\u00f3n, hoy se convierte en una consigna urgente frente a la deshumanizaci\u00f3n que promueve el modelo libertario: un modelo que celebra la competencia individual y desprecia la solidaridad, que considera el dolor ajeno un costo colateral de la libertad del mercado.<\/p>\n\n\n\n<p>El contraste es evidente. Mientras el gobierno de Javier Milei intenta borrar los s\u00edmbolos de la memoria, desfinancia programas, hostiga a organismos y relativiza el terrorismo de Estado, las Abuelas siguen abriendo caminos en Am\u00e9rica Latina. En un tiempo donde los discursos oficiales banalizan el horror y exaltan la impunidad, ellas levantan la bandera m\u00e1s noble que tiene una sociedad: el derecho a saber qui\u00e9nes somos. En Uruguay, ese derecho se amplifica y se convierte en puente regional, demostrando que la identidad, la justicia y la verdad no reconocen l\u00edmites geogr\u00e1ficos ni ideol\u00f3gicos.<\/p>\n\n\n\n<p>La creaci\u00f3n del nodo uruguayo no es solo una expansi\u00f3n institucional: es una victoria moral en un momento de oscuridad pol\u00edtica. Representa el triunfo de la memoria sobre el negacionismo, del amor sobre el odio, y de la humanidad sobre el c\u00e1lculo fr\u00edo de la pol\u00edtica neoliberal. Cuando Macarena Gelman concluy\u00f3 su discurso con el juramento de \u201cseguir hasta encontrarlos a todos\u201d, no hablaba solo de los nietos perdidos: hablaba de un pa\u00eds que no se resigna a perder su memoria, aunque su gobierno intente vend\u00e9rsela al mejor postor.<\/p>\n\n\n\n<p>En esa promesa late el esp\u00edritu m\u00e1s puro del pueblo argentino: el de quienes entienden que no hay futuro posible sin verdad, justicia e identidad. Las Abuelas siguen record\u00e1ndonos, una y otra vez, que la memoria no es un museo del dolor, sino una herramienta de transformaci\u00f3n. Que la b\u00fasqueda de los nietos apropiados no es solo una cuesti\u00f3n familiar, sino una causa colectiva. Y que, frente a los mercaderes del olvido, la \u00fanica respuesta digna es la perseverancia.<\/p>\n\n\n\n<h3 class=\"wp-block-heading\">Fuentes<\/h3>\n\n\n\n<p>Pagina12 &#8211; Las Abuelas de Plaza de Mayo lanzan una campa\u00f1a de b\u00fasqueda de sus nietos en Uruguay: \u00abHasta encontrarlos a todos\u00bb <a href=\"https:\/\/www.pagina12.com.ar\/871107-las-abuelas-de-plaza-de-mayo-lanzan-una-campana-de-busqueda-\">https:\/\/www.pagina12.com.ar\/871107-las-abuelas-de-plaza-de-mayo-lanzan-una-campana-de-busqueda-<\/a><\/p>\n","protected":false},"excerpt":{"rendered":"<p>Macarena Gelman, junto al presidente uruguayo Yamand\u00fa Orsi y Le\u00f3n Gieco, encabez\u00f3 el lanzamiento del nodo uruguayo de la Red por el Derecho a la Identidad. La campa\u00f1a, impulsada por Abuelas de Plaza de Mayo, reafirma su compromiso con la verdad y la justicia frente a los intentos de desmemoria impulsados por los sectores m\u00e1s&#8230;<\/p>\n","protected":false},"author":12,"featured_media":10640,"comment_status":"open","ping_status":"open","sticky":false,"template":"","format":"standard","meta":{"_monsterinsights_skip_tracking":false,"_monsterinsights_sitenote_active":false,"_monsterinsights_sitenote_note":"","_monsterinsights_sitenote_category":0,"footnotes":"","jetpack_publicize_message":"","jetpack_publicize_feature_enabled":true,"jetpack_social_post_already_shared":true,"jetpack_social_options":{"image_generator_settings":{"template":"highway","default_image_id":0,"font":"","enabled":false},"version":2}},"categories":[1908],"tags":[],"class_list":["post-10639","post","type-post","status-publish","format-standard","has-post-thumbnail","hentry","category-derechos-humanos"],"jetpack_publicize_connections":[],"_links":{"self":[{"href":"https:\/\/www.enorsai.com\/noticias\/wp-json\/wp\/v2\/posts\/10639","targetHints":{"allow":["GET"]}}],"collection":[{"href":"https:\/\/www.enorsai.com\/noticias\/wp-json\/wp\/v2\/posts"}],"about":[{"href":"https:\/\/www.enorsai.com\/noticias\/wp-json\/wp\/v2\/types\/post"}],"author":[{"embeddable":true,"href":"https:\/\/www.enorsai.com\/noticias\/wp-json\/wp\/v2\/users\/12"}],"replies":[{"embeddable":true,"href":"https:\/\/www.enorsai.com\/noticias\/wp-json\/wp\/v2\/comments?post=10639"}],"version-history":[{"count":1,"href":"https:\/\/www.enorsai.com\/noticias\/wp-json\/wp\/v2\/posts\/10639\/revisions"}],"predecessor-version":[{"id":10641,"href":"https:\/\/www.enorsai.com\/noticias\/wp-json\/wp\/v2\/posts\/10639\/revisions\/10641"}],"wp:featuredmedia":[{"embeddable":true,"href":"https:\/\/www.enorsai.com\/noticias\/wp-json\/wp\/v2\/media\/10640"}],"wp:attachment":[{"href":"https:\/\/www.enorsai.com\/noticias\/wp-json\/wp\/v2\/media?parent=10639"}],"wp:term":[{"taxonomy":"category","embeddable":true,"href":"https:\/\/www.enorsai.com\/noticias\/wp-json\/wp\/v2\/categories?post=10639"},{"taxonomy":"post_tag","embeddable":true,"href":"https:\/\/www.enorsai.com\/noticias\/wp-json\/wp\/v2\/tags?post=10639"}],"curies":[{"name":"wp","href":"https:\/\/api.w.org\/{rel}","templated":true}]}}