{"id":10625,"date":"2025-11-03T21:56:00","date_gmt":"2025-11-04T00:56:00","guid":{"rendered":"https:\/\/www.enorsai.com\/noticias\/?p=10625"},"modified":"2025-11-03T22:06:07","modified_gmt":"2025-11-04T01:06:07","slug":"kicillof-denuncio-que-milei-le-robo-al-pueblo-bonaerense-y-presento-el-presupuesto-2026","status":"publish","type":"post","link":"https:\/\/www.enorsai.com\/noticias\/politica\/kicillof-denuncio-que-milei-le-robo-al-pueblo-bonaerense-y-presento-el-presupuesto-2026\/","title":{"rendered":"Kicillof denunci\u00f3 que Milei \u201cle rob\u00f3 al pueblo bonaerense\u201d y present\u00f3 el Presupuesto 2026"},"content":{"rendered":"\n<p>El gobernador bonaerense present\u00f3 el Presupuesto 2026 con duras cr\u00edticas al presidente Javier Milei. Denunci\u00f3 que la Naci\u00f3n retiene el 70 % de los recursos generados por la Provincia, mientras Buenos Aires recibe apenas el 7 % de la coparticipaci\u00f3n. Acus\u00f3 al Gobierno nacional de incumplir leyes y desfinanciar \u00e1reas clave como educaci\u00f3n, salud y seguridad.<\/p>\n\n\n\n<p>En un discurso cargado de contenido pol\u00edtico y econ\u00f3mico, Axel Kicillof asegur\u00f3 que el Gobierno nacional \u201cle rob\u00f3 al pueblo de la provincia de Buenos Aires\u201d. Lo hizo durante la presentaci\u00f3n del Presupuesto 2026, acompa\u00f1ado por su gabinete y legisladores del oficialismo. Denunci\u00f3 la marginaci\u00f3n pol\u00edtica de la Provincia, la paralizaci\u00f3n de obras y el ahogo financiero que sufren los municipios.<\/p>\n\n\n\n<p>El Sal\u00f3n Dorado de la Gobernaci\u00f3n bonaerense fue el escenario donde Axel Kicillof elev\u00f3 el tono contra la administraci\u00f3n de Javier Milei. All\u00ed, rodeado de intendentes, legisladores y funcionarios, el gobernador present\u00f3 el proyecto de Presupuesto 2026 junto a la Ley Impositiva y la Ley de Financiamiento. Pero el anuncio trascendi\u00f3 lo t\u00e9cnico: se transform\u00f3 en una denuncia pol\u00edtica contra el gobierno central por lo que calific\u00f3 como un \u201crobo al pueblo bonaerense\u201d.<\/p>\n\n\n\n<p>Con la serenidad de un profesor que explica cifras pero el enojo de un dirigente que se sabe perjudicado, Kicillof apunt\u00f3 directo: \u201cLa Provincia aporta el 38 % de todos los recursos nacionales, y de ese total, el 70 % se queda el Gobierno nacional. La Provincia est\u00e1 discriminada, solo recibe el 7 % de la masa coparticipable. Por eso voy a pedir acompa\u00f1amiento a la Legislatura para reclamar por las deudas\u201d. No fue una frase aislada: fue una acusaci\u00f3n que sintetiza meses de tensiones entre la Casa Rosada y la Gobernaci\u00f3n de Buenos Aires.<\/p>\n\n\n\n<p>El gobernador no ahorr\u00f3 definiciones pol\u00edticas. Enfatiz\u00f3 que el Ejecutivo nacional no solo discrimina en la distribuci\u00f3n de fondos, sino que incumple obligaciones legales para apropiarse de recursos que pertenecen a la Provincia. \u201cEl Presidente podr\u00e1 tener su ideolog\u00eda, pero dejar afuera a 17 millones de bonaerenses es una p\u00e9sima idea. Agrede al federalismo y a la democracia\u201d, dispar\u00f3, en alusi\u00f3n al reciente encuentro de Milei con los gobernadores al que Buenos Aires fue deliberadamente excluida.<\/p>\n\n\n\n<p>El tono de Kicillof fue m\u00e1s de confrontaci\u00f3n que de conciliaci\u00f3n. Desde el comienzo del acto, el ministro de Econom\u00eda, Pablo L\u00f3pez, explic\u00f3 los fundamentos del paquete legislativo, pero el gobernador centr\u00f3 su intervenci\u00f3n en la necesidad de refinanciar la deuda provincial y en las consecuencias del desfinanciamiento nacional. \u201cHemos tenido un manejo absolutamente virtuoso de la deuda, reduciendo su peso sobre el producto bruto. Si no logramos refinanciar, ese peso recaer\u00e1 sobre las erogaciones del Presupuesto\u201d, advirti\u00f3, dejando claro que la restricci\u00f3n de recursos puede afectar \u00e1reas sensibles como educaci\u00f3n, salud y obra p\u00fablica.<\/p>\n\n\n\n<p>La denuncia de Kicillof no es nueva, pero cobra una dimensi\u00f3n m\u00e1s grave en el contexto actual: un gobierno nacional que concentra los recursos mientras recorta fondos esenciales. En su discurso, el mandatario enumer\u00f3 los principales recortes de la administraci\u00f3n Milei: el Fondo de Seguridad, el Fondo Compensador del Transporte, el Fondo para las Jubilaciones, el FONID y la paralizaci\u00f3n de obras y viviendas. Seg\u00fan su planteo, estas medidas no son simples ajustes t\u00e9cnicos sino decisiones pol\u00edticas que golpean directamente a los sectores m\u00e1s vulnerables y deterioran la calidad de vida en la provincia m\u00e1s poblada del pa\u00eds.<\/p>\n\n\n\n<p>\u201cEl Gobierno nacional le rob\u00f3 al pueblo de la provincia de Buenos Aires\u201d, reiter\u00f3 con \u00e9nfasis. La frase, cargada de contenido emocional, condens\u00f3 la bronca acumulada de una gesti\u00f3n que se siente castigada por razones ideol\u00f3gicas. Porque detr\u00e1s del lenguaje t\u00e9cnico de los presupuestos, lo que se discute es poder, autonom\u00eda y justicia distributiva.<\/p>\n\n\n\n<p>El proyecto presentado incluye una inversi\u00f3n de capital total de 3,2 billones de pesos, con el objetivo de sostener la obra p\u00fablica como motor del desarrollo provincial. Kicillof reivindic\u00f3 el rol del Estado como generador de empleo y promotor de derechos, en contraposici\u00f3n al discurso libertario que demoniza la intervenci\u00f3n estatal. \u201cLa obra p\u00fablica no es gasto, es inversi\u00f3n en calidad de vida, en rutas, en escuelas, en hospitales\u201d, afirm\u00f3, defendiendo programas emblem\u00e1ticos como Escuelas a la Obra, la reurbanizaci\u00f3n de barrios populares y los planes h\u00eddricos del Gran La Plata y Bah\u00eda Blanca-Coronel Rosales.<\/p>\n\n\n\n<p>En materia de protecci\u00f3n social, el Presupuesto prev\u00e9 una inversi\u00f3n de 1,7 billones de pesos, destinada a programas alimentarios y asistencia a los sectores m\u00e1s postergados. En salud, se proyecta un monto similar, priorizando infraestructura hospitalaria, equipamiento y la continuidad del Instituto Provincial del C\u00e1ncer. Para educaci\u00f3n, el monto alcanzar\u00e1 los 1,3 billones, con foco en la ampliaci\u00f3n de la jornada completa, la obligatoriedad desde los tres a\u00f1os y la finalizaci\u00f3n de obras educativas abandonadas por la Naci\u00f3n.<\/p>\n\n\n\n<p>Estas cifras no solo evidencian prioridades distintas respecto del Gobierno nacional, sino que plantean una concepci\u00f3n opuesta del rol del Estado. Mientras Milei predica el ajuste y la privatizaci\u00f3n, Kicillof insiste en la inversi\u00f3n p\u00fablica como herramienta de inclusi\u00f3n. \u201cNecesitamos tener las leyes. Es imperioso e important\u00edsimo\u201d, subray\u00f3, pidiendo acompa\u00f1amiento legislativo para aprobar el Presupuesto, la Ley Impositiva y la de Financiamiento.<\/p>\n\n\n\n<p>Sobre esta \u00faltima, el gobernador explic\u00f3 que su objetivo es mantener la deuda provincial en niveles sostenibles y, al mismo tiempo, crear un Fondo de Fortalecimiento de la Inversi\u00f3n Municipal. Esa medida busca garantizar que los municipios puedan continuar con obras de infraestructura prioritarias, en un contexto donde los env\u00edos nacionales se redujeron dr\u00e1sticamente.<\/p>\n\n\n\n<p>La Ley Impositiva 2026, por su parte, apunta a \u201creconocer el esfuerzo de los sectores productivos y no incrementar la carga tributaria\u201d. Kicillof sostuvo que la Provincia mantendr\u00e1 la estructura impositiva, eliminando distorsiones heredadas del a\u00f1o anterior y priorizando a las MiPyMES, el coraz\u00f3n de la econom\u00eda bonaerense. En una econom\u00eda nacional golpeada por la recesi\u00f3n y la inflaci\u00f3n, esta medida aparece como un intento de equilibrar justicia fiscal y est\u00edmulo productivo.<\/p>\n\n\n\n<p>M\u00e1s all\u00e1 de la exposici\u00f3n de n\u00fameros, la presentaci\u00f3n se ley\u00f3 como un mensaje pol\u00edtico al Gobierno nacional. Kicillof busc\u00f3 posicionarse no solo como gobernador, sino como defensor de los intereses del pueblo bonaerense frente a un poder central que, seg\u00fan su visi\u00f3n, gobierna para los mercados y los acreedores externos. La tensi\u00f3n entre Naci\u00f3n y Provincia qued\u00f3 al descubierto: mientras Milei promueve un modelo de concentraci\u00f3n financiera, Kicillof defiende la inversi\u00f3n estatal, el federalismo y la redistribuci\u00f3n.<\/p>\n\n\n\n<p>La dimensi\u00f3n simb\u00f3lica del acto fue evidente. A su lado estuvieron la vicegobernadora Ver\u00f3nica Magario, el ministro de Gobierno Carlos Bianco y el presidente de la C\u00e1mara de Diputados bonaerense, Alexis Guerrera. Todos respaldaron un discurso que, lejos de la tibieza, fue un alegato contra la exclusi\u00f3n pol\u00edtica y econ\u00f3mica de Buenos Aires. \u201cDejar afuera a la provincia m\u00e1s grande, productiva y poblada del pa\u00eds es un error hist\u00f3rico\u201d, enfatiz\u00f3 Kicillof.<\/p>\n\n\n\n<p>Su mensaje final combin\u00f3 diagn\u00f3stico y advertencia. \u201cLa Provincia est\u00e1 discriminada\u201d, repiti\u00f3. \u201cVamos a reclamar con fuerza lo que nos corresponde\u201d. El tono de reclamo deja entrever un conflicto institucional que puede escalar si la Casa Rosada no revisa su pol\u00edtica de distribuci\u00f3n de fondos. En tiempos en que el gobierno de Milei promueve un ajuste feroz y desmantela programas sociales, el gobernador bonaerense se presenta como una voz disonante que reivindica el federalismo real y el derecho de los bonaerenses a recibir lo que producen.<\/p>\n\n\n\n<p>La disputa entre Naci\u00f3n y Provincia, lejos de cerrarse, parece apenas comenzar. Mientras Milei habla de recortar, Kicillof habla de invertir. Mientras uno festeja la motosierra, el otro defiende el derecho a la obra p\u00fablica. Y en el medio, millones de bonaerenses esperan que el Estado \u2014sea provincial o nacional\u2014 no les d\u00e9 la espalda.<\/p>\n\n\n\n<p><strong>Fuentes :<\/strong><br>Kicillof: \u201cEl Gobierno nacional le rob\u00f3 al pueblo de la provincia de Buenos Aires\u201d<br><a href=\"https:\/\/www.tiempoar.com.ar\/ta_article\/kicillof-el-gobierno-nacional-le-robo-al-pueblo-de-la-provincia-de-buenos-aires\/\">https:\/\/www.gba.gob.ar\/comunicacion\/noticias\/kicillof_el_gobierno_nacional_le_rob%C3%B3_al_pueblo_de_la_provincia_de_buenos_aires<\/a><\/p>\n","protected":false},"excerpt":{"rendered":"<p>El gobernador bonaerense present\u00f3 el Presupuesto 2026 con duras cr\u00edticas al presidente Javier Milei. Denunci\u00f3 que la Naci\u00f3n retiene el 70 % de los recursos generados por la Provincia, mientras Buenos Aires recibe apenas el 7 % de la coparticipaci\u00f3n. Acus\u00f3 al Gobierno nacional de incumplir leyes y desfinanciar \u00e1reas clave como educaci\u00f3n, salud y&#8230;<\/p>\n","protected":false},"author":13,"featured_media":10626,"comment_status":"open","ping_status":"open","sticky":false,"template":"","format":"standard","meta":{"_monsterinsights_skip_tracking":false,"_monsterinsights_sitenote_active":false,"_monsterinsights_sitenote_note":"","_monsterinsights_sitenote_category":0,"footnotes":"","jetpack_publicize_message":"","jetpack_publicize_feature_enabled":true,"jetpack_social_post_already_shared":true,"jetpack_social_options":{"image_generator_settings":{"template":"highway","default_image_id":0,"font":"","enabled":false},"version":2}},"categories":[2],"tags":[58,776,1530,26,823,1287,104,45,1996,3997],"class_list":["post-10625","post","type-post","status-publish","format-standard","has-post-thumbnail","hentry","category-politica","tag-ajuste","tag-buenos-aires","tag-coparticipacion","tag-deuda","tag-discriminacion","tag-federalismo","tag-kicillof","tag-milei","tag-obras-publicas","tag-presupuesto2026"],"jetpack_publicize_connections":[],"_links":{"self":[{"href":"https:\/\/www.enorsai.com\/noticias\/wp-json\/wp\/v2\/posts\/10625","targetHints":{"allow":["GET"]}}],"collection":[{"href":"https:\/\/www.enorsai.com\/noticias\/wp-json\/wp\/v2\/posts"}],"about":[{"href":"https:\/\/www.enorsai.com\/noticias\/wp-json\/wp\/v2\/types\/post"}],"author":[{"embeddable":true,"href":"https:\/\/www.enorsai.com\/noticias\/wp-json\/wp\/v2\/users\/13"}],"replies":[{"embeddable":true,"href":"https:\/\/www.enorsai.com\/noticias\/wp-json\/wp\/v2\/comments?post=10625"}],"version-history":[{"count":1,"href":"https:\/\/www.enorsai.com\/noticias\/wp-json\/wp\/v2\/posts\/10625\/revisions"}],"predecessor-version":[{"id":10627,"href":"https:\/\/www.enorsai.com\/noticias\/wp-json\/wp\/v2\/posts\/10625\/revisions\/10627"}],"wp:featuredmedia":[{"embeddable":true,"href":"https:\/\/www.enorsai.com\/noticias\/wp-json\/wp\/v2\/media\/10626"}],"wp:attachment":[{"href":"https:\/\/www.enorsai.com\/noticias\/wp-json\/wp\/v2\/media?parent=10625"}],"wp:term":[{"taxonomy":"category","embeddable":true,"href":"https:\/\/www.enorsai.com\/noticias\/wp-json\/wp\/v2\/categories?post=10625"},{"taxonomy":"post_tag","embeddable":true,"href":"https:\/\/www.enorsai.com\/noticias\/wp-json\/wp\/v2\/tags?post=10625"}],"curies":[{"name":"wp","href":"https:\/\/api.w.org\/{rel}","templated":true}]}}