{"id":10617,"date":"2025-11-03T17:09:45","date_gmt":"2025-11-03T20:09:45","guid":{"rendered":"https:\/\/www.enorsai.com\/noticias\/?p=10617"},"modified":"2025-11-03T21:01:19","modified_gmt":"2025-11-04T00:01:19","slug":"lo-ubicaron-feinmann-amenazo-a-parrilli-y-recibio-una-dura-respuesta-de-dalbon","status":"publish","type":"post","link":"https:\/\/www.enorsai.com\/noticias\/politica\/lo-ubicaron-feinmann-amenazo-a-parrilli-y-recibio-una-dura-respuesta-de-dalbon\/","title":{"rendered":"\u00a1Lo ubicaron! Feinmann amenaz\u00f3 a Parrilli y recibi\u00f3 una dura respuesta de Dalb\u00f3n"},"content":{"rendered":"\n<p>El periodista Eduardo Feinmann volvi\u00f3 a quedar en el centro de la pol\u00e9mica tras publicar un mensaje en la red social X en el que pidi\u00f3 que \u201cla justicia vaya por\u201d el senador Oscar Parrilli una vez que pierda sus fueros. La respuesta del abogado Gregorio Dalb\u00f3n fue contundente: lo acus\u00f3 de incitar la persecuci\u00f3n y ser parte del lawfare medi\u00e1tico.<br><br>El episodio expone nuevamente el deterioro de la \u00e9tica en ciertos sectores del periodismo argentino, donde la opini\u00f3n militante se disfraza de informaci\u00f3n y la hostilidad se convierte en bandera. La violencia simb\u00f3lica, ejercida desde los medios, deja de ser solo discurso para transformarse en amenaza.<br><br>Eduardo Feinmann, periodista y figura habitual de los medios alineados al oficialismo libertario, public\u00f3 un mensaje en su cuenta de X que desat\u00f3 una fuerte reacci\u00f3n p\u00fablica: \u201cDespu\u00e9s del 10 de diciembre, queda sin fueros. La justicia debe ir por \u00e9l\u201d, escribi\u00f3, en referencia al senador nacional Oscar Parrilli. No se trat\u00f3 de una mera opini\u00f3n: la frase implic\u00f3 una invitaci\u00f3n a la persecuci\u00f3n judicial contra un legislador electo, una pr\u00e1ctica que en cualquier democracia madura ser\u00eda considerada una afrenta a los valores republicanos y al periodismo responsable.<br><br>La respuesta no tard\u00f3 en llegar. Gregorio Dalb\u00f3n, abogado y defensor de Cristina Fern\u00e1ndez de Kirchner, respondi\u00f3 con dureza y precisi\u00f3n quir\u00fargica: \u201c\u00bfQu\u00e9 te pas\u00f3 en la vida? Amenaz\u00e1s a un senador de la Naci\u00f3n porque cre\u00e9s que los micr\u00f3fonos te protegen\u201d. Dalb\u00f3n no solo cuestion\u00f3 el tono amenazante del mensaje, sino que desnud\u00f3 la l\u00f3gica detr\u00e1s de ese discurso: la del \u201clawfare medi\u00e1tico\u201d, esa maquinaria de difamaci\u00f3n y persecuci\u00f3n judicial que en los \u00faltimos a\u00f1os ha sido utilizada para criminalizar a dirigentes opositores y condicionar la voluntad popular.<\/p>\n\n\n\n<figure class=\"wp-block-embed is-type-rich is-provider-twitter wp-block-embed-twitter\"><div class=\"wp-block-embed__wrapper\">\n<blockquote class=\"twitter-tweet\" data-width=\"550\" data-dnt=\"true\"><p lang=\"es\" dir=\"ltr\">\u00a1Lo ubicaron! Feinmann amenaz\u00f3 a Parrilli y recibi\u00f3 una dura respuesta de Dalb\u00f3n<a href=\"https:\/\/t.co\/YK7iiANpSx\">https:\/\/t.co\/YK7iiANpSx<\/a> <a href=\"https:\/\/t.co\/aMboH30Jry\">pic.twitter.com\/aMboH30Jry<\/a><\/p>&mdash; En Orsai (@EnOrsai) <a href=\"https:\/\/twitter.com\/EnOrsai\/status\/1985442252005515456?ref_src=twsrc%5Etfw\">November 3, 2025<\/a><\/blockquote><script async src=\"https:\/\/platform.twitter.com\/widgets.js\" charset=\"utf-8\"><\/script>\n<\/div><\/figure>\n\n\n\n<p>\u201cEl 10 de diciembre no se acaban los fueros de Parrilli: se acaba la impunidad de los serviles\u201d, continu\u00f3 Dalb\u00f3n, para luego rematar con una frase que reson\u00f3 en las redes: \u201cVos, Feinmann, no sos periodista: sos parte del lawfare medi\u00e1tico que prepar\u00f3 el terreno para encarcelar inocentes y destrozar la democracia\u201d.<br><br>Lo que podr\u00eda parecer un intercambio personal entre dos figuras medi\u00e1ticas en realidad exhibe algo m\u00e1s profundo: la normalizaci\u00f3n del odio como estrategia pol\u00edtica y comunicacional. La prensa convertida en trinchera ideol\u00f3gica deja de informar para perseguir, de analizar para adoctrinar, y de cuestionar el poder para ser su vocera.<br><br>Feinmann, que en otras \u00e9pocas defend\u00eda la necesidad de un periodismo \u201cprofesional y objetivo\u201d, se transform\u00f3 en un actor pol\u00edtico expl\u00edcito, utilizando su plataforma para hostigar, se\u00f1alar y estigmatizar a quienes considera enemigos. Su mensaje contra Parrilli no es una excepci\u00f3n: es parte de un patr\u00f3n de conducta donde la agresi\u00f3n se disfraza de libertad de expresi\u00f3n y el desprecio se vende como valent\u00eda.<br><br>Desde el retorno de la democracia, el periodismo argentino atraves\u00f3 etapas de tensi\u00f3n, censura y enfrentamiento. Pero pocas veces el deterioro \u00e9tico fue tan visible. La legitimaci\u00f3n del discurso violento desde los medios genera un clima en el que la amenaza deja de ser simb\u00f3lica. Cuando un periodista \u201cexige\u201d que la justicia \u201cvaya por\u201d un funcionario electo, est\u00e1 cruzando el l\u00edmite entre la cr\u00edtica y la incitaci\u00f3n, entre la libertad y la coerci\u00f3n.<br><br>Dalb\u00f3n, al responder, no solo defendi\u00f3 a Parrilli: puso en evidencia una estructura de poder donde ciertos comunicadores act\u00faan como operadores judiciales, generando presi\u00f3n social para justificar procesos ama\u00f1ados o condenas medi\u00e1ticas. Esa alianza entre micr\u00f3fonos, tribunales y corporaciones econ\u00f3micas tiene nombre: lawfare. Y es, quiz\u00e1s, una de las formas m\u00e1s sofisticadas de persecuci\u00f3n pol\u00edtica en el siglo XXI.<br><br>El intercambio entre Feinmann y Dalb\u00f3n no debe leerse como una simple pelea de egos en las redes sociales. Es un reflejo del estado del debate p\u00fablico argentino, donde el insulto reemplaza al argumento y la venganza medi\u00e1tica sustituye al periodismo de investigaci\u00f3n. Que un comunicador con d\u00e9cadas de trayectoria recurra a la amenaza p\u00fablica contra un legislador demuestra hasta qu\u00e9 punto ciertos sectores han renunciado a la \u00e9tica profesional.<br><br>El rol del periodismo en una democracia no es \u201cir por\u201d nadie. Es investigar, contextualizar, informar y servir al inter\u00e9s p\u00fablico. Lo que hizo Feinmann fue exactamente lo contrario: usar la visibilidad medi\u00e1tica para alentar el odio y la persecuci\u00f3n. Un periodista que act\u00faa as\u00ed no cumple una funci\u00f3n social, sino una tarea de disciplinamiento pol\u00edtico.<br><br>En tiempos donde el poder pol\u00edtico promueve la eliminaci\u00f3n del pensamiento cr\u00edtico y la concentraci\u00f3n medi\u00e1tica refuerza discursos \u00fanicos, cada mensaje p\u00fablico adquiere peso. Lo que un periodista diga o insin\u00fae desde una pantalla o una red social puede contribuir a la convivencia democr\u00e1tica o a su destrucci\u00f3n. Feinmann eligi\u00f3 el segundo camino.<br><br>Dalb\u00f3n cerr\u00f3 su respuesta con una frase que sintetiza el trasfondo moral del asunto: \u201cCuando caiga el tel\u00f3n del odio, la historia te va a poner donde pone a los cobardes: del lado de los que aplaudieron la persecuci\u00f3n. Y ese juicio, el de la memoria, no tiene fueros ni plazos. GIL\u201d. Es un recordatorio de que, m\u00e1s all\u00e1 de los micr\u00f3fonos, los trending topics o los contratos televisivos, hay una instancia que siempre llega: la del juicio hist\u00f3rico.<br><br>La \u00e9tica period\u00edstica no se mide por la ideolog\u00eda, sino por el respeto a los hechos y a la dignidad humana. Y cuando un periodista amenaza a un senador, no solo ofende a una persona: erosiona el principio democr\u00e1tico de la representaci\u00f3n popular. En definitiva, lo que Feinmann hizo no fue opinar: fue participar activamente de un proceso de persecuci\u00f3n pol\u00edtica. Y eso, en cualquier pa\u00eds que se precie de democr\u00e1tico, no se llama periodismo.<\/p>\n","protected":false},"excerpt":{"rendered":"<p>El periodista Eduardo Feinmann volvi\u00f3 a quedar en el centro de la pol\u00e9mica tras publicar un mensaje en la red social X en el que pidi\u00f3 que \u201cla justicia vaya por\u201d el senador Oscar Parrilli una vez que pierda sus fueros. La respuesta del abogado Gregorio Dalb\u00f3n fue contundente: lo acus\u00f3 de incitar la persecuci\u00f3n&#8230;<\/p>\n","protected":false},"author":11,"featured_media":10618,"comment_status":"open","ping_status":"open","sticky":false,"template":"","format":"standard","meta":{"_monsterinsights_skip_tracking":false,"_monsterinsights_sitenote_active":false,"_monsterinsights_sitenote_note":"","_monsterinsights_sitenote_category":0,"footnotes":"","jetpack_publicize_message":"","jetpack_publicize_feature_enabled":true,"jetpack_social_post_already_shared":true,"jetpack_social_options":{"image_generator_settings":{"template":"highway","default_image_id":0,"font":"","enabled":false},"version":2}},"categories":[2],"tags":[],"class_list":["post-10617","post","type-post","status-publish","format-standard","has-post-thumbnail","hentry","category-politica"],"jetpack_publicize_connections":[],"_links":{"self":[{"href":"https:\/\/www.enorsai.com\/noticias\/wp-json\/wp\/v2\/posts\/10617","targetHints":{"allow":["GET"]}}],"collection":[{"href":"https:\/\/www.enorsai.com\/noticias\/wp-json\/wp\/v2\/posts"}],"about":[{"href":"https:\/\/www.enorsai.com\/noticias\/wp-json\/wp\/v2\/types\/post"}],"author":[{"embeddable":true,"href":"https:\/\/www.enorsai.com\/noticias\/wp-json\/wp\/v2\/users\/11"}],"replies":[{"embeddable":true,"href":"https:\/\/www.enorsai.com\/noticias\/wp-json\/wp\/v2\/comments?post=10617"}],"version-history":[{"count":2,"href":"https:\/\/www.enorsai.com\/noticias\/wp-json\/wp\/v2\/posts\/10617\/revisions"}],"predecessor-version":[{"id":10620,"href":"https:\/\/www.enorsai.com\/noticias\/wp-json\/wp\/v2\/posts\/10617\/revisions\/10620"}],"wp:featuredmedia":[{"embeddable":true,"href":"https:\/\/www.enorsai.com\/noticias\/wp-json\/wp\/v2\/media\/10618"}],"wp:attachment":[{"href":"https:\/\/www.enorsai.com\/noticias\/wp-json\/wp\/v2\/media?parent=10617"}],"wp:term":[{"taxonomy":"category","embeddable":true,"href":"https:\/\/www.enorsai.com\/noticias\/wp-json\/wp\/v2\/categories?post=10617"},{"taxonomy":"post_tag","embeddable":true,"href":"https:\/\/www.enorsai.com\/noticias\/wp-json\/wp\/v2\/tags?post=10617"}],"curies":[{"name":"wp","href":"https:\/\/api.w.org\/{rel}","templated":true}]}}