{"id":10592,"date":"2025-11-03T06:07:40","date_gmt":"2025-11-03T09:07:40","guid":{"rendered":"https:\/\/www.enorsai.com\/noticias\/?p=10592"},"modified":"2025-11-03T06:08:01","modified_gmt":"2025-11-03T09:08:01","slug":"indignacion-martin-menem-usa-a-ninos-para-propaganda-politica-en-una-excursion-escolar","status":"publish","type":"post","link":"https:\/\/www.enorsai.com\/noticias\/politica\/indignacion-martin-menem-usa-a-ninos-para-propaganda-politica-en-una-excursion-escolar\/","title":{"rendered":"Indignaci\u00f3n: Mart\u00edn Menem usa a ni\u00f1os para propaganda pol\u00edtica en una excursi\u00f3n escolar"},"content":{"rendered":"\n<p><p>Un grupo de chicos fue grabado durante una excursi\u00f3n en el Parque Arqueol\u00f3gico Saladillo repitiendo un mensaje pol\u00edtico a favor del presidente de la C\u00e1mara de Diputados. La escena reabre el debate sobre la \u00e9tica y el doble est\u00e1ndar de La Libertad Avanza, que acusa de adoctrinamiento a las universidades mientras utiliza ni\u00f1os para su promoci\u00f3n.<\/p><p>La pol\u00e9mica se desat\u00f3 en redes sociales luego de que circulara un video donde se observa a un grupo de ni\u00f1os repitiendo la frase \u201cGracias Mart\u00edn Menem\u201d, inducidos por una persona adulta que les advierte que, si no lo hacen, \u201cno los van a traer de vuelta\u201d. El hecho pone en evidencia una pr\u00e1ctica inadmisible: la utilizaci\u00f3n de menores de edad como instrumento de propaganda pol\u00edtica, un l\u00edmite que ni siquiera los m\u00e1s fervientes defensores del marketing electoral deber\u00edan cruzar. <\/p><\/p>\n\n\n\n<p>El video dura apenas unos segundos, pero alcanza para exponer toda una forma de hacer pol\u00edtica basada en el oportunismo y el cinismo. En la grabaci\u00f3n, filmada durante una excursi\u00f3n escolar al Parque Arqueol\u00f3gico Saladillo, se escucha a un adulto instando a los chicos a gritar \u201cGracias Mart\u00edn Menem\u201d. Lo m\u00e1s llamativo, y a la vez m\u00e1s humano del episodio, es la reacci\u00f3n espont\u00e1nea de los chicos: un rotundo \u201c\u00a1No!\u201d que, aunque arranca una sonrisa por su natural rebeld\u00eda, vuelve a\u00fan m\u00e1s triste el cuadro general. La risa que provoca su negativa es la que desnuda la manipulaci\u00f3n de fondo: el intento de obligar a menores a participar de un acto de propaganda pol\u00edtica bajo la amenaza absurda de que \u201csi no lo hacen, no los van a traer de vuelta\u201d.<\/p>\n\n\n\n<p>La escena, tan grotesca como simb\u00f3licamente violenta, retrata el verdadero rostro del \u201cnuevo orden moral\u201d que intenta imponer La Libertad Avanza. En nombre de la libertad y del fin del \u201cadoctrinamiento\u201d, los libertarios vuelven a demostrar que su discurso es una fachada. Mientras denuncian persecuci\u00f3n ideol\u00f3gica en las universidades y acusan a docentes de \u201cbajar l\u00ednea\u201d, desde su propio espacio pol\u00edtico promueven actos de manipulaci\u00f3n directa sobre ni\u00f1os, con una naturalidad escalofriante.<\/p>\n\n\n\n<figure class=\"wp-block-embed is-type-rich is-provider-twitter wp-block-embed-twitter\"><div class=\"wp-block-embed__wrapper\">\n<blockquote class=\"twitter-tweet\" data-width=\"550\" data-dnt=\"true\"><p lang=\"es\" dir=\"ltr\">-A la cuenta de 3, ustedes tienen que decir &quot;Gracias Mart\u00edn Menem!&quot;<br>-No!<br>-S\u00ed, si no nos van a traer de vuelta<br><br>Unos chicos de excursi\u00f3n en el Parque Arqueol\u00f3gico Saladillo. Ah pero los carteles en la facultad adoctrinan che <a href=\"https:\/\/t.co\/UnCrDwSoEZ\">pic.twitter.com\/UnCrDwSoEZ<\/a><\/p>&mdash; Arrepentidos de Milei (@ArrepentidosLLA) <a href=\"https:\/\/twitter.com\/ArrepentidosLLA\/status\/1985165688734957624?ref_src=twsrc%5Etfw\">November 3, 2025<\/a><\/blockquote><script async src=\"https:\/\/platform.twitter.com\/widgets.js\" charset=\"utf-8\"><\/script>\n<\/div><\/figure>\n\n\n\n<p>El caso de Mart\u00edn Menem, presidente de la C\u00e1mara de Diputados y una de las figuras m\u00e1s visibles del oficialismo, no es un hecho aislado. Se inscribe en una l\u00f3gica de propaganda permanente, en la que todo \u2014una escuela, una visita guiada, un video en redes\u2014 puede convertirse en instrumento de autopromoci\u00f3n. Pero en este caso, el l\u00edmite \u00e9tico se quebr\u00f3 con la utilizaci\u00f3n de menores de edad, sujetos de derecho protegidos por la Convenci\u00f3n Internacional sobre los Derechos del Ni\u00f1o, que proh\u00edbe expresamente cualquier forma de explotaci\u00f3n o instrumentalizaci\u00f3n con fines pol\u00edticos.<\/p>\n\n\n\n<p>Resulta parad\u00f3jico que quienes hablan de \u201cadoctrinamiento\u201d educativo y de \u201clibertad de pensamiento\u201d no duden en presionar a chicos y chicas para que repitan consignas. M\u00e1s que una simple contradicci\u00f3n, es la muestra de una profunda hipocres\u00eda pol\u00edtica: los mismos que se indignan por un mural universitario o una clase con contenido cr\u00edtico, ahora festejan que ni\u00f1os sean usados como herramienta de marketing.<\/p>\n\n\n\n<p>El silencio de los funcionarios de La Libertad Avanza ante este episodio no hace m\u00e1s que agravar la situaci\u00f3n. Ni Menem ni sus voceros salieron a repudiar el hecho o a aclarar si se trat\u00f3 de una iniciativa individual. La omisi\u00f3n habla por s\u00ed sola: hay una naturalizaci\u00f3n del uso de recursos p\u00fablicos y de personas \u2014en este caso, menores\u2014 para fines partidarios. Una pr\u00e1ctica que, en cualquier democracia madura, ser\u00eda motivo de sanci\u00f3n y esc\u00e1ndalo institucional.<\/p>\n\n\n\n<p>La escena de los ni\u00f1os gritando \u201cGracias Mart\u00edn Menem\u201d es la postal de una \u00e9poca: la de un gobierno que confunde propaganda con gesti\u00f3n, obediencia con civismo, manipulaci\u00f3n con educaci\u00f3n. Es tambi\u00e9n una advertencia sobre el deterioro del sentido \u00e9tico en la pol\u00edtica argentina, donde todo parece valer si sirve para reforzar el relato del poder.<\/p>\n\n\n\n<p>El episodio del Parque Arqueol\u00f3gico Saladillo deber\u00eda ser un punto de inflexi\u00f3n, un recordatorio de que los chicos no son herramientas electorales ni material de campa\u00f1a. Son ciudadanos en formaci\u00f3n, y su libertad \u2014la verdadera\u2014 merece m\u00e1s respeto del que la actual dirigencia libertaria est\u00e1 dispuesta a ofrecer.<\/p>\n\n\n\n<hr class=\"wp-block-separator has-alpha-channel-opacity\"\/>\n\n\n\n<p><strong>Etiquetas:<\/strong> , pol\u00edtica argentina<br \/><strong>Hashtags:<\/strong> #Mart\u00ednMenem #LaLibertadAvanza #Adoctrinamiento #Infancia #\u00c9ticaPol\u00edtica<\/p>\n","protected":false},"excerpt":{"rendered":"<p>Un grupo de chicos fue grabado durante una excursi\u00f3n en el Parque Arqueol\u00f3gico Saladillo repitiendo un mensaje pol\u00edtico a favor del presidente de la C\u00e1mara de Diputados. La escena reabre el debate sobre la \u00e9tica y el doble est\u00e1ndar de La Libertad Avanza, que acusa de adoctrinamiento a las universidades mientras utiliza ni\u00f1os para su&#8230;<\/p>\n","protected":false},"author":9,"featured_media":10593,"comment_status":"open","ping_status":"open","sticky":false,"template":"","format":"standard","meta":{"_monsterinsights_skip_tracking":false,"_monsterinsights_sitenote_active":false,"_monsterinsights_sitenote_note":"","_monsterinsights_sitenote_category":0,"footnotes":"","jetpack_publicize_message":"","jetpack_publicize_feature_enabled":true,"jetpack_social_post_already_shared":true,"jetpack_social_options":{"image_generator_settings":{"template":"highway","default_image_id":0,"font":"","enabled":false},"version":2}},"categories":[3941,2,4],"tags":[1795,446,3199],"class_list":["post-10592","post","type-post","status-publish","format-standard","has-post-thumbnail","hentry","category-educacion","category-politica","category-sociedad","tag-adoctrinamiento","tag-la-libertad-avanza","tag-martin-menem"],"jetpack_publicize_connections":[],"_links":{"self":[{"href":"https:\/\/www.enorsai.com\/noticias\/wp-json\/wp\/v2\/posts\/10592","targetHints":{"allow":["GET"]}}],"collection":[{"href":"https:\/\/www.enorsai.com\/noticias\/wp-json\/wp\/v2\/posts"}],"about":[{"href":"https:\/\/www.enorsai.com\/noticias\/wp-json\/wp\/v2\/types\/post"}],"author":[{"embeddable":true,"href":"https:\/\/www.enorsai.com\/noticias\/wp-json\/wp\/v2\/users\/9"}],"replies":[{"embeddable":true,"href":"https:\/\/www.enorsai.com\/noticias\/wp-json\/wp\/v2\/comments?post=10592"}],"version-history":[{"count":1,"href":"https:\/\/www.enorsai.com\/noticias\/wp-json\/wp\/v2\/posts\/10592\/revisions"}],"predecessor-version":[{"id":10594,"href":"https:\/\/www.enorsai.com\/noticias\/wp-json\/wp\/v2\/posts\/10592\/revisions\/10594"}],"wp:featuredmedia":[{"embeddable":true,"href":"https:\/\/www.enorsai.com\/noticias\/wp-json\/wp\/v2\/media\/10593"}],"wp:attachment":[{"href":"https:\/\/www.enorsai.com\/noticias\/wp-json\/wp\/v2\/media?parent=10592"}],"wp:term":[{"taxonomy":"category","embeddable":true,"href":"https:\/\/www.enorsai.com\/noticias\/wp-json\/wp\/v2\/categories?post=10592"},{"taxonomy":"post_tag","embeddable":true,"href":"https:\/\/www.enorsai.com\/noticias\/wp-json\/wp\/v2\/tags?post=10592"}],"curies":[{"name":"wp","href":"https:\/\/api.w.org\/{rel}","templated":true}]}}