{"id":10584,"date":"2025-11-02T01:25:36","date_gmt":"2025-11-02T04:25:36","guid":{"rendered":"https:\/\/www.enorsai.com\/noticias\/sociedad\/tiroteo-frustrado-en-caballito-un-joven-con-simbolos-nazis-y-afinidad-libertaria-planeaba-una-masacre-escolar\/"},"modified":"2025-11-02T01:25:36","modified_gmt":"2025-11-02T04:25:36","slug":"tiroteo-frustrado-en-caballito-un-joven-con-simbolos-nazis-y-afinidad-libertaria-planeaba-una-masacre-escolar","status":"publish","type":"post","link":"https:\/\/www.enorsai.com\/noticias\/sociedad\/tiroteo-frustrado-en-caballito-un-joven-con-simbolos-nazis-y-afinidad-libertaria-planeaba-una-masacre-escolar\/","title":{"rendered":"Tiroteo frustrado en Caballito: un joven con s\u00edmbolos nazis y afinidad libertaria planeaba una masacre escolar"},"content":{"rendered":"\n<p>El operativo que evit\u00f3 una tragedia en una escuela de Caballito expuso algo m\u00e1s que un caso policial: la expansi\u00f3n del odio pol\u00edtico y el fanatismo violento entre j\u00f3venes simpatizantes del discurso ultraliberal del gobierno de Javier Milei.<p><br>La Polic\u00eda Federal detuvo a un chico de 16 a\u00f1os acusado de planificar un tiroteo escolar. En su casa hallaron r\u00e9plicas de fusiles con inscripciones nazis, bombas molotov y un cuaderno con el plan del ataque. Seg\u00fan fuentes policiales, el adolescente mostraba afinidad con comunidades libertarias y mensajes afines al gobierno nacional. La falta de pol\u00edticas de contenci\u00f3n y el avance de discursos violentos son parte de un mismo deterioro social que Milei prefiere negar.<br><br>La detenci\u00f3n de un adolescente de 16 a\u00f1os en Caballito por planear un tiroteo escolar estremeci\u00f3 a Buenos Aires. Lo que comenz\u00f3 con un reporte del FBI sobre publicaciones amenazantes en la red X termin\u00f3 con un allanamiento de la Polic\u00eda Federal en Juan Bautista Alberdi al 1600, donde se hall\u00f3 un arsenal casero: bombas molotov, armas blancas, cargadores, gas pimienta y r\u00e9plicas de fusiles con inscripciones de tiradores como Anders Breivik o Brenton Tarrant.<br><br>Entre los objetos tambi\u00e9n hab\u00eda una carta suicida y un cuaderno en el que detallaba paso a paso c\u00f3mo realizar el ataque: primero una amenaza en un shopping para distraer, luego ingresar al colegio disfrazado de polic\u00eda y abrir fuego. El plan imitaba el esquema del terrorista noruego Breivik, autor de una masacre en 2011 que dej\u00f3 77 muertos.<br><br>Fuentes de la investigaci\u00f3n se\u00f1alaron que el adolescente mostraba afinidad con contenidos libertarios y grupos de extrema derecha, donde se mezclan consignas ultraliberales con s\u00edmbolos del supremacismo blanco y referencias a l\u00edderes pol\u00edticos actuales. En sus posteos, dec\u00edan, compart\u00eda mensajes de odio hacia sindicatos, movimientos feministas y organizaciones sociales, alineados con el discurso de \u201cla casta\u201d y el desprecio al Estado, tan repetido por Javier Milei y su entorno.<br><\/p><\/p>\n\n\n\n<figure class=\"wp-block-image size-large\"><img loading=\"lazy\" decoding=\"async\" width=\"720\" height=\"492\" src=\"https:\/\/www.enorsai.com\/noticias\/wp-content\/uploads\/2025\/11\/xnx2inccl_720x0__11387893215366931136.jpg\" alt=\"\" class=\"wp-image-10582\" srcset=\"https:\/\/www.enorsai.com\/noticias\/wp-content\/uploads\/2025\/11\/xnx2inccl_720x0__11387893215366931136.jpg 720w, https:\/\/www.enorsai.com\/noticias\/wp-content\/uploads\/2025\/11\/xnx2inccl_720x0__11387893215366931136-300x205.jpg 300w\" sizes=\"auto, (max-width: 720px) 100vw, 720px\" \/><\/figure>\n\n\n\n<p><br>El caso, caratulado como \u201cintimidaci\u00f3n p\u00fablica\u201d, est\u00e1 en manos del Juzgado Federal N.\u00ba 1 de Mar\u00eda Servini. Pero el verdadero interrogante excede a la causa: \u00bfqu\u00e9 clase de pa\u00eds est\u00e1 produciendo una juventud que asocia libertad con destrucci\u00f3n?<br><br>Desde la asunci\u00f3n de Milei, el Estado argentino se ha retra\u00eddo de sus funciones b\u00e1sicas. Los programas de salud mental, educaci\u00f3n p\u00fablica y prevenci\u00f3n de violencia juvenil fueron desfinanciados o desmantelados. El discurso oficial, que promueve la confrontaci\u00f3n y desprecia la empat\u00eda, funciona como combustible para quienes buscan en el odio un sentido de pertenencia. Cuando el propio Presidente celebra insultos, niega el valor de la educaci\u00f3n y convierte la agresi\u00f3n en marca de identidad pol\u00edtica, los resultados son inevitables.<br><br>El adolescente de Caballito no naci\u00f3 en el vac\u00edo: fue moldeado por un clima social donde se normaliza el desprecio por el otro, donde las ideas de \u201corden\u201d se confunden con represi\u00f3n y donde los l\u00edderes pol\u00edticos se presentan como profetas de una guerra cultural. En ese ecosistema, los foros extremistas y las comunidades libertarias m\u00e1s radicales se convierten en espacios de adoctrinamiento informal.<br><br>El Ministerio de Seguridad, hoy concentrado en perseguir manifestaciones y docentes, no tiene un solo programa activo de detecci\u00f3n temprana de radicalizaci\u00f3n juvenil. Tampoco existen campa\u00f1as p\u00fablicas sobre salud mental o prevenci\u00f3n de discursos de odio. Parad\u00f3jicamente, el gobierno que m\u00e1s habla de \u201clibertad\u201d es el que menos se preocupa por la vida de los j\u00f3venes.<\/p>\n\n\n\n<figure class=\"wp-block-image size-large\"><img loading=\"lazy\" decoding=\"async\" width=\"360\" height=\"240\" src=\"https:\/\/www.enorsai.com\/noticias\/wp-content\/uploads\/2025\/11\/lorknpzbj_360x240__19099931900652048808.jpg\" alt=\"\" class=\"wp-image-10583\" srcset=\"https:\/\/www.enorsai.com\/noticias\/wp-content\/uploads\/2025\/11\/lorknpzbj_360x240__19099931900652048808.jpg 360w, https:\/\/www.enorsai.com\/noticias\/wp-content\/uploads\/2025\/11\/lorknpzbj_360x240__19099931900652048808-300x200.jpg 300w\" sizes=\"auto, (max-width: 360px) 100vw, 360px\" \/><\/figure>\n\n\n\n<p><br><br>Seg\u00fan la Unidad Antiterrorista, este es el d\u00e9cimo caso similar en los \u00faltimos dos a\u00f1os. Todos los involucrados eran menores de edad, con perfiles ideol\u00f3gicos que oscilan entre el neonazismo y el libertarismo radical. La convergencia no es casual: ambos modelos comparten una misma matriz de individualismo extremo, desprecio por lo p\u00fablico y culto a la violencia como forma de afirmaci\u00f3n personal.<br><br>Lo ocurrido en Caballito no es un hecho aislado: es la consecuencia de un pa\u00eds donde la desigualdad crece, la educaci\u00f3n se deteriora y la palabra presidencial legitima el odio. Hoy, la amenaza ya no viene solo de los m\u00e1rgenes: se gesta en las casas, en las redes, en los discursos de poder.<br><br>Mientras el joven espera peritajes psiqui\u00e1tricos, el pa\u00eds sigue sin un debate serio sobre los l\u00edmites del discurso de odio ni sobre la responsabilidad del Estado frente a esta nueva forma de violencia. La pregunta que queda flotando es brutal: \u00bfqu\u00e9 puede esperar una sociedad cuyo gobierno alienta la confrontaci\u00f3n y desprecia la empat\u00eda?<br><br>Porque en la Argentina de Milei, la l\u00ednea entre la libertad y el fanatismo se est\u00e1 borrando peligrosamente.<br><br>Fuente <\/p>\n\n\n\n<p>.https:\/\/www.clarin.com\/policiales\/detuvieron-caballito-chico-16-anos-planeaba-tiroteo-antigua-escuela-arsenal-apologia-nazismo-mencion-anders-breivik_0_aQKVob4w9F.html<\/p>\n","protected":false},"excerpt":{"rendered":"<p>El operativo que evit\u00f3 una tragedia en una escuela de Caballito expuso algo m\u00e1s que un caso policial: la expansi\u00f3n del odio pol\u00edtico y el fanatismo violento entre j\u00f3venes simpatizantes del discurso ultraliberal del gobierno de Javier Milei. La Polic\u00eda Federal detuvo a un chico de 16 a\u00f1os acusado de planificar un tiroteo escolar. En&#8230;<\/p>\n","protected":false},"author":1,"featured_media":10581,"comment_status":"open","ping_status":"open","sticky":false,"template":"","format":"standard","meta":{"_monsterinsights_skip_tracking":false,"_monsterinsights_sitenote_active":false,"_monsterinsights_sitenote_note":"","_monsterinsights_sitenote_category":0,"footnotes":"","jetpack_publicize_message":"","jetpack_publicize_feature_enabled":true,"jetpack_social_post_already_shared":true,"jetpack_social_options":{"image_generator_settings":{"template":"highway","default_image_id":0,"font":"","enabled":false},"version":2}},"categories":[3994,4],"tags":[],"class_list":["post-10584","post","type-post","status-publish","format-standard","has-post-thumbnail","hentry","category-policiales","category-sociedad"],"jetpack_publicize_connections":[],"_links":{"self":[{"href":"https:\/\/www.enorsai.com\/noticias\/wp-json\/wp\/v2\/posts\/10584","targetHints":{"allow":["GET"]}}],"collection":[{"href":"https:\/\/www.enorsai.com\/noticias\/wp-json\/wp\/v2\/posts"}],"about":[{"href":"https:\/\/www.enorsai.com\/noticias\/wp-json\/wp\/v2\/types\/post"}],"author":[{"embeddable":true,"href":"https:\/\/www.enorsai.com\/noticias\/wp-json\/wp\/v2\/users\/1"}],"replies":[{"embeddable":true,"href":"https:\/\/www.enorsai.com\/noticias\/wp-json\/wp\/v2\/comments?post=10584"}],"version-history":[{"count":1,"href":"https:\/\/www.enorsai.com\/noticias\/wp-json\/wp\/v2\/posts\/10584\/revisions"}],"predecessor-version":[{"id":10585,"href":"https:\/\/www.enorsai.com\/noticias\/wp-json\/wp\/v2\/posts\/10584\/revisions\/10585"}],"wp:featuredmedia":[{"embeddable":true,"href":"https:\/\/www.enorsai.com\/noticias\/wp-json\/wp\/v2\/media\/10581"}],"wp:attachment":[{"href":"https:\/\/www.enorsai.com\/noticias\/wp-json\/wp\/v2\/media?parent=10584"}],"wp:term":[{"taxonomy":"category","embeddable":true,"href":"https:\/\/www.enorsai.com\/noticias\/wp-json\/wp\/v2\/categories?post=10584"},{"taxonomy":"post_tag","embeddable":true,"href":"https:\/\/www.enorsai.com\/noticias\/wp-json\/wp\/v2\/tags?post=10584"}],"curies":[{"name":"wp","href":"https:\/\/api.w.org\/{rel}","templated":true}]}}