{"id":10573,"date":"2025-11-01T19:12:00","date_gmt":"2025-11-01T22:12:00","guid":{"rendered":"https:\/\/www.enorsai.com\/noticias\/?p=10573"},"modified":"2025-11-01T19:18:45","modified_gmt":"2025-11-01T22:18:45","slug":"kicillof-desafia-a-milei-el-futuro-de-la-argentina-no-se-construye-con-odio-ni-sometimiento","status":"publish","type":"post","link":"https:\/\/www.enorsai.com\/noticias\/uncategorized\/kicillof-desafia-a-milei-el-futuro-de-la-argentina-no-se-construye-con-odio-ni-sometimiento\/","title":{"rendered":"Kicillof desaf\u00eda a Milei: \u201cEl futuro de la Argentina no se construye con odio ni sometimiento\u201d"},"content":{"rendered":"\n<p>En una carta p\u00fablica al Presidente, el gobernador bonaerense reclama di\u00e1logo, denuncia el abandono del Estado nacional y marca l\u00edmites al ajuste econ\u00f3mico.<br><br>El gobernador de la provincia de Buenos Aires, Axel Kicillof, rompi\u00f3 el silencio institucional con una carta abierta dirigida al presidente Javier Milei que r\u00e1pidamente sacudi\u00f3 el tablero pol\u00edtico. En el texto, el mandatario provincial no solo expone su malestar por haber sido excluido de la reciente reuni\u00f3n de gobernadores convocada por la Casa Rosada, sino que traza una dura radiograf\u00eda de la crisis econ\u00f3mica y social que atraviesa el pa\u00eds bajo la administraci\u00f3n libertaria. Con tono firme y sin rodeos, Kicillof advierte que \u201clas reformas prometidas no contienen soluciones para una econom\u00eda paralizada, para una industria nacional quebrada ni para un pueblo que la est\u00e1 pasando mal\u201d, y que el Gobierno nacional est\u00e1 \u201cahogando a una sociedad golpeada, endeudada y sin horizonte de progreso\u201d.<br><br>Lejos de las formalidades, la carta es una interpelaci\u00f3n directa al Presidente. Kicillof lo acusa de abandonar a las provincias, de concentrar las decisiones en una elite pol\u00edtica y econ\u00f3mica alejada de la realidad, y de profundizar un modelo que destruye el tejido productivo y social. \u201cLas familias est\u00e1n endeudadas, los comercios vac\u00edos, la industria paralizada, los salarios pulverizados. Los municipios y las provincias sostienen con esfuerzo lo que el Estado nacional abandona\u201d, subraya el gobernador, sintetizando el deterioro cotidiano que se vive en los barrios, los hospitales y las escuelas bonaerenses. La carta, difundida luego de varios d\u00edas de tensi\u00f3n entre Naci\u00f3n y Provincia, marca una l\u00ednea pol\u00edtica clara: Kicillof se planta como jefe opositor dispuesto al di\u00e1logo, pero sin concesiones ante el ajuste ni renuncia al federalismo.<br><br>El texto, de casi tres p\u00e1ginas, combina un diagn\u00f3stico econ\u00f3mico crudo con una apelaci\u00f3n pol\u00edtica cargada de simbolismo. Kicillof recuerda que la reuni\u00f3n con los mandatarios provinciales de la que fue excluido fue una oportunidad desperdiciada para debatir seriamente las reformas que el pa\u00eds necesita. Y aclara que no se trata de una disputa personal, sino de un desacuerdo estructural sobre el rumbo nacional. \u201cLas reformas que Argentina necesita deben estar orientadas a promover un desarrollo federal con justicia social, a fortalecer los intereses nacionales en un mundo ca\u00f3tico y a favorecer un Estado eficaz, capaz de corregir las desigualdades que fracturan a nuestro pa\u00eds\u201d, sostiene, marcando distancia con la visi\u00f3n ultra liberal del Gobierno de Milei.<\/p>\n\n\n\n<figure class=\"wp-block-embed is-type-rich is-provider-twitter wp-block-embed-twitter\"><div class=\"wp-block-embed__wrapper\">\n<blockquote class=\"twitter-tweet\" data-width=\"550\" data-dnt=\"true\"><p lang=\"es\" dir=\"ltr\">Carta al Presidente Javier Milei<br><br>El futuro de la Argentina no se construye con odio ni sometimiento, sino con respeto, cooperaci\u00f3n y amor a la Patria.<a href=\"https:\/\/t.co\/KjQfM9n97p\">https:\/\/t.co\/KjQfM9n97p<\/a> <a href=\"https:\/\/t.co\/RLKzG4JrUq\">pic.twitter.com\/RLKzG4JrUq<\/a><\/p>&mdash; Axel Kicillof (@Kicillofok) <a href=\"https:\/\/twitter.com\/Kicillofok\/status\/1984695624521175521?ref_src=twsrc%5Etfw\">November 1, 2025<\/a><\/blockquote><script async src=\"https:\/\/platform.twitter.com\/widgets.js\" charset=\"utf-8\"><\/script>\n<\/div><\/figure>\n\n\n\n<p><br>La carta tambi\u00e9n funciona como una advertencia: \u201cLe aseguro que se equivoca si cree que, por participar de fotos o reuniones, el peronismo va a acompa\u00f1ar reformas que quiten derechos, destruyan la producci\u00f3n y ahoguen a\u00fan m\u00e1s a una sociedad golpeada\u201d. La frase no deja margen de ambig\u00fcedad y responde al intento del oficialismo de mostrarse dialoguista luego de semanas de enfrentamientos con gobernadores, sindicatos y movimientos sociales. Kicillof elige plantarse desde una posici\u00f3n de responsabilidad institucional, pero con un tono que evidencia la profundidad de las diferencias: \u201cLe propongo discutir estas cuestiones \u2014y las que usted quiera agregar\u2014 con seriedad\u201d, le dice al Presidente, al tiempo que lo invita a escuchar no a los mercados, sino al pueblo.<br><br>El gobernador bonaerense refuerza su cr\u00edtica con datos duros: se\u00f1ala el desmantelamiento de las pol\u00edticas sociales, la quita de medicamentos y la asistencia a jubilados, pacientes oncol\u00f3gicos y personas con discapacidad, adem\u00e1s del deterioro en salud, educaci\u00f3n y alimentaci\u00f3n. \u201cMuch\u00edsimos bonaerenses tienen crecientes dificultades para afrontar el alquiler, los servicios, los remedios y hasta la comida. Desde el gobierno provincial y los municipios intentamos dar respuestas a una demanda cada vez mayor. Se necesita al Estado para afrontar esta emergencia y usted no puede permanecer indiferente\u201d, advierte. La descripci\u00f3n apunta a uno de los temas m\u00e1s sensibles de la gesti\u00f3n libertaria: el abandono de la presencia estatal en los territorios y la transferencia de responsabilidades a las provincias sin los recursos correspondientes.<br><br>El cierre de la carta resume el esp\u00edritu del mensaje y recupera una idea que trasciende la coyuntura: \u201cEl futuro de la Argentina no se construye con odio ni sometimiento, sino con respeto, cooperaci\u00f3n y amor a la Patria\u201d. Kicillof apela as\u00ed a una \u00e9tica pol\u00edtica que contrasta con el discurso agresivo y confrontativo de Milei, a quien le reclama \u201cescuchar, corregir y dialogar\u201d. La misiva, firmada \u201cAtentamente, Axel Kicillof, gobernador de la Provincia de Buenos Aires\u201d, no solo es una respuesta a la exclusi\u00f3n de la reuni\u00f3n de gobernadores, sino tambi\u00e9n un manifiesto sobre el rumbo que el mandatario provincial considera indispensable para reconstruir el pa\u00eds.<br><br>El gesto tiene m\u00faltiples lecturas. En primer lugar, posiciona a Kicillof como una de las principales voces opositoras frente a un Gobierno que parece decidido a gobernar sin di\u00e1logo ni consenso. En segundo lugar, lo distancia del clima de resignaci\u00f3n que atraviesa parte de la dirigencia, al ofrecer una alternativa que combina firmeza con propuesta. Y finalmente, reafirma la centralidad de la provincia de Buenos Aires como territorio pol\u00edtico, econ\u00f3mico y social decisivo en cualquier proyecto nacional.<br><br>Mientras el Gobierno nacional insiste con un programa de ajuste que desmantela funciones b\u00e1sicas del Estado y agrava la desigualdad, la carta del gobernador bonaerense se erige como una pieza pol\u00edtica de alto impacto. No es un documento m\u00e1s: es una advertencia, un llamado a la responsabilidad y una defensa abierta del federalismo y la justicia social. Kicillof eligi\u00f3 escribir, no gritar; pero cada l\u00ednea de su texto retumba como un eco de resistencia.<\/p>\n","protected":false},"excerpt":{"rendered":"<p>En una carta p\u00fablica al Presidente, el gobernador bonaerense reclama di\u00e1logo, denuncia el abandono del Estado nacional y marca l\u00edmites al ajuste econ\u00f3mico. El gobernador de la provincia de Buenos Aires, Axel Kicillof, rompi\u00f3 el silencio institucional con una carta abierta dirigida al presidente Javier Milei que r\u00e1pidamente sacudi\u00f3 el tablero pol\u00edtico. En el texto,&#8230;<\/p>\n","protected":false},"author":11,"featured_media":10574,"comment_status":"open","ping_status":"open","sticky":false,"template":"","format":"standard","meta":{"_monsterinsights_skip_tracking":false,"_monsterinsights_sitenote_active":false,"_monsterinsights_sitenote_note":"","_monsterinsights_sitenote_category":0,"footnotes":"","jetpack_publicize_message":"","jetpack_publicize_feature_enabled":true,"jetpack_social_post_already_shared":true,"jetpack_social_options":{"image_generator_settings":{"template":"highway","default_image_id":0,"font":"","enabled":false},"version":2}},"categories":[2,1],"tags":[],"class_list":["post-10573","post","type-post","status-publish","format-standard","has-post-thumbnail","hentry","category-politica","category-uncategorized"],"jetpack_publicize_connections":[],"_links":{"self":[{"href":"https:\/\/www.enorsai.com\/noticias\/wp-json\/wp\/v2\/posts\/10573","targetHints":{"allow":["GET"]}}],"collection":[{"href":"https:\/\/www.enorsai.com\/noticias\/wp-json\/wp\/v2\/posts"}],"about":[{"href":"https:\/\/www.enorsai.com\/noticias\/wp-json\/wp\/v2\/types\/post"}],"author":[{"embeddable":true,"href":"https:\/\/www.enorsai.com\/noticias\/wp-json\/wp\/v2\/users\/11"}],"replies":[{"embeddable":true,"href":"https:\/\/www.enorsai.com\/noticias\/wp-json\/wp\/v2\/comments?post=10573"}],"version-history":[{"count":1,"href":"https:\/\/www.enorsai.com\/noticias\/wp-json\/wp\/v2\/posts\/10573\/revisions"}],"predecessor-version":[{"id":10575,"href":"https:\/\/www.enorsai.com\/noticias\/wp-json\/wp\/v2\/posts\/10573\/revisions\/10575"}],"wp:featuredmedia":[{"embeddable":true,"href":"https:\/\/www.enorsai.com\/noticias\/wp-json\/wp\/v2\/media\/10574"}],"wp:attachment":[{"href":"https:\/\/www.enorsai.com\/noticias\/wp-json\/wp\/v2\/media?parent=10573"}],"wp:term":[{"taxonomy":"category","embeddable":true,"href":"https:\/\/www.enorsai.com\/noticias\/wp-json\/wp\/v2\/categories?post=10573"},{"taxonomy":"post_tag","embeddable":true,"href":"https:\/\/www.enorsai.com\/noticias\/wp-json\/wp\/v2\/tags?post=10573"}],"curies":[{"name":"wp","href":"https:\/\/api.w.org\/{rel}","templated":true}]}}