{"id":1057,"date":"2025-02-11T09:37:12","date_gmt":"2025-02-11T12:37:12","guid":{"rendered":"https:\/\/www.enorsai.com\/noticias\/?p=1057"},"modified":"2025-02-11T09:37:12","modified_gmt":"2025-02-11T12:37:12","slug":"seguridad-en-crisis-sueldos-de-hambre-suicidios-y-la-gran-farsa-de-bullrich","status":"publish","type":"post","link":"https:\/\/www.enorsai.com\/noticias\/politica\/seguridad-en-crisis-sueldos-de-hambre-suicidios-y-la-gran-farsa-de-bullrich\/","title":{"rendered":"Seguridad en crisis: sueldos de hambre, suicidios y la gran farsa de Bullrich"},"content":{"rendered":"\n<p><\/p>\n\n\n\n<p>En un contexto donde la inseguridad vuelve a instalarse en la agenda medi\u00e1tica con la ferocidad de un hurac\u00e1n en a\u00f1o electoral, la exministra de Seguridad, Sabina Frederic, desenmascara la estrategia de Patricia Bullrich: manipular el miedo ciudadano mientras precariza a las fuerzas de seguridad y desinforma a la opini\u00f3n p\u00fablica. En una entrevista con <em>Delta &#8211; Wake Up Team<\/em>, Frederic expuso las falacias que sostienen el discurso de la funcionaria libertaria y las consecuencias directas de su pol\u00edtica.<\/p>\n\n\n\n<p>\u00abEs una historia repetida\u00bb, sentencia Frederic. \u00abCada vez que hay elecciones legislativas, la inseguridad se vuelve el tema central. Se dice que no tiene impacto electoral, pero lo que s\u00ed genera es un clima de paranoia, donde los medios repiten en loop hechos de violencia\u00bb. La exministra desmiente el supuesto crecimiento del delito, recordando que la tasa de homicidios en Argentina viene bajando desde 2014, con un leve repunte en pandemia y una ca\u00edda sostenida desde entonces, salvo en Rosario, donde el a\u00f1o pasado tambi\u00e9n disminuy\u00f3.<\/p>\n\n\n\n<p>El problema, dice Frederic, es que la ministra Bullrich es una \u00abmentirosa cr\u00f3nica\u00bb que \u00abno le importa la verdad\u00bb. \u00abLos datos de seguridad los proveen las provincias, no la Naci\u00f3n. Bullrich no tiene estad\u00edsticas propias y, aun as\u00ed, los datos que ella difunde no coinciden con los de los distritos\u00bb, explica. \u00abLa tasa de homicidios en la Provincia de Buenos Aires est\u00e1 bajando, pero ella sigue vendiendo un pa\u00eds en llamas\u00bb.<\/p>\n\n\n\n<figure class=\"wp-block-embed is-type-wp-embed is-provider-incrustado wp-block-embed-incrustado\"><div class=\"wp-block-embed__wrapper\">\n<blockquote class=\"wp-embedded-content\" data-secret=\"MJCme8B1QC\"><a href=\"https:\/\/www.enorsai.com\/noticias\/politica\/bullrich-promete-regalar-casas-del-procrear-a-los-gendarmes\/\">Bullrich promete regalar casas del PROCREAR a los gendarmes<\/a><\/blockquote><iframe loading=\"lazy\" class=\"wp-embedded-content\" sandbox=\"allow-scripts\" security=\"restricted\" style=\"position: absolute; visibility: hidden;\" title=\"\u00abBullrich promete regalar casas del PROCREAR a los gendarmes\u00bb \u2014 \" src=\"https:\/\/www.enorsai.com\/noticias\/politica\/bullrich-promete-regalar-casas-del-procrear-a-los-gendarmes\/embed\/#?secret=91VuAx2CEW#?secret=MJCme8B1QC\" data-secret=\"MJCme8B1QC\" width=\"600\" height=\"338\" frameborder=\"0\" marginwidth=\"0\" marginheight=\"0\" scrolling=\"no\"><\/iframe>\n<\/div><\/figure>\n\n\n\n<p>La ecuaci\u00f3n es simple: cuanto m\u00e1s miedo, m\u00e1s justificaci\u00f3n para el endurecimiento represivo y m\u00e1s poder para quienes lo administran. \u00abBullrich abusa de su control sobre los medios para imponer su versi\u00f3n\u00bb, denuncia Frederic, recordando que hasta el propio Waldo Wolff, secretario de Seguridad de la Ciudad y miembro de su espacio pol\u00edtico, la acus\u00f3 de mentirosa.<\/p>\n\n\n\n<h2 class=\"wp-block-heading\"><strong>La farsa de la seguridad: bajos sueldos y precarizaci\u00f3n extrema<\/strong><\/h2>\n\n\n\n<p>Mientras Bullrich se envuelve en la bandera de la autoridad, las fuerzas de seguridad est\u00e1n siendo destruidas desde adentro. \u00abHay efectivos ganando menos de 700 mil pesos\u00bb, advierte Frederic. \u00abMujeres gendarmes con hijos a cargo cobran 600 mil. Un agente reci\u00e9n salido de la formaci\u00f3n, entre 550 y 600 mil. Ayer hubo una protesta frente al Centinela porque el 5% de aumento que les dieron es un chiste\u00bb.<\/p>\n\n\n\n<p><a href=\"https:\/\/www.enorsai.com.ar\/politica\/42125-desastre--patricia-bullrich-salio-a-promocionar-el-hallazgo-de-cocaina-por-la-gendarmeria-pero-ero-talco-para-los-pies.html\">TALCO-NARCO Desastre: <strong>Patricia Bullrich sali\u00f3 a promocionar el hallazgo de cocaina por la Gendarmer\u00eda pero ero talco para los pies<\/strong><\/a><\/p>\n\n\n\n<p>Esa precariedad, sumada a las condiciones laborales extremas, genera un impacto brutal. \u00abLa Gendarmer\u00eda y la Polic\u00eda Federal est\u00e1n peor que nunca. No es solo un tema salarial: los desplazan constantemente. Hoy los mandan a Rosario, ma\u00f1ana a Aguas Blancas, pasado a la Patagonia y despu\u00e9s a Buenos Aires. Esa rotaci\u00f3n brutal lleva a muchos al l\u00edmite. Algunos terminan suicid\u00e1ndose\u00bb.<\/p>\n\n\n\n<figure class=\"wp-block-embed is-type-wp-embed is-provider-incrustado wp-block-embed-incrustado\"><div class=\"wp-block-embed__wrapper\">\n<blockquote class=\"wp-embedded-content\" data-secret=\"wTYhq7RTnA\"><a href=\"https:\/\/www.enorsai.com\/noticias\/politica\/karina-milei-la-mano-que-empuna-la-guillotina-del-poder\/\">Karina Milei, la mano que empu\u00f1a la guillotina del poder<\/a><\/blockquote><iframe loading=\"lazy\" class=\"wp-embedded-content\" sandbox=\"allow-scripts\" security=\"restricted\" style=\"position: absolute; visibility: hidden;\" title=\"\u00abKarina Milei, la mano que empu\u00f1a la guillotina del poder\u00bb \u2014 \" src=\"https:\/\/www.enorsai.com\/noticias\/politica\/karina-milei-la-mano-que-empuna-la-guillotina-del-poder\/embed\/#?secret=rJDPjFs9J9#?secret=wTYhq7RTnA\" data-secret=\"wTYhq7RTnA\" width=\"600\" height=\"338\" frameborder=\"0\" marginwidth=\"0\" marginheight=\"0\" scrolling=\"no\"><\/iframe>\n<\/div><\/figure>\n\n\n\n<p>Un informe reciente revela que la cantidad de suicidios con arma reglamentaria es casi igual a la de muertes de civiles en enfrentamientos con la Polic\u00eda. \u00abEsto no es casual\u00bb, dice Frederic. \u00abEs el resultado de una pol\u00edtica de disciplinamiento brutal y de una estructura que los explota y los necesita sometidos\u00bb.<\/p>\n\n\n\n<h2 class=\"wp-block-heading\"><strong>El guion de la represi\u00f3n: el ajuste con pistola en mano<\/strong><\/h2>\n\n\n\n<p>El modelo de seguridad que propone Bullrich no es nuevo, pero esta vez se ajusta como un guante al plan econ\u00f3mico de Javier Milei. \u00abLos gobiernos de derecha fogonean el discurso de la mano dura cuando est\u00e1n en oposici\u00f3n, pero cuando gobiernan ajustan brutalmente a las fuerzas que dicen defender\u00bb, explica Frederic.<\/p>\n\n\n\n<p>El abandono de las fuerzas de seguridad no es un error, sino una estrategia. \u00abLes conviene maltratar al personal porque eso genera una violencia funcional a sus intereses. Cuanto peor est\u00e9n, m\u00e1s f\u00e1cil es que repriman sin cuestionar\u00bb, denuncia. La proliferaci\u00f3n de casos de gatillo f\u00e1cil y la brutalidad policial no son accidentes: son la consecuencia directa de una estructura que necesita de la represi\u00f3n para sostenerse.<\/p>\n\n\n\n<p>\u00abEspert y Bullrich dicen abiertamente que a los delincuentes hay que colgarlos en la plaza p\u00fablica. Ese discurso legitimador de la violencia se traduce en una Polic\u00eda descontrolada, sin garant\u00edas para la ciudadan\u00eda, y en un pa\u00eds donde la muerte es parte de la pol\u00edtica de Estado\u00bb, advierte.<\/p>\n\n\n\n<h2 class=\"wp-block-heading\"><strong>Una contradicci\u00f3n en llamas<\/strong><\/h2>\n\n\n\n<p>Frederic se detiene en una paradoja alarmante: \u00abLa gente vota en contra de sus propios intereses\u00bb. Recuerda el testimonio de un bombero patag\u00f3nico que admit\u00eda que muchos de sus colegas votaron a Milei. \u00abEste gobierno est\u00e1 desfinanciando absolutamente todo lo que tiene que ver con fortalecer la seguridad ante desastres. Pero igual lo votaron\u00bb.<\/p>\n\n\n\n<p>Las razones son muchas: \u00abEl caranchismo medi\u00e1tico, el discurso de la meritocracia, la idea del sacrificio como virtud, todo eso cala en sectores que terminan siendo funcionales a su propia explotaci\u00f3n\u00bb.<\/p>\n\n\n\n<p>Mientras tanto, la agenda de la \u00ablibertad\u00bb sigue su curso: desregulaci\u00f3n, ajuste y represion. Un tr\u00edo que, bajo la conducci\u00f3n de Bullrich, encuentra su versi\u00f3n m\u00e1s brutal. \u00abEstamos ante una situaci\u00f3n grave\u00bb, concluye Frederic. <\/p>\n\n\n\n<figure class=\"wp-block-embed is-type-wp-embed is-provider-incrustado wp-block-embed-incrustado\"><div class=\"wp-block-embed__wrapper\">\n<blockquote class=\"wp-embedded-content\" data-secret=\"kbPWCcqgET\"><a href=\"https:\/\/www.enorsai.com\/noticias\/sociedad\/datos-del-gobierno-se-perdieron-185-000-puestos-de-trabajo-registrado-en-un-ano-y-el-empleo-sigue-cayendo\/\">Datos del Gobierno: se perdieron 185.000 puestos de trabajo registrado en un a\u00f1o, y el empleo sigue cayendo<\/a><\/blockquote><iframe loading=\"lazy\" class=\"wp-embedded-content\" sandbox=\"allow-scripts\" security=\"restricted\" style=\"position: absolute; visibility: hidden;\" title=\"\u00abDatos del Gobierno: se perdieron 185.000 puestos de trabajo registrado en un a\u00f1o, y el empleo sigue cayendo\u00bb \u2014 \" src=\"https:\/\/www.enorsai.com\/noticias\/sociedad\/datos-del-gobierno-se-perdieron-185-000-puestos-de-trabajo-registrado-en-un-ano-y-el-empleo-sigue-cayendo\/embed\/#?secret=dP8ZS2Szx7#?secret=kbPWCcqgET\" data-secret=\"kbPWCcqgET\" width=\"600\" height=\"338\" frameborder=\"0\" marginwidth=\"0\" marginheight=\"0\" scrolling=\"no\"><\/iframe>\n<\/div><\/figure>\n","protected":false},"excerpt":{"rendered":"<p>Bullrich, la gran impostora: el modelo de seguridad que esconde ajuste, represi\u00f3n y desinformaci\u00f3n<\/p>\n","protected":false},"author":4,"featured_media":1058,"comment_status":"open","ping_status":"open","sticky":false,"template":"","format":"standard","meta":{"_monsterinsights_skip_tracking":false,"_monsterinsights_sitenote_active":false,"_monsterinsights_sitenote_note":"","_monsterinsights_sitenote_category":0,"footnotes":"","jetpack_publicize_message":"","jetpack_publicize_feature_enabled":true,"jetpack_social_post_already_shared":true,"jetpack_social_options":{"image_generator_settings":{"template":"highway","default_image_id":0,"font":"","enabled":false},"version":2}},"categories":[17,2],"tags":[427,93,430,132,431,426,429,428,86],"class_list":["post-1057","post","type-post","status-publish","format-standard","has-post-thumbnail","hentry","category-opinion","category-politica","tag-ajuste-milei-fuerzas-de-seguridad","tag-argentina","tag-crisis-salarial-gendarmeria-y-policia-federal","tag-inseguridad","tag-patricia-bullrich","tag-patricia-bullrich-mentiras-seguridad","tag-represion-policial-argentina-2024","tag-sabina-frederic-critica-bullrich","tag-seguridad"],"jetpack_publicize_connections":[],"_links":{"self":[{"href":"https:\/\/www.enorsai.com\/noticias\/wp-json\/wp\/v2\/posts\/1057","targetHints":{"allow":["GET"]}}],"collection":[{"href":"https:\/\/www.enorsai.com\/noticias\/wp-json\/wp\/v2\/posts"}],"about":[{"href":"https:\/\/www.enorsai.com\/noticias\/wp-json\/wp\/v2\/types\/post"}],"author":[{"embeddable":true,"href":"https:\/\/www.enorsai.com\/noticias\/wp-json\/wp\/v2\/users\/4"}],"replies":[{"embeddable":true,"href":"https:\/\/www.enorsai.com\/noticias\/wp-json\/wp\/v2\/comments?post=1057"}],"version-history":[{"count":1,"href":"https:\/\/www.enorsai.com\/noticias\/wp-json\/wp\/v2\/posts\/1057\/revisions"}],"predecessor-version":[{"id":1059,"href":"https:\/\/www.enorsai.com\/noticias\/wp-json\/wp\/v2\/posts\/1057\/revisions\/1059"}],"wp:featuredmedia":[{"embeddable":true,"href":"https:\/\/www.enorsai.com\/noticias\/wp-json\/wp\/v2\/media\/1058"}],"wp:attachment":[{"href":"https:\/\/www.enorsai.com\/noticias\/wp-json\/wp\/v2\/media?parent=1057"}],"wp:term":[{"taxonomy":"category","embeddable":true,"href":"https:\/\/www.enorsai.com\/noticias\/wp-json\/wp\/v2\/categories?post=1057"},{"taxonomy":"post_tag","embeddable":true,"href":"https:\/\/www.enorsai.com\/noticias\/wp-json\/wp\/v2\/tags?post=1057"}],"curies":[{"name":"wp","href":"https:\/\/api.w.org\/{rel}","templated":true}]}}