{"id":10567,"date":"2025-11-01T14:27:17","date_gmt":"2025-11-01T17:27:17","guid":{"rendered":"https:\/\/www.enorsai.com\/noticias\/?p=10567"},"modified":"2025-11-01T14:32:58","modified_gmt":"2025-11-01T17:32:58","slug":"el-abrazo-de-la-impunidad-bullrich-y-pando-juntas-tras-el-fallo-que-beneficia-a-represores","status":"publish","type":"post","link":"https:\/\/www.enorsai.com\/noticias\/sociedad\/el-abrazo-de-la-impunidad-bullrich-y-pando-juntas-tras-el-fallo-que-beneficia-a-represores\/","title":{"rendered":"El abrazo de la impunidad: Bullrich y Pando juntas tras el fallo que beneficia a represores"},"content":{"rendered":"\n<p>D\u00edas despu\u00e9s de que la Corte Suprema de Justicia emitiera un fallo que favorece la liberaci\u00f3n de represores condenados por delitos de lesa humanidad, Patricia Bullrich fue fotografiada abraz\u00e1ndose con Cecilia Pando, una de las principales activistas que milita por la libertad de los genocidas. El gesto, lejos de ser casual, confirma la afinidad ideol\u00f3gica de la ministra con los sectores que buscan desandar las conquistas del \u201cNunca M\u00e1s\u201d.<br><br>El abrazo entre Patricia Bullrich y Cecilia Pando no fue un acto privado ni una muestra de cortes\u00eda inocente. Ocurre en el momento justo en que la Corte Suprema dict\u00f3 un fallo que podr\u00eda beneficiar a cientos de represores al cuestionar la extensi\u00f3n de las prisiones preventivas en causas por delitos de lesa humanidad. Esa coincidencia temporal no es menor: mientras el m\u00e1ximo tribunal da se\u00f1ales de indulgencia hacia los genocidas, la ministra de Seguridad del gobierno de Javier Milei se muestra p\u00fablicamente con una figura que lleva dos d\u00e9cadas reclamando por la liberaci\u00f3n de los responsables del terrorismo de Estado.<br><br>Luciana Bertoia, periodista especializada en temas judiciales y de derechos humanos, lo resumi\u00f3 con precisi\u00f3n en su cuenta de X: \u201cD\u00edas despu\u00e9s de que la Corte sac\u00f3 un fallo que favorece la liberaci\u00f3n de los represores, Patricia Bullrich estuvo a los abrazos con Cecilia Pando, una de las activistas que m\u00e1s reclam\u00f3 esa \u2018soluci\u00f3n\u2019\u201d. El mensaje fue claro y contundente. La imagen de Bullrich abrazando a Pando no necesita explicaci\u00f3n: condensa una alianza pol\u00edtica y simb\u00f3lica que hiere de lleno al coraz\u00f3n de la memoria democr\u00e1tica argentina.<\/p>\n\n\n\n<p><\/p>\n\n\n\n<figure class=\"wp-block-embed is-type-rich is-provider-twitter wp-block-embed-twitter\"><div class=\"wp-block-embed__wrapper\">\n<blockquote class=\"twitter-tweet\" data-width=\"550\" data-dnt=\"true\"><p lang=\"es\" dir=\"ltr\">D\u00edas despu\u00e9s de que la Corte sac\u00f3 un fallo que favorece la  liberaci\u00f3n de los represores, Patricia Bullrich estuvo a los abrazos con Cecilia Pando, una de las activistas que m\u00e1s reclam\u00f3 esa &quot;soluci\u00f3n&quot;. <a href=\"https:\/\/t.co\/R08rR66d2d\">pic.twitter.com\/R08rR66d2d<\/a><\/p>&mdash; Luciana Bertoia (@LucianaBertoia) <a href=\"https:\/\/twitter.com\/LucianaBertoia\/status\/1984398946844778892?ref_src=twsrc%5Etfw\">October 31, 2025<\/a><\/blockquote><script async src=\"https:\/\/platform.twitter.com\/widgets.js\" charset=\"utf-8\"><\/script>\n<\/div><\/figure>\n\n\n\n<p><br><br>El fallo de la Corte, seg\u00fan organismos de derechos humanos, representa un grav\u00edsimo retroceso. Obliga a los tribunales inferiores a justificar con mayor detalle la prolongaci\u00f3n de las prisiones preventivas en causas de lesa humanidad, abriendo as\u00ed la puerta a que numerosos represores obtengan beneficios o excarcelaciones. Organizaciones como Abuelas de Plaza de Mayo, el CELS y HIJOS advirtieron que se trata de una maniobra jur\u00eddica para \u201cerosionar el proceso de verdad y justicia\u201d que llev\u00f3 m\u00e1s de 40 a\u00f1os de construcci\u00f3n social y pol\u00edtica. En ese contexto, la foto de la ministra abrazando a quien representa el reclamo m\u00e1s duro por la libertad de los genocidas fue percibida como una provocaci\u00f3n.<br><br>Cecilia Pando no es una figura menor. Es la cara visible de los sectores que desde los a\u00f1os 2000 reclaman el fin de los juicios de lesa humanidad. Fue condenada en distintas ocasiones por actos de vandalismo, amenazas e injurias, y se hizo conocida por manifestarse con carteles en defensa de los represores frente a los tribunales. Su discurso mezcla la negaci\u00f3n del genocidio con la exaltaci\u00f3n del \u201ccombate contra la subversi\u00f3n\u201d, un eufemismo que busca justificar los cr\u00edmenes del Estado terrorista. Su abrazo con Bullrich simboliza el encuentro entre la derecha pol\u00edtica institucional y la derecha negacionista que busca reescribir la historia.<br><br>Bullrich, por su parte, ya hab\u00eda dado se\u00f1ales de su cercan\u00eda ideol\u00f3gica con estos sectores. En 2023, durante su campa\u00f1a presidencial, firm\u00f3 una carta compromiso dirigida a las Fuerzas Armadas donde promet\u00eda una \u201csalida justa\u201d para los militares condenados, alegando que muchos hab\u00edan recibido un \u201ctrato inequitativo\u201d. Esa expresi\u00f3n fue le\u00edda como un intento de rehabilitar pol\u00edticamente a los genocidas bajo el lenguaje de la reconciliaci\u00f3n nacional. Hoy, ya en el gobierno, su abrazo con Pando materializa aquella promesa.<br><br>El gesto tiene adem\u00e1s una lectura institucional preocupante. Bullrich no es una dirigente cualquiera: es la ministra encargada de las fuerzas federales, de la seguridad interior y del control del orden p\u00fablico. Que una funcionaria con ese poder simb\u00f3lico y operativo se abrace con quien niega los cr\u00edmenes del Estado no puede interpretarse como un acto personal, sino como una toma de posici\u00f3n. Es una se\u00f1al hacia los sectores castrenses y los grupos ultraconservadores que ven en este gobierno una oportunidad para recuperar terreno perdido desde el Juicio a las Juntas.<br><br>El gobierno de Javier Milei ha mostrado una l\u00ednea coherente con esa l\u00f3gica: relativiza los a\u00f1os de dictadura, promueve el negacionismo hist\u00f3rico y busca desmantelar las pol\u00edticas de memoria. La vicepresidenta Victoria Villarruel, defensora p\u00fablica de los militares condenados, encarna ese revisionismo de manera abierta. El abrazo de Bullrich con Pando completa la escena: mientras la Corte prepara el terreno judicial, el Poder Ejecutivo se encarga de construir el marco pol\u00edtico y simb\u00f3lico que legitime la impunidad.<br><br>El \u201cNunca M\u00e1s\u201d no fue solo una consigna moral, sino un pacto social que sell\u00f3 el regreso de la democracia. Su erosi\u00f3n, pieza por pieza, comienza con estos gestos que parecen menores, pero que contienen una carga pol\u00edtica enorme. Un abrazo puede ser solo un gesto, pero cuando lo protagonizan dos mujeres que representan, cada una a su manera, el proyecto de impunidad, se convierte en una advertencia. Porque lo que est\u00e1 en juego no es solo la memoria del pasado, sino el pacto de justicia del presente.<br><br>Bullrich, que alguna vez milit\u00f3 en las filas del peronismo revolucionario, hoy se muestra del brazo de quien reivindica a sus verdugos. Esa paradoja revela el cinismo de una clase dirigente que ha hecho del oportunismo su marca registrada. Pando, en tanto, sonr\u00ede satisfecha: su lucha por los represores encuentra eco en las m\u00e1s altas esferas del poder pol\u00edtico.<br><br>El abrazo entre ambas no ser\u00e1 olvidado f\u00e1cilmente. Es el s\u00edmbolo de un tiempo pol\u00edtico donde la impunidad se vuelve bandera y donde la memoria vuelve a ser campo de batalla. Frente a eso, la sociedad tiene la obligaci\u00f3n de recordar que los genocidas no merecen perd\u00f3n ni olvido, y que cada gesto de complicidad \u2014por m\u00e1s breve que parezca\u2014 es un golpe contra la verdad, la justicia y la dignidad colectiva.<\/p>\n","protected":false},"excerpt":{"rendered":"<p>D\u00edas despu\u00e9s de que la Corte Suprema de Justicia emitiera un fallo que favorece la liberaci\u00f3n de represores condenados por delitos de lesa humanidad, Patricia Bullrich fue fotografiada abraz\u00e1ndose con Cecilia Pando, una de las principales activistas que milita por la libertad de los genocidas. El gesto, lejos de ser casual, confirma la afinidad ideol\u00f3gica&#8230;<\/p>\n","protected":false},"author":1,"featured_media":10565,"comment_status":"open","ping_status":"open","sticky":false,"template":"","format":"standard","meta":{"_monsterinsights_skip_tracking":false,"_monsterinsights_sitenote_active":false,"_monsterinsights_sitenote_note":"","_monsterinsights_sitenote_category":0,"footnotes":"","jetpack_publicize_message":"","jetpack_publicize_feature_enabled":true,"jetpack_social_post_already_shared":true,"jetpack_social_options":{"image_generator_settings":{"template":"highway","default_image_id":0,"font":"","enabled":false},"version":2}},"categories":[1908,3950,4],"tags":[3993,745,78,98,431],"class_list":["post-10567","post","type-post","status-publish","format-standard","has-post-thumbnail","hentry","category-derechos-humanos","category-justicia","category-sociedad","tag-cecilia-pando","tag-corte-suprema","tag-derechos-humanos","tag-impunidad","tag-patricia-bullrich"],"jetpack_publicize_connections":[],"_links":{"self":[{"href":"https:\/\/www.enorsai.com\/noticias\/wp-json\/wp\/v2\/posts\/10567","targetHints":{"allow":["GET"]}}],"collection":[{"href":"https:\/\/www.enorsai.com\/noticias\/wp-json\/wp\/v2\/posts"}],"about":[{"href":"https:\/\/www.enorsai.com\/noticias\/wp-json\/wp\/v2\/types\/post"}],"author":[{"embeddable":true,"href":"https:\/\/www.enorsai.com\/noticias\/wp-json\/wp\/v2\/users\/1"}],"replies":[{"embeddable":true,"href":"https:\/\/www.enorsai.com\/noticias\/wp-json\/wp\/v2\/comments?post=10567"}],"version-history":[{"count":1,"href":"https:\/\/www.enorsai.com\/noticias\/wp-json\/wp\/v2\/posts\/10567\/revisions"}],"predecessor-version":[{"id":10568,"href":"https:\/\/www.enorsai.com\/noticias\/wp-json\/wp\/v2\/posts\/10567\/revisions\/10568"}],"wp:featuredmedia":[{"embeddable":true,"href":"https:\/\/www.enorsai.com\/noticias\/wp-json\/wp\/v2\/media\/10565"}],"wp:attachment":[{"href":"https:\/\/www.enorsai.com\/noticias\/wp-json\/wp\/v2\/media?parent=10567"}],"wp:term":[{"taxonomy":"category","embeddable":true,"href":"https:\/\/www.enorsai.com\/noticias\/wp-json\/wp\/v2\/categories?post=10567"},{"taxonomy":"post_tag","embeddable":true,"href":"https:\/\/www.enorsai.com\/noticias\/wp-json\/wp\/v2\/tags?post=10567"}],"curies":[{"name":"wp","href":"https:\/\/api.w.org\/{rel}","templated":true}]}}