{"id":10543,"date":"2025-10-31T22:22:39","date_gmt":"2025-11-01T01:22:39","guid":{"rendered":"https:\/\/www.enorsai.com\/noticias\/?p=10543"},"modified":"2025-10-31T22:36:23","modified_gmt":"2025-11-01T01:36:23","slug":"kicillof-reunio-a-intendentes-bonaerenses-y-llamo-a-construir-una-alternativa-amplia-para-2027","status":"publish","type":"post","link":"https:\/\/www.enorsai.com\/noticias\/politica\/kicillof-reunio-a-intendentes-bonaerenses-y-llamo-a-construir-una-alternativa-amplia-para-2027\/","title":{"rendered":"Kicillof reuni\u00f3 a intendentes bonaerenses y llam\u00f3 a construir una alternativa amplia para 2027"},"content":{"rendered":"\n<p><strong><em>En un encuentro con m\u00e1s de 40 jefes comunales, el gobernador bonaerense analiz\u00f3 el resultado electoral y propuso consolidar el Movimiento Derecho al Futuro como una herramienta pol\u00edtica de alcance nacional.<\/em><\/strong><\/p>\n\n\n\n<p>La reuni\u00f3n en Berazategui sirvi\u00f3 para reordenar filas tras la derrota del 26 de octubre y proyectar un armado que supere los l\u00edmites del Partido Justicialista. Los intendentes expresaron respaldo al mandatario y coincidieron en la necesidad de fortalecer la gesti\u00f3n provincial frente al avance del gobierno de Javier Milei.<\/p>\n\n\n\n<p>Axel Kicillof reuni\u00f3 en Berazategui a m\u00e1s de cuarenta intendentes bonaerenses que integran el Movimiento Derecho al Futuro (MDF), en un encuentro que se extendi\u00f3 durante toda la tarde y que dej\u00f3 una definici\u00f3n clara: avanzar en la construcci\u00f3n de una alternativa pol\u00edtica de cara a 2027, con el objetivo de seguir gobernando la provincia de Buenos Aires y recuperar el gobierno nacional. La cumbre, realizada en la casona del Ministerio de Asuntos Agrarios \u2014ubicada en el Parque Pereyra Iraola\u2014, funcion\u00f3 como una instancia de balance tras las elecciones legislativas del 26 de octubre, pero tambi\u00e9n como punto de partida de una nueva etapa dentro del peronismo bonaerense.<\/p>\n\n\n\n<p>El gobernador fue recibido con un aplauso prolongado por parte de los jefes comunales que ya hab\u00edan comenzado a intercambiar impresiones sobre la coyuntura electoral y los desaf\u00edos por venir. En su intervenci\u00f3n, Kicillof agradeci\u00f3 el trabajo territorial realizado durante la campa\u00f1a, valor\u00f3 el esfuerzo colectivo y llam\u00f3 a ampliar la base de sustentaci\u00f3n del MDF como un espacio capaz de trascender las fronteras del Partido Justicialista. Su mensaje apunt\u00f3 a la unidad, pero tambi\u00e9n a la renovaci\u00f3n pol\u00edtica. \u201cHay que trabajar para ser una alternativa a nivel nacional desde el Movimiento Derecho al Futuro. No vamos a construir sobre la base de pisotear a otros, sino de unificar a todos\u201d, expres\u00f3 el jefe de Gabinete, Carlos Bianco, al cierre del encuentro, sintetizando la postura del mandatario.<\/p>\n\n\n\n<p>La convocatoria, seg\u00fan coincidieron los asistentes, hab\u00eda sido planificada con anterioridad al debate p\u00fablico generado por la carta de Cristina Fern\u00e1ndez de Kirchner, difundida pocos d\u00edas antes, en la que la expresidenta analiz\u00f3 las causas de la derrota electoral. Si bien el documento gener\u00f3 incomodidad en varios intendentes, desde el entorno de Kicillof evitaron polemizar y sostuvieron que el encuentro en Berazategui ten\u00eda objetivos estrictamente pol\u00edticos y de gesti\u00f3n. \u201cEl foco fue trabajar para recuperar el gobierno nacional en 2027 y cuidar la provincia. Empez\u00f3 la campa\u00f1a para el 2027, miramos para adelante, no nos enredamos en internas\u201d, sintetiz\u00f3 uno de los jefes comunales consultados por <em>\u00c1mbito<\/em>.<\/p>\n\n\n\n<p>Durante la reuni\u00f3n, los intendentes destacaron el resultado obtenido en la elecci\u00f3n provincial, calific\u00e1ndolo como un desempe\u00f1o positivo en un contexto nacional adverso. Alberto Descalzo, exintendente de Ituzaing\u00f3, sostuvo que \u201cla elecci\u00f3n fue muy bien desdoblada y se gan\u00f3 muy bien. Axel decidi\u00f3 en funci\u00f3n de lo que nosotros le pedimos\u201d. Su par de Laprida, Alfredo \u201cPichi\u201d Fisher, coincidi\u00f3 en el diagn\u00f3stico: \u201cEstamos muy contentos porque con la conducci\u00f3n de Axel logramos que m\u00e1s de 100 municipios consolidaran su territorio y que la Legislatura tenga sostenibilidad para nuestro gobernador\u201d. Las declaraciones, recogidas por <em>\u00c1mbito<\/em> y <em>La Naci\u00f3n<\/em>, apuntaron a respaldar la estrategia provincial y a marcar una continuidad de gesti\u00f3n frente a los desaf\u00edos institucionales que se avecinan.<\/p>\n\n\n\n<p>Uno de los ejes centrales del encuentro fue la necesidad de garantizar la aprobaci\u00f3n de tres leyes clave: el Presupuesto 2026, la Ley Impositiva y la autorizaci\u00f3n para tomar endeudamiento. Seg\u00fan confirmaron fuentes oficiales, los proyectos ser\u00e1n presentados el lunes siguiente en la Casa de Gobierno y representan un punto de inflexi\u00f3n para la administraci\u00f3n provincial. \u201cSon normas cruciales para el funcionamiento de la provincia\u201d, explic\u00f3 un alto funcionario. En la misma l\u00ednea, desde el MDF remarcaron que el contexto econ\u00f3mico, marcado por las pol\u00edticas de ajuste del gobierno de Javier Milei, exige fortalecer la gobernabilidad y la coordinaci\u00f3n legislativa.<\/p>\n\n\n\n<p>La preocupaci\u00f3n por las decisiones del Ejecutivo nacional atraves\u00f3 toda la jornada. Los intendentes y ministros presentes plantearon su inquietud por lo que consideraron una \u201cactitud sectaria y antidemocr\u00e1tica\u201d del presidente Milei, especialmente tras excluir a cuatro provincias de la reuni\u00f3n de gobernadores convocada en la Casa Rosada. Entre los asistentes al c\u00f3nclave estuvieron la vicegobernadora Ver\u00f3nica Magario, los ministros Carlos Bianco (Gobierno), Javier Alonso (Seguridad), Pablo L\u00f3pez (Econom\u00eda), Walter Correa (Trabajo), Andr\u00e9s Larroque (Desarrollo de la Comunidad), Javier Rodr\u00edguez (Desarrollo Agrario), Jesica Rey (Comunicaci\u00f3n) y el director ejecutivo de ARBA, Cristian Girard. Tambi\u00e9n participaron intendentes como Julio Alak (La Plata), Fabi\u00e1n Cagliardi (Berisso), Lucas Ghi (Mor\u00f3n), Mariano Cascallares (Almirante Brown), Andr\u00e9s Watson (Florencio Varela), Pablo Descalzo (Ituzaing\u00f3) y Fernando Moreira (General San Mart\u00edn).<\/p>\n\n\n\n<p>En los d\u00edas previos, el documento firmado por Cristina Kirchner hab\u00eda generado fuertes comentarios dentro del peronismo bonaerense, al responsabilizar a Kicillof por la decisi\u00f3n de desdoblar la elecci\u00f3n provincial de la nacional, a la que calific\u00f3 como un \u201cerror pol\u00edtico\u201d. La expresidenta argument\u00f3 que esa estrategia dividi\u00f3 esfuerzos y debilit\u00f3 el desempe\u00f1o del oficialismo frente a la oposici\u00f3n. Sin embargo, varios intendentes interpretaron la misiva como una se\u00f1al de desgaste en la conducci\u00f3n del Partido Justicialista. Algunos manifestaron su malestar por lo que consideraron un \u201ctono injusto\u201d hacia quienes sostienen la gesti\u00f3n territorial y advirtieron que el peronismo necesita abrir una nueva etapa de debate y reorganizaci\u00f3n.<\/p>\n\n\n\n<p>Desde el entorno del gobernador prefirieron no alimentar la controversia. Las fuentes citadas por <em>\u00c1mbito<\/em> aseguraron que la publicaci\u00f3n \u201cno caus\u00f3 sorpresa\u201d y que \u201cno modifica la relaci\u00f3n con CFK ni con La C\u00e1mpora\u201d. De hecho, trascendi\u00f3 que Kicillof descart\u00f3 de plano cualquier movimiento para desplazar a los ministros que militan en la organizaci\u00f3n kirchnerista, como Juan Mart\u00edn Mena, Nicol\u00e1s Kreplak, Florencia Saintout, Daniela Vilar, Marina Moretti y Homero Giles. \u201cLa carta y el gabinete son asuntos separados\u201d, aclararon desde el gobierno bonaerense.<\/p>\n\n\n\n<p>Pese a las diferencias de diagn\u00f3stico sobre la estrategia electoral, el eje del discurso de Kicillof gir\u00f3 en torno a la necesidad de mantener la cohesi\u00f3n y evitar una fragmentaci\u00f3n mayor. En ese sentido, insisti\u00f3 en que el Movimiento Derecho al Futuro debe convertirse en una herramienta de articulaci\u00f3n pol\u00edtica que convoque a todos los sectores del campo nacional y popular. El objetivo, seg\u00fan los intendentes consultados, es construir un espacio amplio que trascienda las estructuras partidarias tradicionales y recupere el v\u00ednculo con la sociedad desde la gesti\u00f3n.<\/p>\n\n\n\n<p>El encuentro tambi\u00e9n sirvi\u00f3 para reafirmar un posicionamiento com\u00fan frente a las pol\u00edticas del gobierno nacional. Los intendentes expresaron su preocupaci\u00f3n por el impacto del ajuste sobre los municipios, la ca\u00edda de la obra p\u00fablica y la reducci\u00f3n de transferencias. Varios se\u00f1alaron que la provincia necesita instrumentos financieros para sostener programas sociales y garantizar la prestaci\u00f3n de servicios b\u00e1sicos. En ese contexto, la aprobaci\u00f3n del Presupuesto y el endeudamiento fue presentada como una condici\u00f3n indispensable para sostener la gobernabilidad y atender las demandas m\u00e1s urgentes de la poblaci\u00f3n.<\/p>\n\n\n\n<p>Mientras tanto, desde el PJ bonaerense se mantienen las expectativas por la renovaci\u00f3n de autoridades prevista para diciembre. El mandato de M\u00e1ximo Kirchner como presidente del partido expira el 18 de ese mes, y aunque Kicillof no manifest\u00f3 intenci\u00f3n de competir por el cargo, dej\u00f3 trascender que no obstaculizar\u00e1 a los intendentes que decidan impulsar una nueva conducci\u00f3n. La definici\u00f3n del futuro del PJ provincial ser\u00e1 otro de los escenarios donde se medir\u00e1 el peso pol\u00edtico del gobernador y de su espacio.<\/p>\n\n\n\n<p>La diputada bonaerense Teresa Garc\u00eda, una de las voces m\u00e1s cercanas a Cristina Fern\u00e1ndez de Kirchner, busc\u00f3 atemperar los \u00e1nimos y sostuvo que la carta de la exmandataria no deb\u00eda interpretarse como un ataque, sino como un \u201can\u00e1lisis pol\u00edtico correcto\u201d sobre la coyuntura. Reconoci\u00f3, sin embargo, que la provincia \u201ctermin\u00f3 balcanizada\u201d por las distintas estrategias electorales y que la falta de coordinaci\u00f3n entre los niveles municipal, provincial y nacional incidi\u00f3 en el resultado final.<\/p>\n\n\n\n<p>En la Casa de Gobierno bonaerense, el an\u00e1lisis fue otro: los funcionarios destacaron que el MDF logr\u00f3 consolidar presencia en m\u00e1s de 100 municipios, fortalecer el bloque legislativo y sostener la gobernabilidad frente a un panorama econ\u00f3mico incierto. \u201cNo fue una mala elecci\u00f3n, fue una elecci\u00f3n dif\u00edcil en un contexto nacional de recesi\u00f3n, inflaci\u00f3n y enojo social\u201d, sintetiz\u00f3 un ministro del gabinete.<\/p>\n\n\n\n<p>Lejos de las lecturas simplistas, el encuentro de Berazategui reflej\u00f3 la voluntad de Kicillof de sostener el liderazgo provincial sin romper los puentes con el resto del peronismo. En un momento de fragmentaci\u00f3n pol\u00edtica, su apuesta pasa por combinar gesti\u00f3n, territorialidad y construcci\u00f3n colectiva. El Movimiento Derecho al Futuro emerge as\u00ed como una plataforma de proyecci\u00f3n hacia 2027, con un discurso centrado en la defensa de la provincia frente al avance del neoliberalismo y en la necesidad de recuperar un horizonte de desarrollo.<\/p>\n\n\n\n<p>El mensaje fue claro: sin unidad, no hay futuro pol\u00edtico posible. Pero esa unidad, seg\u00fan dej\u00f3 entrever el gobernador, deber\u00e1 construirse sobre nuevas bases, m\u00e1s amplias y representativas. En ese equilibrio \u2014entre la lealtad institucional y la necesidad de renovaci\u00f3n\u2014 se juega hoy buena parte del destino del peronismo bonaerense.<\/p>\n\n\n\n<p><strong>Fuentes :<\/strong><\/p>\n\n\n\n<ul class=\"wp-block-list\">\n<li><em>La Naci\u00f3n<\/em> \u2013 \u201cLos intendentes aliados a Axel Kicillof interpretaron la carta de Cristina Kirchner como una se\u00f1al de ruptura\u201d<br><a href=\"https:\/\/www.lanacion.com.ar\/politica\/los-intendentes-aliados-a-axel-kicillof-interpretaron-la-carta-de-cristina-kirchner-como-una-senal-nid31102025\/\">https:\/\/www.lanacion.com.ar\/politica\/los-intendentes-aliados-a-axel-kicillof-interpretaron-la-carta-de-cristina-kirchner-como-una-senal-nid31102025\/<\/a><\/li>\n\n\n\n<li><em>\u00c1mbito<\/em> \u2013 \u201cAxel Kicillof se reuni\u00f3 con intendentes: llamaron a construir una \u2018alternativa para volver a ganar el pa\u00eds\u2019\u201d<br><a href=\"https:\/\/www.ambito.com\/ambito-nacional\/axel-kicillof-reune-intendentes-el-mensaje-cristina-kirchner-y-medio-tensiones-internas-del-peronismo-bonaerense-n6208598\">https:\/\/www.ambito.com\/ambito-nacional\/axel-kicillof-reune-intendentes-el-mensaje-cristina-kirchner-y-medio-tensiones-internas-del-peronismo-bonaerense-n6208598<\/a><\/li>\n\n\n\n<li><em>Letra P<\/em> \u2013 \u201cPeronismo en m\u00e1xima tensi\u00f3n: Axel Kicillof define con intendentes el futuro de la interna con CFK\u201d<br><a href=\"https:\/\/www.letrap.com.ar\/politica\/peronismo-maxima-tension-axel-kicillof-define-intendentes-el-futuro-la-interna-cfk-n5419929\">https:\/\/www.letrap.com.ar\/politica\/peronismo-maxima-tension-axel-kicillof-define-intendentes-el-futuro-la-interna-cfk-n5419929<\/a><\/li>\n<\/ul>\n","protected":false},"excerpt":{"rendered":"<p>En un encuentro con m\u00e1s de 40 jefes comunales, el gobernador bonaerense analiz\u00f3 el resultado electoral y propuso consolidar el Movimiento Derecho al Futuro como una herramienta pol\u00edtica de alcance nacional. La reuni\u00f3n en Berazategui sirvi\u00f3 para reordenar filas tras la derrota del 26 de octubre y proyectar un armado que supere los l\u00edmites del&#8230;<\/p>\n","protected":false},"author":1,"featured_media":10544,"comment_status":"open","ping_status":"open","sticky":false,"template":"","format":"standard","meta":{"_monsterinsights_skip_tracking":false,"_monsterinsights_sitenote_active":false,"_monsterinsights_sitenote_note":"","_monsterinsights_sitenote_category":0,"footnotes":"","jetpack_publicize_message":"","jetpack_publicize_feature_enabled":true,"jetpack_social_post_already_shared":true,"jetpack_social_options":{"image_generator_settings":{"template":"highway","default_image_id":0,"font":"","enabled":false},"version":2}},"categories":[2],"tags":[],"class_list":["post-10543","post","type-post","status-publish","format-standard","has-post-thumbnail","hentry","category-politica"],"jetpack_publicize_connections":[],"_links":{"self":[{"href":"https:\/\/www.enorsai.com\/noticias\/wp-json\/wp\/v2\/posts\/10543","targetHints":{"allow":["GET"]}}],"collection":[{"href":"https:\/\/www.enorsai.com\/noticias\/wp-json\/wp\/v2\/posts"}],"about":[{"href":"https:\/\/www.enorsai.com\/noticias\/wp-json\/wp\/v2\/types\/post"}],"author":[{"embeddable":true,"href":"https:\/\/www.enorsai.com\/noticias\/wp-json\/wp\/v2\/users\/1"}],"replies":[{"embeddable":true,"href":"https:\/\/www.enorsai.com\/noticias\/wp-json\/wp\/v2\/comments?post=10543"}],"version-history":[{"count":1,"href":"https:\/\/www.enorsai.com\/noticias\/wp-json\/wp\/v2\/posts\/10543\/revisions"}],"predecessor-version":[{"id":10545,"href":"https:\/\/www.enorsai.com\/noticias\/wp-json\/wp\/v2\/posts\/10543\/revisions\/10545"}],"wp:featuredmedia":[{"embeddable":true,"href":"https:\/\/www.enorsai.com\/noticias\/wp-json\/wp\/v2\/media\/10544"}],"wp:attachment":[{"href":"https:\/\/www.enorsai.com\/noticias\/wp-json\/wp\/v2\/media?parent=10543"}],"wp:term":[{"taxonomy":"category","embeddable":true,"href":"https:\/\/www.enorsai.com\/noticias\/wp-json\/wp\/v2\/categories?post=10543"},{"taxonomy":"post_tag","embeddable":true,"href":"https:\/\/www.enorsai.com\/noticias\/wp-json\/wp\/v2\/tags?post=10543"}],"curies":[{"name":"wp","href":"https:\/\/api.w.org\/{rel}","templated":true}]}}