{"id":10539,"date":"2025-10-31T22:07:50","date_gmt":"2025-11-01T01:07:50","guid":{"rendered":"https:\/\/www.enorsai.com\/noticias\/?p=10539"},"modified":"2025-10-31T22:09:04","modified_gmt":"2025-11-01T01:09:04","slug":"fugas-y-traiciones-el-bloque-libertario-tambalea-antes-de-asumir-el-control-del-congreso","status":"publish","type":"post","link":"https:\/\/www.enorsai.com\/noticias\/politica\/fugas-y-traiciones-el-bloque-libertario-tambalea-antes-de-asumir-el-control-del-congreso\/","title":{"rendered":"Fugas y traiciones: el bloque libertario tambalea antes de asumir el control del Congreso"},"content":{"rendered":"\n<p>Las fracturas dentro del oficialismo y la resistencia del PRO y la UCR a integrarse plenamente al bloque libertario ponen en jaque la estrategia de Javier Milei para dominar la C\u00e1mara baja. El sue\u00f1o de una gran alianza de derecha se desvanece entre ambiciones personales, traiciones y viejos rencores.<\/p>\n\n\n\n<p>A poco m\u00e1s de un mes de la renovaci\u00f3n legislativa, el panorama de La Libertad Avanza dista de ser el que imaginaba Javier Milei. La fuga de diputados, los desacuerdos con el macrismo y el radicalismo, y el liderazgo incierto de Mart\u00edn Menem y Karina Milei dejan al oficialismo frente a una inc\u00f3moda realidad: no tienen garantizada la primera minor\u00eda en Diputados. Lo que se promet\u00eda como una nueva era pol\u00edtica se transforma, d\u00eda a d\u00eda, en una puja de egos que amenaza con paralizar al Congreso.<\/p>\n\n\n\n<p>El triunfo electoral de La Libertad Avanza del 26 de octubre parec\u00eda abrirle las puertas del poder pol\u00edtico a Javier Milei. En la euforia del Hotel Libertador, el oficialismo se mostraba convencido de haber conquistado una posici\u00f3n dominante en la C\u00e1mara de Diputados. Pero la resaca del festejo trajo consigo una dosis de realidad: el bloque libertario enfrenta un proceso de desintegraci\u00f3n interna que pone en duda su capacidad de consolidarse como la primera minor\u00eda.<\/p>\n\n\n\n<p>Mart\u00edn Menem, presidente del cuerpo y pieza central en la estrategia legislativa del gobierno, enfrenta una tarea tit\u00e1nica. La pretensi\u00f3n de un gran bloque o interbloque de derecha, impulsado por Karina Milei y el ministro de Defensa Luis Petri, se desinfla r\u00e1pidamente. Los radicales, al igual que el sector macrista del PRO, ya dejaron en claro que no se integrar\u00e1n de manera directa al bloque conducido por Gabriel Bornoroni. La promesa de unidad se convirti\u00f3 en un rompecabezas de intereses en pugna.<\/p>\n\n\n\n<p>El caso m\u00e1s emblem\u00e1tico es el del diputado Dami\u00e1n Arabia, un joven de 34 a\u00f1os que responde al sector de Patricia Bullrich y que rompi\u00f3 abiertamente con Mauricio Macri. Arabia no solo rechaz\u00f3 seguir dentro del bloque PRO, sino que tambi\u00e9n anticip\u00f3 su intenci\u00f3n de trabajar \u201cpor fuera de la conducci\u00f3n del expresidente\u201d. Su frase \u2014\u201cno voy a aceptar que hable en mi nombre ni que use esta banca para presionar al Gobierno\u201d\u2014 refleja la fractura que atraviesa el macrismo, ahora dividido entre los que responden a Bullrich y los que siguen bajo el ala de Macri.<\/p>\n\n\n\n<p>Las tensiones internas del PRO, lejos de fortalecer a La Libertad Avanza, la debilitan. El bullrichismo parece dispuesto a \u201chacer lo que m\u00e1s le sirva al Gobierno\u201d, seg\u00fan deslizan desde su entorno, pero esa lealtad condicional tiene un precio: la subordinaci\u00f3n del Congreso a los caprichos del Ejecutivo. Lo que en apariencia podr\u00eda beneficiar a Milei, en la pr\u00e1ctica lo expone a la volatilidad de un bloque fragmentado, dependiente de alianzas circunstanciales.<\/p>\n\n\n\n<p>La diputada mendocina Pamela Verasay, electa por la lista libertaria pero cercana al gobernador radical Alfredo Cornejo, tambi\u00e9n confirm\u00f3 que permanecer\u00e1 dentro del bloque de la UCR. Su decisi\u00f3n es una muestra de la fragilidad de las alianzas libertarias: incluso aquellos que llegaron al Congreso bajo el sello de Milei no se sienten identificados con su conducci\u00f3n. En la pr\u00e1ctica, el radicalismo retiene piezas que el oficialismo daba por ganadas.<\/p>\n\n\n\n<p>Algo similar ocurre con los tres diputados vinculados al gobernador de Entre R\u00edos, Rogelio Frigerio. Pese a haber competido aliados a La Libertad Avanza, no formar\u00e1n parte del bloque de Bornoroni. Francisco Morchio continuar\u00e1 en Encuentro Federal, junto a Emilio Monz\u00f3 y Miguel \u00c1ngel Pichetto; Alicia Fregonese volver\u00e1 al PRO; y Dar\u00edo Schneider intentar\u00e1 reconstruir la presencia radical en la C\u00e1mara. En Chaco, Guillermo Ag\u00fcero, funcionario del gobernador radical Leandro Zdero, seguir\u00e1 el mismo camino: fue electo en una lista libertaria, pero no responde a la conducci\u00f3n de Karina Milei. Cada fuga erosiona la estructura del oficialismo y desnuda su aislamiento pol\u00edtico.<\/p>\n\n\n\n<p>Los intentos de cohesi\u00f3n parecen naufragar incluso antes de comenzar. Mientras algunos libertarios sue\u00f1an con formar un interbloque \u201cDesarrollo Entrerriano\u201d que agrupe a los disidentes, otros prefieren volver a sus partidos de origen. \u201cCada uno ir\u00e1 al bloque que m\u00e1s lo represente\u201d, confes\u00f3 una fuente cercana al sector. Detr\u00e1s de esa frase se esconde una verdad inc\u00f3moda: el armado libertario fue una amalgama electoral, no un proyecto pol\u00edtico s\u00f3lido.<\/p>\n\n\n\n<p>El festejo inicial por haber alcanzado la primera minor\u00eda se desvaneci\u00f3 con el escrutinio definitivo. Los n\u00fameros no cierran. Sin la incorporaci\u00f3n del PRO ni de los radicales, La Libertad Avanza no podr\u00e1 ejercer el control de la C\u00e1mara. Y aunque el gobierno intente compensarlo mediante acuerdos legislativos puntuales, su debilidad estructural es evidente. Lo que Milei interpret\u00f3 como un voto de confianza popular fue, en realidad, un voto de protesta que ahora se diluye entre la desconfianza y la falta de rumbo.<\/p>\n\n\n\n<p>El contexto es a\u00fan m\u00e1s preocupante si se considera la falta de experiencia parlamentaria del bloque libertario. La mayor\u00eda de sus diputados debutan en el Congreso sin conocimiento de los procedimientos ni capacidad t\u00e9cnica para negociar proyectos complejos. El liderazgo verticalista de Karina Milei y Mart\u00edn Menem tampoco contribuye: lejos de ordenar, profundiza el malestar interno. La gesti\u00f3n del poder se convirti\u00f3 en un ejercicio de improvisaci\u00f3n, donde la l\u00f3gica del \u201ctodo o nada\u201d choca con la realidad de la pol\u00edtica.<\/p>\n\n\n\n<p>La apuesta de Milei por unificar a la derecha bajo su mando est\u00e1 fracasando. El macrismo conserva poder territorial y medi\u00e1tico, la UCR mantiene sus estructuras provinciales y los gobernadores electos no est\u00e1n dispuestos a subordinarse a los caprichos del Presidente. A esto se suma la creciente incomodidad de sectores empresariales y del sindicalismo que ven con preocupaci\u00f3n el rumbo econ\u00f3mico del gobierno. El discurso de \u201clibertad o populismo\u201d pierde fuerza frente a la evidencia de un gobierno que no logra construir mayor\u00edas.<\/p>\n\n\n\n<p>En este marco, la C\u00e1mara de Diputados se convierte en el espejo de una Argentina partida. El sue\u00f1o de Milei de consolidar un bloque homog\u00e9neo de derecha se desvanece ante la realidad de un sistema multipartidario donde las alianzas son tan fr\u00e1giles como ef\u00edmeras. Cada diputado que se va, cada bloque que se divide, es un recordatorio de que el poder no se impone con discursos incendiarios, sino con capacidad pol\u00edtica.<\/p>\n\n\n\n<p>La contradicci\u00f3n es evidente: el gobierno que prometi\u00f3 \u201cterminar con la casta\u201d hoy depende de esa misma casta para sobrevivir. La alianza con el bullrichismo, la cooptaci\u00f3n de radicales y la negociaci\u00f3n con gobernadores conservadores son el retrato de un Milei pragm\u00e1tico, pero tambi\u00e9n acorralado. Su proyecto de refundar la pol\u00edtica desde cero naufraga en el pantano del Congreso, donde las lealtades se compran caro y las traiciones son moneda corriente.<\/p>\n\n\n\n<p>A medida que se aproxima el 10 de diciembre, la ansiedad crece en el oficialismo. Mart\u00edn Menem, enfrentado al desaf\u00edo de garantizar gobernabilidad, intenta recomponer puentes mientras los aliados se escapan. Karina Milei, desde su despacho en la Casa Rosada, intenta disciplinar con llamados y promesas. Pero la realidad es que el bloque libertario no existe como tal: es una sumatoria de nombres, ambiciones y disputas personales. Y sin cohesi\u00f3n interna, el sue\u00f1o de imponer la agenda legislativa libertaria se vuelve cada d\u00eda m\u00e1s remoto.<\/p>\n\n\n\n<p>La fragilidad de La Libertad Avanza en Diputados es un reflejo del fracaso pol\u00edtico de su conducci\u00f3n. El gobierno de Javier Milei, que se jacta de \u201cno tranzar con nadie\u201d, depende de acuerdos invisibles y de pactos de conveniencia para sostenerse. Su discurso de pureza ideol\u00f3gica se diluye frente a la aritm\u00e9tica parlamentaria. Y la tan mentada \u201ccasta pol\u00edtica\u201d \u2014esa que prometi\u00f3 destruir\u2014 hoy se sienta en la primera fila de sus negociaciones.<\/p>\n\n\n\n<p>La historia reciente de la pol\u00edtica argentina ense\u00f1a que ning\u00fan gobierno logra sostenerse sin una base legislativa s\u00f3lida. Si Milei insiste en gobernar por decreto o mediante imposiciones, su administraci\u00f3n corre el riesgo de aislarse. La p\u00e9rdida de la primera minor\u00eda en Diputados no es solo un dato estad\u00edstico: es una se\u00f1al de debilidad estructural que amenaza con convertir a La Libertad Avanza en un gobierno en minor\u00eda antes de haber comenzado a gobernar.<\/p>\n\n\n\n<h3 class=\"wp-block-heading\">FUENTE<\/h3>\n\n\n\n<p>MDZ \u2013 \u201cDiputados: con fugas de \u00faltimo momento, La Libertad Avanza podr\u00eda quedarse sin la primera minor\u00eda\u201d<br><a>https:\/\/www.mdzol.com\/politica\/2025\/10\/30\/diputados-con-fugas-de-ultimo-momento-la-libertad-avanza-podria-quedarse-sin-la-primera-minoria-431654.html<\/a><\/p>\n","protected":false},"excerpt":{"rendered":"<p>Las fracturas dentro del oficialismo y la resistencia del PRO y la UCR a integrarse plenamente al bloque libertario ponen en jaque la estrategia de Javier Milei para dominar la C\u00e1mara baja. El sue\u00f1o de una gran alianza de derecha se desvanece entre ambiciones personales, traiciones y viejos rencores. A poco m\u00e1s de un mes&#8230;<\/p>\n","protected":false},"author":1,"featured_media":10540,"comment_status":"open","ping_status":"open","sticky":false,"template":"","format":"standard","meta":{"_monsterinsights_skip_tracking":false,"_monsterinsights_sitenote_active":false,"_monsterinsights_sitenote_note":"","_monsterinsights_sitenote_category":0,"footnotes":"","jetpack_publicize_message":"","jetpack_publicize_feature_enabled":true,"jetpack_social_post_already_shared":true,"jetpack_social_options":{"image_generator_settings":{"template":"highway","default_image_id":0,"font":"","enabled":false},"version":2}},"categories":[3975,2],"tags":[3988,257,43,260,605,45,616,3332],"class_list":["post-10539","post","type-post","status-publish","format-standard","has-post-thumbnail","hentry","category-congreso","category-politica","tag-bloque","tag-congreso","tag-crisis","tag-diputados","tag-libertarios","tag-milei","tag-pro","tag-ucr"],"jetpack_publicize_connections":[],"_links":{"self":[{"href":"https:\/\/www.enorsai.com\/noticias\/wp-json\/wp\/v2\/posts\/10539","targetHints":{"allow":["GET"]}}],"collection":[{"href":"https:\/\/www.enorsai.com\/noticias\/wp-json\/wp\/v2\/posts"}],"about":[{"href":"https:\/\/www.enorsai.com\/noticias\/wp-json\/wp\/v2\/types\/post"}],"author":[{"embeddable":true,"href":"https:\/\/www.enorsai.com\/noticias\/wp-json\/wp\/v2\/users\/1"}],"replies":[{"embeddable":true,"href":"https:\/\/www.enorsai.com\/noticias\/wp-json\/wp\/v2\/comments?post=10539"}],"version-history":[{"count":1,"href":"https:\/\/www.enorsai.com\/noticias\/wp-json\/wp\/v2\/posts\/10539\/revisions"}],"predecessor-version":[{"id":10541,"href":"https:\/\/www.enorsai.com\/noticias\/wp-json\/wp\/v2\/posts\/10539\/revisions\/10541"}],"wp:featuredmedia":[{"embeddable":true,"href":"https:\/\/www.enorsai.com\/noticias\/wp-json\/wp\/v2\/media\/10540"}],"wp:attachment":[{"href":"https:\/\/www.enorsai.com\/noticias\/wp-json\/wp\/v2\/media?parent=10539"}],"wp:term":[{"taxonomy":"category","embeddable":true,"href":"https:\/\/www.enorsai.com\/noticias\/wp-json\/wp\/v2\/categories?post=10539"},{"taxonomy":"post_tag","embeddable":true,"href":"https:\/\/www.enorsai.com\/noticias\/wp-json\/wp\/v2\/tags?post=10539"}],"curies":[{"name":"wp","href":"https:\/\/api.w.org\/{rel}","templated":true}]}}