{"id":10536,"date":"2025-10-31T21:49:55","date_gmt":"2025-11-01T00:49:55","guid":{"rendered":"https:\/\/www.enorsai.com\/noticias\/?p=10536"},"modified":"2025-10-31T22:02:55","modified_gmt":"2025-11-01T01:02:55","slug":"super-tarifazo-milei-libera-todas-las-tarifas-y-desata-una-nueva-ola-de-aumentos-tras-la-victoria-en-las-elecciones","status":"publish","type":"post","link":"https:\/\/www.enorsai.com\/noticias\/economia\/super-tarifazo-milei-libera-todas-las-tarifas-y-desata-una-nueva-ola-de-aumentos-tras-la-victoria-en-las-elecciones\/","title":{"rendered":"\u00a1Super Tarifazo! Milei libera todas las tarifas y desata una nueva ola de aumentos tras la victoria en las elecciones"},"content":{"rendered":"\n<p><strong><em>Tras su victoria en las legislativas, el gobierno de Javier Milei abandona la contenci\u00f3n tarifaria y aplica una suba generalizada en los servicios p\u00fablicos. El ajuste en gas, luz, agua, transporte y combustibles golpea a la clase media y pone en evidencia la estrategia pol\u00edtica detr\u00e1s del congelamiento previo a los comicios.<\/em><\/strong><\/p>\n\n\n\n<p>El ministro Luis Caputo dio luz verde a un paquete de incrementos que marca el regreso del tarifazo. Mientras el oficialismo celebra su \u00e9xito electoral, millones de usuarios se preparan para afrontar aumentos que superan la inflaci\u00f3n mensual. El plan de reducci\u00f3n de subsidios y liberaci\u00f3n de precios revela la cara m\u00e1s cruda del programa econ\u00f3mico libertario: el ajuste estructural disfrazado de \u201cnormalizaci\u00f3n\u201d.<\/p>\n\n\n\n<p>El gobierno de Javier Milei no esper\u00f3 ni una semana despu\u00e9s de los comicios para poner en marcha su verdadero plan econ\u00f3mico. La victoria electoral fue el punto de partida de una nueva etapa de ajuste que hab\u00eda sido cuidadosamente contenida durante meses. Con las urnas ya cerradas y la legitimidad pol\u00edtica renovada, el oficialismo levant\u00f3 el freno de mano: el gas sube 3,8% promedio a nivel nacional y se vienen incrementos en electricidad, combustibles, agua y transporte. El congelamiento preelectoral se disolvi\u00f3 en cuesti\u00f3n de d\u00edas, dando paso a un tarifazo en cadena que afecta directamente al bolsillo de millones de argentinos.<\/p>\n\n\n\n<p>Las medidas fueron definidas por el ministro de Econom\u00eda, <strong>Luis Caputo<\/strong>, y oficializadas mediante la <strong>resoluci\u00f3n 433 de la Secretar\u00eda de Energ\u00eda<\/strong> y las disposiciones <strong>811 a 830 del Enargas<\/strong>, que establecen los nuevos cuadros tarifarios. En paralelo, el Ejecutivo ajust\u00f3 los <strong>impuestos a los combustibles<\/strong>, con un impacto estimado entre <strong>1% y 1,5%<\/strong> sobre la nafta y el gasoil a partir del <strong>1\u00b0 de noviembre<\/strong>. Seg\u00fan datos del propio ministerio, la falta de actualizaci\u00f3n impositiva representaba una p\u00e9rdida fiscal de unos <strong>200 millones de d\u00f3lares mensuales<\/strong>, cifra que ahora el gobierno busca compensar trasladando la carga al consumidor.<\/p>\n\n\n\n<p>El anuncio no tom\u00f3 por sorpresa a los analistas, pero s\u00ed encendi\u00f3 la indignaci\u00f3n de los usuarios, que ven c\u00f3mo los aumentos se multiplican mientras los salarios permanecen estancados. La estrategia es clara: durante el semestre electoral los incrementos no superaron el 2% mensual, una maniobra destinada a contener la inflaci\u00f3n y evitar que el malestar social se reflejara en las urnas. Ahora, con la campa\u00f1a terminada, el Ejecutivo acelera la \u201cliberaci\u00f3n\u201d de precios y la quita progresiva de subsidios. Lo que en la jerga oficial se presenta como una \u201cnormalizaci\u00f3n del mercado energ\u00e9tico\u201d no es otra cosa que una transferencia directa de ingresos desde los hogares hacia las empresas del sector.<\/p>\n\n\n\n<p>El <strong>\u201cplan Caputo\u201d<\/strong> apunta a reducir dr\u00e1sticamente los subsidios energ\u00e9ticos, que representan una parte significativa del gasto p\u00fablico. Sin embargo, esa pol\u00edtica tiene un efecto inmediato: el encarecimiento de los servicios b\u00e1sicos y el aumento del costo de vida. En los hechos, se trata de un ajuste encubierto bajo la ret\u00f3rica de la eficiencia fiscal. El gobierno lo justifica como una \u201ccorrecci\u00f3n necesaria\u201d para equilibrar las cuentas, pero los sectores medios y populares vuelven a ser los principales perjudicados.<\/p>\n\n\n\n<p>El impacto ser\u00e1 particularmente fuerte en el gas natural. Seg\u00fan los nuevos cuadros, el <strong>precio en el Punto de Ingreso al Sistema de Transporte (PIST)<\/strong> se incrementa <strong>3,2%<\/strong>, al que se suma un <strong>0,3% adicional<\/strong> por efecto de la devaluaci\u00f3n. A eso hay que a\u00f1adir los aumentos en los costos de <strong>transporte y distribuci\u00f3n<\/strong>, que suben <strong>3,1% y 3,5%<\/strong> respectivamente. En consecuencia, los <strong>usuarios de nivel alto (N1)<\/strong> de la Ciudad de Buenos Aires ver\u00e1n un aumento promedio del <strong>3,8%<\/strong> en sus facturas, con variaciones similares en el resto del pa\u00eds.<\/p>\n\n\n\n<p>Pero el golpe m\u00e1s silencioso llega a trav\u00e9s del <strong>Fondo Fiduciario para Subsidios de Gas<\/strong>, un mecanismo que el gobierno de Milei ya intent\u00f3 eliminar sin \u00e9xito en la <strong>Ley Bases<\/strong>. Al no poder hacerlo por v\u00eda legislativa, opt\u00f3 por incrementarlo: el recargo sobre el gas natural pasa de <strong>7% a 7,2%<\/strong>, lo que implica que los usuarios que no residen en las llamadas \u201czonas fr\u00edas\u201d comienzan a financiar con su propio bolsillo los descuentos de los beneficiarios del sur y la Patagonia. La medida contradice el discurso oficial de \u201celiminar privilegios\u201d y confirma que el ajuste no distingue entre regiones ni ingresos.<\/p>\n\n\n\n<p>De hecho, la ofensiva contra el r\u00e9gimen de <strong>zonas fr\u00edas<\/strong> vuelve a aparecer en el <strong>proyecto de Presupuesto 2026<\/strong>, donde se propone reducir dr\u00e1sticamente la cantidad de localidades beneficiadas. El programa, creado en 2021, alcanza actualmente a <strong>3,15 millones de usuarios<\/strong> que pagan entre <strong>30% y 50% menos<\/strong> en sus tarifas. Su eliminaci\u00f3n parcial implicar\u00eda un aumento inmediato para miles de hogares en zonas de bajas temperaturas, generando un impacto social que a\u00fan no ha sido evaluado p\u00fablicamente.<\/p>\n\n\n\n<p>El tarifazo no se limita al gas. Tambi\u00e9n se esperan aumentos en <strong>electricidad, agua, transporte, combustibles y telecomunicaciones<\/strong>, configurando un escenario inflacionario de arrastre para los pr\u00f3ximos meses. <strong>AySA<\/strong> aplicar\u00e1 una suba del <strong>1% mensual<\/strong>, mientras que los boletos de <strong>colectivos y trenes<\/strong> en el \u00c1rea Metropolitana registrar\u00e1n un incremento del <strong>4,1%<\/strong>: el pasaje m\u00ednimo alcanzar\u00e1 <strong>573 pesos<\/strong> en el Gran Buenos Aires y <strong>568<\/strong> en la Ciudad. El <strong>subte<\/strong> trepar\u00e1 a <strong>1.157 pesos por viaje<\/strong>, y el <strong>premetro<\/strong> costar\u00e1 <strong>404,95 pesos<\/strong>.<\/p>\n\n\n\n<p>A esto se suman los aumentos en <strong>naftas<\/strong>, <strong>telefon\u00eda<\/strong>, <strong>internet<\/strong>, <strong>medicina prepaga<\/strong> y <strong>alquileres<\/strong>, componiendo una tormenta perfecta para los ingresos familiares. Las prepagas, por ejemplo, aplicar\u00e1n subas de entre <strong>2,1% y 2,9%<\/strong>, mientras los contratos de alquiler bajo la derogada ley anterior sufrir\u00e1n alzas de hasta <strong>8,5%<\/strong>. El discurso libertario de \u201cliberar los mercados\u201d se traduce en una cadena de incrementos simult\u00e1neos que golpea al consumo, reduce la capacidad adquisitiva y profundiza la recesi\u00f3n.<\/p>\n\n\n\n<p>La paradoja es evidente: mientras el gobierno sostiene que la inflaci\u00f3n est\u00e1 bajo control gracias a la disciplina fiscal, empuja aumentos que inevitablemente acelerar\u00e1n los precios en cascada. La inflaci\u00f3n \u201ccontrolada\u201d se sostiene sobre una ilusi\u00f3n estad\u00edstica, producto de la postergaci\u00f3n deliberada de aumentos hasta despu\u00e9s de los comicios. Lo que no subi\u00f3 en campa\u00f1a, sube ahora con intereses.<\/p>\n\n\n\n<p>La pol\u00edtica tarifaria de Milei es un espejo de su concepci\u00f3n ideol\u00f3gica del Estado. Al eliminar subsidios y trasladar el costo de los servicios al usuario final, el gobierno promueve un modelo de pa\u00eds donde cada ciudadano debe \u201cpagar lo que consume\u201d, sin considerar las desigualdades estructurales ni las condiciones de vida. Se trata de un experimento econ\u00f3mico que privilegia la rentabilidad empresarial sobre el derecho b\u00e1sico al acceso a la energ\u00eda, el transporte y el agua. En la pr\u00e1ctica, es la privatizaci\u00f3n encubierta del costo de la crisis.<\/p>\n\n\n\n<p>Detr\u00e1s de la ret\u00f3rica de la \u201cracionalidad econ\u00f3mica\u201d se esconde un ajuste pol\u00edtico. El congelamiento previo a las elecciones fue un c\u00e1lculo electoral, y la liberaci\u00f3n posterior es la factura que ahora pagan los votantes. La secuencia no deja lugar a dudas: primero se protege el resultado, despu\u00e9s se descarga el ajuste. No hay improvisaci\u00f3n, sino una estrategia planificada para sostener el poder a costa del bienestar social.<\/p>\n\n\n\n<p>Mientras tanto, el presidente insiste en que el camino del sacrificio conducir\u00e1 a la prosperidad. Pero la realidad cotidiana desmiente ese relato. Los trabajadores enfrentan facturas impagables, las pymes retroceden ante los costos energ\u00e9ticos, y los comercios pierden clientela. La \u201cliberaci\u00f3n de tarifas\u201d se traduce en una econom\u00eda cada vez m\u00e1s asfixiada, donde la \u00fanica libertad real parece ser la de las empresas para fijar precios sin control.<\/p>\n\n\n\n<p>En definitiva, la liberaci\u00f3n de tarifas marca el inicio de una nueva etapa del ajuste. Ya no se trata de medidas de emergencia ni de correcciones transitorias: es una decisi\u00f3n estructural que redefine la relaci\u00f3n entre el Estado y la ciudadan\u00eda. Milei gobierna para el mercado, y el mercado responde con aumentos. El resultado es un pa\u00eds que se encamina hacia una desigualdad m\u00e1s profunda, donde los derechos se transforman en bienes de lujo y la energ\u00eda se convierte en privilegio.<\/p>\n\n\n\n<hr class=\"wp-block-separator has-alpha-channel-opacity\"\/>\n\n\n\n<h3 class=\"wp-block-heading\"><strong>Fuentes verificadas<\/strong><\/h3>\n\n\n\n<ul class=\"wp-block-list\">\n<li>El Economista \u2013 \u201cEl Gobierno libera todas las tarifas: sube el gas y se vienen aumentos en luz y nafta\u201d<br><a href=\"https:\/\/eleconomista.com.ar\/economia\/el-gobierno-libera-todas-tarifas-sube-gas-vienen-aumentos-luz-nafta-n90031\">https:\/\/eleconomista.com.ar\/economia\/el-gobierno-libera-todas-tarifas-sube-gas-vienen-aumentos-luz-nafta-n90031<\/a><\/li>\n\n\n\n<li>Jun\u00edn Digital \u2013 \u201cMilei aprovech\u00f3 el resultado y libera tarifas: Sube el gas 3,8% y se esperan aumentos de luz, nafta y otros servicios\u201d<br><a href=\"https:\/\/www.junindigital.com\/nacionales\/2025-10-31-17-50-0-milei-aprovecho-el-resultado-y-libera-tarifas-sube-el-gas-3-8-y-se-esperan-aumentos-de-luz-nafta-y-otros-servicios\">https:\/\/www.junindigital.com\/nacionales\/2025-10-31-17-50-0-milei-aprovecho-el-resultado-y-libera-tarifas-sube-el-gas-3-8-y-se-esperan-aumentos-de-luz-nafta-y-otros-servicios<\/a><\/li>\n\n\n\n<li>Clar\u00edn \u2013 \u201cEl Gobierno libera las tarifas: sube el gas 3,8% y se esperan aumentos de luz, nafta y otros servicios\u201d<br><a href=\"https:\/\/www.clarin.com\/economia\/gobierno-libera-tarifas-sube-gas-38-esperan-aumentos-luz-nafta-servicios_0_d7VFydbv9r.html\">https:\/\/www.clarin.com\/economia\/gobierno-libera-tarifas-sube-gas-38-esperan-aumentos-luz-nafta-servicios_0_d7VFydbv9r.html<\/a><\/li>\n<\/ul>\n","protected":false},"excerpt":{"rendered":"<p>Tras su victoria en las legislativas, el gobierno de Javier Milei abandona la contenci\u00f3n tarifaria y aplica una suba generalizada en los servicios p\u00fablicos. El ajuste en gas, luz, agua, transporte y combustibles golpea a la clase media y pone en evidencia la estrategia pol\u00edtica detr\u00e1s del congelamiento previo a los comicios. El ministro Luis&#8230;<\/p>\n","protected":false},"author":11,"featured_media":10537,"comment_status":"open","ping_status":"open","sticky":false,"template":"","format":"standard","meta":{"_monsterinsights_skip_tracking":false,"_monsterinsights_sitenote_active":false,"_monsterinsights_sitenote_note":"","_monsterinsights_sitenote_category":0,"footnotes":"","jetpack_publicize_message":"","jetpack_publicize_feature_enabled":true,"jetpack_social_post_already_shared":true,"jetpack_social_options":{"image_generator_settings":{"template":"highway","default_image_id":0,"font":"","enabled":false},"version":2}},"categories":[3],"tags":[58,184,15,813,1189,227,45,915,917,914],"class_list":["post-10536","post","type-post","status-publish","format-standard","has-post-thumbnail","hentry","category-economia","tag-ajuste","tag-caputo","tag-economia","tag-energia","tag-gas","tag-inflacion","tag-milei","tag-subsidios","tag-tarifas","tag-transporte"],"jetpack_publicize_connections":[],"_links":{"self":[{"href":"https:\/\/www.enorsai.com\/noticias\/wp-json\/wp\/v2\/posts\/10536","targetHints":{"allow":["GET"]}}],"collection":[{"href":"https:\/\/www.enorsai.com\/noticias\/wp-json\/wp\/v2\/posts"}],"about":[{"href":"https:\/\/www.enorsai.com\/noticias\/wp-json\/wp\/v2\/types\/post"}],"author":[{"embeddable":true,"href":"https:\/\/www.enorsai.com\/noticias\/wp-json\/wp\/v2\/users\/11"}],"replies":[{"embeddable":true,"href":"https:\/\/www.enorsai.com\/noticias\/wp-json\/wp\/v2\/comments?post=10536"}],"version-history":[{"count":1,"href":"https:\/\/www.enorsai.com\/noticias\/wp-json\/wp\/v2\/posts\/10536\/revisions"}],"predecessor-version":[{"id":10538,"href":"https:\/\/www.enorsai.com\/noticias\/wp-json\/wp\/v2\/posts\/10536\/revisions\/10538"}],"wp:featuredmedia":[{"embeddable":true,"href":"https:\/\/www.enorsai.com\/noticias\/wp-json\/wp\/v2\/media\/10537"}],"wp:attachment":[{"href":"https:\/\/www.enorsai.com\/noticias\/wp-json\/wp\/v2\/media?parent=10536"}],"wp:term":[{"taxonomy":"category","embeddable":true,"href":"https:\/\/www.enorsai.com\/noticias\/wp-json\/wp\/v2\/categories?post=10536"},{"taxonomy":"post_tag","embeddable":true,"href":"https:\/\/www.enorsai.com\/noticias\/wp-json\/wp\/v2\/tags?post=10536"}],"curies":[{"name":"wp","href":"https:\/\/api.w.org\/{rel}","templated":true}]}}