{"id":10533,"date":"2025-10-31T21:31:58","date_gmt":"2025-11-01T00:31:58","guid":{"rendered":"https:\/\/www.enorsai.com\/noticias\/?p=10533"},"modified":"2025-10-31T21:32:09","modified_gmt":"2025-11-01T00:32:09","slug":"santiago-caputo-al-mando-de-un-superministerio-y-adorni-reemplaza-a-francos","status":"publish","type":"post","link":"https:\/\/www.enorsai.com\/noticias\/politica\/santiago-caputo-al-mando-de-un-superministerio-y-adorni-reemplaza-a-francos\/","title":{"rendered":"Santiago Caputo al mando de un \u201csuperministerio\u201d y Adorni reemplaza a Francos"},"content":{"rendered":"\n<p><strong><em>El presidente Javier Milei ejecuta un movimiento pol\u00edtico que refuerza su n\u00facleo m\u00e1s cercano y reduce el margen de autonom\u00eda dentro del Gabinete. Santiago Caputo concentrar\u00e1 la gesti\u00f3n pol\u00edtica, la relaci\u00f3n con gobernadores y el manejo de la obra p\u00fablica, mientras Manuel Adorni reemplazar\u00e1 a Guillermo Francos en la Jefatura de Gabinete.<\/em><\/strong><\/p>\n\n\n\n<p>Con la salida de Francos, Bullrich y Petri, el Ejecutivo reconfigura su estructura hacia un modelo centralizado, con rasgos reminiscentes de los a\u00f1os noventa. La jugada fortalece a Caputo y a la \u201cmesa chica\u201d libertaria, mientras se profundizan las dudas sobre la transparencia institucional y la capacidad del Gobierno para sostener equilibrios pol\u00edticos y federales.<\/p>\n\n\n\n<p>El gobierno de Javier Milei atraviesa una nueva mutaci\u00f3n interna, un reacomodamiento que, m\u00e1s que un simple cambio de nombres, revela el rumbo pol\u00edtico del oficialismo tras las elecciones legislativas. Fuentes oficiales confirmaron a <em>Noticias Argentinas<\/em> y <em>BAE Negocios<\/em> que el presidente defini\u00f3 la salida del jefe de Gabinete, Guillermo Francos, y el ascenso de Manuel Adorni \u2014hasta ahora vocero presidencial\u2014 al frente de la Jefatura. En paralelo, Santiago Caputo, el asesor de mayor confianza del mandatario y arquitecto de su estrategia comunicacional, tomar\u00e1 el control de un \u201csuperministerio\u201d del Interior con amplias facultades pol\u00edticas y administrativas.<\/p>\n\n\n\n<p>La maniobra, presentada como una \u201creorganizaci\u00f3n funcional\u201d, implica una concentraci\u00f3n in\u00e9dita de poder dentro del c\u00edrculo presidencial. Caputo no solo asumir\u00e1 la coordinaci\u00f3n de la relaci\u00f3n con los gobernadores, sino tambi\u00e9n la conducci\u00f3n de \u00e1reas clave como Obras P\u00fablicas y dependencias estrat\u00e9gicas que fortalecen su capacidad de negociaci\u00f3n pol\u00edtica. De hecho, el redise\u00f1o recupera un formato que recuerda al modelo de los a\u00f1os noventa, cuando el poder pol\u00edtico y presupuestario se concentraba en pocos despachos, subordinando la toma de decisiones al Ejecutivo.<\/p>\n\n\n\n<p>El desplazamiento de Francos se da en medio de un evidente desgaste interno. Seg\u00fan trascendi\u00f3, su salida arrastra tambi\u00e9n a Lisandro Catal\u00e1n, ministro del Interior y uno de sus hombres de confianza. En el trasfondo, persisten las versiones sobre tensiones con Karina Milei y el entorno m\u00e1s cercano del presidente, que cuestionaban el estilo dialoguista de Francos frente a la estrategia de confrontaci\u00f3n que caracteriza al gobierno libertario. La se\u00f1al pol\u00edtica es clara: el tiempo del equilibrio cede paso al del control.<\/p>\n\n\n\n<p>La elecci\u00f3n de Manuel Adorni como nuevo jefe de Gabinete consolida otro movimiento simb\u00f3lico. Su ascenso, m\u00e1s que una sorpresa, es una confirmaci\u00f3n del m\u00e9todo Milei: premiar la lealtad antes que la experiencia. Adorni, figura habitual en conferencias diarias donde defiende con fervor cada decisi\u00f3n del Ejecutivo, representa la voz sin fisuras del proyecto presidencial. Con su llegada a la Jefatura, Milei instala una jefatura comunicacional antes que pol\u00edtica, subordinada a la narrativa antes que a la gesti\u00f3n.<\/p>\n\n\n\n<p>Pero la reestructuraci\u00f3n no se detiene ah\u00ed. La salida de Patricia Bullrich del Ministerio de Seguridad y de Luis Petri del de Defensa \u2014ambos electos legisladores\u2014 abre nuevos cap\u00edtulos en la reconfiguraci\u00f3n de poder. Alejandra Monteoliva, actual segunda de Bullrich, quedar\u00e1 al frente de Seguridad, mientras en Defensa el reemplazante de Petri ser\u00eda un militar en funciones. El corrimiento de dos figuras con peso pol\u00edtico propio y la llegada de funcionarios t\u00e9cnicos refuerzan la l\u00f3gica de control vertical que busca Milei: reducir los m\u00e1rgenes de autonom\u00eda y blindar decisiones estrat\u00e9gicas bajo la \u00f3rbita presidencial.<\/p>\n\n\n\n<p>La creaci\u00f3n del \u201csuperministerio\u201d de Caputo reaviva un viejo fantasma: el del poder concentrado en manos de operadores sin control institucional. Con el manejo de la obra p\u00fablica, las relaciones con las provincias y los v\u00ednculos empresariales, Caputo se convierte en el nuevo eje del poder real del gobierno. No es casualidad que su ascenso ocurra luego del triunfo electoral oficialista: Milei interpreta el resultado como un aval a su estilo de gesti\u00f3n y como una oportunidad para profundizar su modelo.<\/p>\n\n\n\n<p>Sin embargo, la movida genera m\u00e1s incertidumbre que certezas. En un contexto econ\u00f3mico cr\u00edtico y con una gobernabilidad fr\u00e1gil, la concentraci\u00f3n de poder puede derivar en un aislamiento pol\u00edtico peligroso. La eliminaci\u00f3n de contrapesos internos \u2014como el rol moderador de Francos\u2014 anticipa un escenario donde las decisiones se definir\u00e1n entre pocos, sin instancias de deliberaci\u00f3n real. No son pocos los analistas que advierten sobre el riesgo de un gabinete monocorde, donde el pensamiento \u00fanico reemplace el debate.<\/p>\n\n\n\n<p>Detr\u00e1s del cambio tambi\u00e9n late un trasfondo ideol\u00f3gico. Caputo representa la l\u00ednea dura del mile\u00edsmo: la que desprecia la pol\u00edtica tradicional, reduce la gesti\u00f3n al marketing y promueve un modelo de relaciones institucionales basado en la obediencia. Su desembarco formal en el Ministerio del Interior no solo lo consolida como el principal operador del Presidente, sino que tambi\u00e9n marca un giro hacia un esquema de poder m\u00e1s cerrado, menos permeable a la cr\u00edtica y al di\u00e1logo federal.<\/p>\n\n\n\n<p>La reconfiguraci\u00f3n del gabinete tambi\u00e9n deja una marca simb\u00f3lica en la administraci\u00f3n p\u00fablica. Con Bullrich y Petri de regreso al Congreso, el Ejecutivo pierde dos figuras de peso en el equilibrio pol\u00edtico interno, pero gana en homogeneidad ideol\u00f3gica. Milei construye as\u00ed un gabinete a su imagen y semejanza: leal, reducido y funcional a su l\u00f3gica personalista. Los ministerios ya no son espacios de debate, sino extensiones de la voluntad presidencial.<\/p>\n\n\n\n<p>La lectura pol\u00edtica es inevitable. Lo que se presenta como una modernizaci\u00f3n administrativa es, en realidad, una recentralizaci\u00f3n del poder. Al absorber la obra p\u00fablica y las relaciones con los gobernadores, el nuevo Ministerio del Interior se transforma en una herramienta de control pol\u00edtico sobre las provincias, que depender\u00e1n cada vez m\u00e1s de la discrecionalidad del Ejecutivo para acceder a recursos y proyectos. La vieja pol\u00edtica del l\u00e1tigo y la billetera regresa bajo un discurso libertario que, parad\u00f3jicamente, promet\u00eda lo contrario.<\/p>\n\n\n\n<p>Las se\u00f1ales que env\u00eda el gobierno son preocupantes. La remoci\u00f3n de Francos, el ascenso de Caputo y el desplazamiento de figuras con trayectoria consolidan un modelo de gesti\u00f3n basado en la lealtad, la centralizaci\u00f3n y la verticalidad. La transparencia institucional, ya cuestionada por las decisiones unilaterales y la falta de informaci\u00f3n p\u00fablica en contrataciones y pol\u00edticas, se erosiona a\u00fan m\u00e1s cuando el poder se concentra en una sola mesa de decisi\u00f3n.<\/p>\n\n\n\n<p>Milei justifica estos cambios como una \u201coptimizaci\u00f3n del funcionamiento estatal\u201d. Pero la optimizaci\u00f3n en este contexto significa control, no eficiencia. La nueva estructura elimina matices y apuesta a una uniformidad ideol\u00f3gica que puede ser letal para la democracia interna del gobierno. La pol\u00edtica se reemplaza por la fidelidad, y la gesti\u00f3n por la obediencia. En ese esquema, cualquier voz disidente corre el riesgo de ser desplazada.<\/p>\n\n\n\n<p>El pa\u00eds entra as\u00ed en una etapa donde la improvisaci\u00f3n y la concentraci\u00f3n se combinan en un c\u00f3ctel explosivo. Los gobernadores, que hasta ahora manten\u00edan un delicado equilibrio de di\u00e1logo con Francos, deber\u00e1n acostumbrarse a negociar con Caputo, un funcionario sin historia institucional pero con acceso directo al Presidente. Las provincias se encontrar\u00e1n frente a un interlocutor que no discute, sino que ordena.<\/p>\n\n\n\n<p>La reestructuraci\u00f3n del gabinete no es una mera cuesti\u00f3n administrativa. Es una decisi\u00f3n pol\u00edtica profunda que redefine el modo en que se ejercer\u00e1 el poder durante la segunda etapa del gobierno de Javier Milei. Lo que se vislumbra no es un gabinete renovado, sino un Estado cada vez m\u00e1s concentrado, m\u00e1s cerrado, y menos dispuesto a escuchar.<\/p>\n\n\n\n<hr class=\"wp-block-separator has-alpha-channel-opacity\"\/>\n\n\n\n<h3 class=\"wp-block-heading\"><strong>Fuentes :<\/strong><\/h3>\n\n\n\n<p>BAE Negocios \u2013 \u201cCambios en el Gabinete: Francos dejar\u00e1 su cargo y Caputo asumir\u00eda un \u2018superministerio\u2019\u201d<br><a href=\"https:\/\/www.baenegocios.com\/politica\/Cambios-en-el-Gabinete-Francos-dejara-su-cargo-y-Caputo-asumiria-un-superministerio-20251031-0093.html\">https:\/\/www.baenegocios.com\/politica\/Cambios-en-el-Gabinete-Francos-dejara-su-cargo-y-Caputo-asumiria-un-superministerio-20251031-0093.html<\/a><\/p>\n\n\n\n<p>Noticias Argentinas \u2013 \u201cCambios en el Gabinete de Javier Milei: se va Guillermo Francos y Santiago Caputo ser\u00e1 ministro\u201d<br><a href=\"https:\/\/noticiasargentinas.com\/politica\/cambios-en-el-gabinete-de-javier-milei--se-va-guillermo-francos-y-santiago-caputo-sera-ministro_a690540f92686767fd1ed3bfe\">https:\/\/noticiasargentinas.com\/politica\/cambios-en-el-gabinete-de-javier-milei&#8211;se-va-guillermo-francos-y-santiago-caputo-sera-ministro_a690540f92686767fd1ed3bfe<\/a><\/p>\n\n\n\n<p><\/p>\n","protected":false},"excerpt":{"rendered":"<p>El presidente Javier Milei ejecuta un movimiento pol\u00edtico que refuerza su n\u00facleo m\u00e1s cercano y reduce el margen de autonom\u00eda dentro del Gabinete. Santiago Caputo concentrar\u00e1 la gesti\u00f3n pol\u00edtica, la relaci\u00f3n con gobernadores y el manejo de la obra p\u00fablica, mientras Manuel Adorni reemplazar\u00e1 a Guillermo Francos en la Jefatura de Gabinete. Con la salida&#8230;<\/p>\n","protected":false},"author":9,"featured_media":10534,"comment_status":"open","ping_status":"open","sticky":false,"template":"","format":"standard","meta":{"_monsterinsights_skip_tracking":false,"_monsterinsights_sitenote_active":false,"_monsterinsights_sitenote_note":"","_monsterinsights_sitenote_category":0,"footnotes":"","jetpack_publicize_message":"","jetpack_publicize_feature_enabled":true,"jetpack_social_post_already_shared":true,"jetpack_social_options":{"image_generator_settings":{"template":"highway","default_image_id":0,"font":"","enabled":false},"version":2}},"categories":[2],"tags":[880,184,1348,3470,45],"class_list":["post-10533","post","type-post","status-publish","format-standard","has-post-thumbnail","hentry","category-politica","tag-adorni","tag-caputo","tag-francos","tag-gabinete","tag-milei"],"jetpack_publicize_connections":[],"_links":{"self":[{"href":"https:\/\/www.enorsai.com\/noticias\/wp-json\/wp\/v2\/posts\/10533","targetHints":{"allow":["GET"]}}],"collection":[{"href":"https:\/\/www.enorsai.com\/noticias\/wp-json\/wp\/v2\/posts"}],"about":[{"href":"https:\/\/www.enorsai.com\/noticias\/wp-json\/wp\/v2\/types\/post"}],"author":[{"embeddable":true,"href":"https:\/\/www.enorsai.com\/noticias\/wp-json\/wp\/v2\/users\/9"}],"replies":[{"embeddable":true,"href":"https:\/\/www.enorsai.com\/noticias\/wp-json\/wp\/v2\/comments?post=10533"}],"version-history":[{"count":1,"href":"https:\/\/www.enorsai.com\/noticias\/wp-json\/wp\/v2\/posts\/10533\/revisions"}],"predecessor-version":[{"id":10535,"href":"https:\/\/www.enorsai.com\/noticias\/wp-json\/wp\/v2\/posts\/10533\/revisions\/10535"}],"wp:featuredmedia":[{"embeddable":true,"href":"https:\/\/www.enorsai.com\/noticias\/wp-json\/wp\/v2\/media\/10534"}],"wp:attachment":[{"href":"https:\/\/www.enorsai.com\/noticias\/wp-json\/wp\/v2\/media?parent=10533"}],"wp:term":[{"taxonomy":"category","embeddable":true,"href":"https:\/\/www.enorsai.com\/noticias\/wp-json\/wp\/v2\/categories?post=10533"},{"taxonomy":"post_tag","embeddable":true,"href":"https:\/\/www.enorsai.com\/noticias\/wp-json\/wp\/v2\/tags?post=10533"}],"curies":[{"name":"wp","href":"https:\/\/api.w.org\/{rel}","templated":true}]}}