{"id":10525,"date":"2025-10-31T11:27:53","date_gmt":"2025-10-31T14:27:53","guid":{"rendered":"https:\/\/www.enorsai.com\/noticias\/?p=10525"},"modified":"2025-10-31T11:40:59","modified_gmt":"2025-10-31T14:40:59","slug":"milei-miente-o-perdio-contacto-con-la-realidad-acusa-al-kirchnerismo-de-controlar-los-servicios-de-inteligencia","status":"publish","type":"post","link":"https:\/\/www.enorsai.com\/noticias\/politica\/milei-miente-o-perdio-contacto-con-la-realidad-acusa-al-kirchnerismo-de-controlar-los-servicios-de-inteligencia\/","title":{"rendered":"Milei miente o perdi\u00f3 contacto con la realidad: Acusa al kirchnerismo de controlar los servicios de inteligencia"},"content":{"rendered":"\n<p>El presidente Javier Milei afirm\u00f3 que \u201cel kirchnerismo nos oper\u00f3 y nos plant\u00f3 pruebas con los servicios de inteligencia\u201d, una declaraci\u00f3n que no solo carece de sustento sino que contradice la estructura del propio Estado que \u00e9l conduce. Mientras el mandatario insiste en teor\u00edas conspirativas, la Justicia avanza sobre los v\u00ednculos comprobados entre su aliado Jos\u00e9 Luis Espert y el empresario detenido por narcotr\u00e1fico Federico \u201cFred\u201d Machado.<\/p>\n\n\n\n<p>Cuando un presidente acusa a la oposici\u00f3n de haberlo \u201coperado\u201d y de haberle \u201cplantado pruebas\u201d, el peso de sus palabras no se mide por su enojo sino por su responsabilidad institucional. Javier Milei sostuvo que el kirchnerismo utiliz\u00f3 los servicios de inteligencia para perjudicar a su gobierno, pero lo que no dice es que esos mismos servicios \u2014reconfigurados por decreto\u2014 hoy dependen directamente de la Casa Rosada. Desde julio de 2024, la Agencia Federal de Inteligencia fue disuelta y reemplazada por la llamada Secretar\u00eda de Inteligencia del Estado, una estructura que responde al presidente y cuyo control pol\u00edtico est\u00e1 concentrado en su entorno m\u00e1s cercano. Acusar a los \u201cservicios\u201d de operarlo equivale, por lo tanto, a acusarse a s\u00ed mismo o a admitir que no controla el aparato que maneja.<\/p>\n\n\n\n<p>La frase de Milei no es una excentricidad aislada. Encaja en una narrativa m\u00e1s amplia, construida desde la campa\u00f1a, en la que el l\u00edder libertario se presenta como v\u00edctima permanente de conspiraciones que nunca logra probar. Este relato tiene una funci\u00f3n pol\u00edtica clara: mantener a su base movilizada bajo la l\u00f3gica de la persecuci\u00f3n. Sin embargo, cuando la acusaci\u00f3n sale de los m\u00e1rgenes del discurso y se instala en boca del jefe de Estado, deja de ser un gesto ret\u00f3rico para transformarse en un s\u00edntoma preocupante de desconexi\u00f3n con la realidad.<\/p>\n\n\n\n<p>El problema no es solo que el presidente mienta deliberadamente. Es que, al hacerlo, erosiona los cimientos institucionales del pa\u00eds. Pretender que una \u201cinteligencia kirchnerista\u201d lo esp\u00eda mientras esa misma estructura depende de su firma y de su presupuesto, es una contradicci\u00f3n que ning\u00fan analista serio puede sostener. Es, en t\u00e9rminos simples, un argumento delirante o un intento calculado de desviar la atenci\u00f3n de los esc\u00e1ndalos que golpean al propio oficialismo.<\/p>\n\n\n\n<figure class=\"wp-block-embed is-type-rich is-provider-twitter wp-block-embed-twitter\"><div class=\"wp-block-embed__wrapper\">\n<blockquote class=\"twitter-tweet\" data-width=\"550\" data-dnt=\"true\"><p lang=\"es\" dir=\"ltr\">&quot;El kirchnerismo nos oper\u00f3 y NOS PLANT\u00d3 PRUEBAS con los servicios de inteligencia&quot;<br><br>Eh??? Flaco los servicios de inteligencia est\u00e1n a cargo tuyo. 35 viajes hizo Espert con el narco, encontraron el contrato en SU CASA <a href=\"https:\/\/t.co\/2EZ5XwB35G\">pic.twitter.com\/2EZ5XwB35G<\/a><\/p>&mdash; Arrepentidos de Milei (@ArrepentidosLLA) <a href=\"https:\/\/twitter.com\/ArrepentidosLLA\/status\/1984257021546463616?ref_src=twsrc%5Etfw\">October 31, 2025<\/a><\/blockquote><script async src=\"https:\/\/platform.twitter.com\/widgets.js\" charset=\"utf-8\"><\/script>\n<\/div><\/figure>\n\n\n\n<p>Y all\u00ed aparece el caso m\u00e1s explosivo: el de Jos\u00e9 Luis Espert, diputado y figura cercana al presidente. Las pruebas no son rumores ni operaciones medi\u00e1ticas. Est\u00e1n documentadas en causas judiciales, contratos y registros de vuelo. La Justicia confirm\u00f3 que Espert viaj\u00f3 treinta y cinco veces en aviones vinculados al empresario Federico \u201cFred\u201d Machado, procesado por narcotr\u00e1fico, lavado de dinero y fraude. En uno de los allanamientos realizados por la justicia federal, se encontr\u00f3 en la casa del diputado un contrato por un mill\u00f3n de d\u00f3lares firmado entre ambos. No se trata de una \u201ccampa\u00f1a sucia\u201d ni de un \u201cinventario del kirchnerismo\u201d: son documentos incautados por el Poder Judicial, con validez probatoria.<\/p>\n\n\n\n<p>El esc\u00e1ndalo creci\u00f3 cuando se conoci\u00f3 que Espert tambi\u00e9n recibi\u00f3 una transferencia de doscientos mil d\u00f3lares provenientes de una empresa ligada al mismo Machado. Los registros de los vuelos y los contratos fueron publicados por distintos medios nacionales e internacionales, entre ellos <em>El Pa\u00eds<\/em>, <em>Clar\u00edn<\/em>, <em>Infobae<\/em> y <em>Periodismo de Izquierda<\/em>. Las evidencias son tan contundentes que el domicilio del diputado fue allanado y su nombre figura en la causa que investiga a una red financiera transnacional. A pesar de ello, Milei no solo evita pronunciarse sobre el tema sino que intenta instalar la idea de que todo se trata de una \u201coperaci\u00f3n\u201d del kirchnerismo.<\/p>\n\n\n\n<p>La estrategia es vieja: convertir las pruebas en persecuci\u00f3n, y la rendici\u00f3n de cuentas en un acto de victimizaci\u00f3n. Pero en este caso el argumento se derrumba con facilidad, porque los hechos son verificables y porque los servicios de inteligencia \u2014los mismos que supuestamente \u201cplantaron pruebas\u201d\u2014 est\u00e1n bajo la \u00f3rbita presidencial. Si realmente existiera una conspiraci\u00f3n dentro del aparato estatal, el responsable de desarticularla ser\u00eda \u00e9l mismo. No hay margen l\u00f3gico posible para culpar a un enemigo externo de algo que depende de su propia estructura de gobierno.<\/p>\n\n\n\n<p>En cambio, lo que s\u00ed se puede comprobar es que Milei ha concentrado el poder de la inteligencia en manos de su c\u00edrculo m\u00e1s \u00edntimo, eliminando mecanismos de control y transparencia. En agosto del a\u00f1o pasado, el Congreso bloque\u00f3 una partida de cien millones de d\u00f3lares destinada a esos servicios justamente por falta de rendici\u00f3n de cuentas. Desde entonces, la opacidad en el manejo de fondos reservados se convirti\u00f3 en una marca registrada del actual gobierno. Mientras se acusa a los anteriores de \u201coperar\u201d, se profundiza una discrecionalidad in\u00e9dita sobre los propios organismos de espionaje.<\/p>\n\n\n\n<p>El doble discurso es evidente. Por un lado, el presidente se presenta como cruzado moral contra la corrupci\u00f3n ajena. Por otro, encubre a un aliado investigado por lavado y narcotr\u00e1fico. Al hacerlo, revela que el discurso anticasta no era m\u00e1s que un instrumento electoral. Los hechos demuestran que la nueva casta no solo existe, sino que vuela en jets privados con empresarios del crimen organizado.<\/p>\n\n\n\n<p>La mentira deliberada se vuelve pol\u00edtica de Estado cuando quien la pronuncia ocupa el sill\u00f3n de Rivadavia. Negar los hechos no los borra, pero s\u00ed degrada la confianza p\u00fablica. Un presidente que acusa sin pruebas a un sector pol\u00edtico y que al mismo tiempo encubre las pruebas que involucran a su entorno inmediato no ejerce liderazgo, sino manipulaci\u00f3n. Y cuando esa manipulaci\u00f3n se ampara en el aparato de inteligencia, el peligro deja de ser simb\u00f3lico para convertirse en institucional.<\/p>\n\n\n\n<p>En este escenario, el discurso de Milei funciona como espejo invertido: acusa a otros de lo que \u00e9l mismo hace. Habla de operaciones mientras sus funcionarios operan sobre la justicia y los medios. Invoca la transparencia mientras su propio gobierno niega la publicaci\u00f3n de contratos, gastos reservados y v\u00ednculos financieros de sus legisladores. Se victimiza mientras concentra el poder y silencia a los organismos de control.<\/p>\n\n\n\n<p>La gravedad de la acusaci\u00f3n presidencial no radica solo en su falsedad, sino en lo que revela sobre su concepci\u00f3n del Estado: un territorio personal donde todo se subordina a su relato. Cuando un jefe de Estado afirma que su propia inteligencia lo \u201copera\u201d, lo que est\u00e1 diciendo es que ya no distingue entre el poder y la paranoia. Y cuando al mismo tiempo protege a un diputado se\u00f1alado por la justicia y los medios internacionales, confirma que el problema no es una operaci\u00f3n externa sino la corrupci\u00f3n interna de su propio espacio.<\/p>\n\n\n\n<p>La Argentina necesita menos discursos de complot y m\u00e1s rendici\u00f3n de cuentas. Porque mientras Milei grita \u201coperaciones\u201d y culpa al kirchnerismo, los hechos \u2014duros, comprobables, judicializados\u2014 muestran que las pruebas no fueron plantadas: estaban en su propia casa.<\/p>\n\n\n\n<p><strong>Fuentes verificadas:<\/strong><br>El Pa\u00eds \u2013 \u201cEl principal candidato de Milei en Buenos Aires, denunciado por v\u00ednculos con el narcotr\u00e1fico\u201d<br><a href=\"https:\/\/elpais.com\/argentina\/2025-09-30\/el-principal-candidato-de-milei-en-buenos-aires-denunciado-por-vinculos-con-el-narcotrafico.html\">https:\/\/elpais.com\/argentina\/2025-09-30\/el-principal-candidato-de-milei-en-buenos-aires-denunciado-por-vinculos-con-el-narcotrafico.html<\/a><\/p>\n\n\n\n<p>El Pa\u00eds \u2013 \u201cEl candidato de Milei en Buenos Aires admite que recibi\u00f3 200.000 d\u00f3lares de un empresario preso por narcotr\u00e1fico\u201d<br><a href=\"https:\/\/elpais.com\/argentina\/2025-10-04\/el-candidato-de-milei-en-buenos-aires-admite-que-recibio-200000-dolares-de-un-empresario-preso-por-narcotrafico.html\">https:\/\/elpais.com\/argentina\/2025-10-04\/el-candidato-de-milei-en-buenos-aires-admite-que-recibio-200000-dolares-de-un-empresario-preso-por-narcotrafico.html<\/a><\/p>\n\n\n\n<p>Infobae \u2013 \u201cAllanan la casa de Jos\u00e9 Luis Espert en la causa que investiga sus v\u00ednculos con Fred Machado\u201d<br><a href=\"https:\/\/www.infobae.com\/judiciales\/2025\/10\/09\/allanan-la-casa-de-jose-luis-espert-en-la-causa-que-investiga-sus-vinculos-con-fred-machado\">https:\/\/www.infobae.com\/judiciales\/2025\/10\/09\/allanan-la-casa-de-jose-luis-espert-en-la-causa-que-investiga-sus-vinculos-con-fred-machado<\/a><\/p>\n\n\n\n<p>Clar\u00edn \u2013 \u201cEl contrato firmado por Jos\u00e9 Luis Espert y Fred Machado por un mill\u00f3n de d\u00f3lares fue encontrado en un allanamiento\u201d<br><a href=\"https:\/\/www.clarin.com\/politica\/contrato-firmo-jose-luis-espert-fred-machado-1-millon-dolares-encontraron-allanamiento_0_mEv6agHbEm.html\">https:\/\/www.clarin.com\/politica\/contrato-firmo-jose-luis-espert-fred-machado-1-millon-dolares-encontraron-allanamiento_0_mEv6agHbEm.html<\/a><\/p>\n\n\n\n<p>El Pa\u00eds \u2013 \u201cLa oposici\u00f3n a Milei en el Congreso tumba una partida de 100 millones de d\u00f3lares para los servicios de inteligencia\u201d<br><a href=\"https:\/\/elpais.com\/argentina\/2024-08-21\/la-oposicion-a-milei-en-el-congreso-tumba-una-partida-de-100-millones-de-dolares-para-los-servicios-de-inteligencia.html\">https:\/\/elpais.com\/argentina\/2024-08-21\/la-oposicion-a-milei-en-el-congreso-tumba-una-partida-de-100-millones-de-dolares-para-los-servicios-de-inteligencia.html<\/a><\/p>\n\n\n\n<p><\/p>\n","protected":false},"excerpt":{"rendered":"<p>El presidente Javier Milei afirm\u00f3 que \u201cel kirchnerismo nos oper\u00f3 y nos plant\u00f3 pruebas con los servicios de inteligencia\u201d, una declaraci\u00f3n que no solo carece de sustento sino que contradice la estructura del propio Estado que \u00e9l conduce. Mientras el mandatario insiste en teor\u00edas conspirativas, la Justicia avanza sobre los v\u00ednculos comprobados entre su aliado&#8230;<\/p>\n","protected":false},"author":1,"featured_media":10526,"comment_status":"open","ping_status":"open","sticky":false,"template":"","format":"standard","meta":{"_monsterinsights_skip_tracking":false,"_monsterinsights_sitenote_active":false,"_monsterinsights_sitenote_note":"","_monsterinsights_sitenote_category":0,"footnotes":"","jetpack_publicize_message":"","jetpack_publicize_feature_enabled":true,"jetpack_social_post_already_shared":true,"jetpack_social_options":{"image_generator_settings":{"template":"highway","default_image_id":0,"font":"","enabled":false},"version":2}},"categories":[2],"tags":[],"class_list":["post-10525","post","type-post","status-publish","format-standard","has-post-thumbnail","hentry","category-politica"],"jetpack_publicize_connections":[],"_links":{"self":[{"href":"https:\/\/www.enorsai.com\/noticias\/wp-json\/wp\/v2\/posts\/10525","targetHints":{"allow":["GET"]}}],"collection":[{"href":"https:\/\/www.enorsai.com\/noticias\/wp-json\/wp\/v2\/posts"}],"about":[{"href":"https:\/\/www.enorsai.com\/noticias\/wp-json\/wp\/v2\/types\/post"}],"author":[{"embeddable":true,"href":"https:\/\/www.enorsai.com\/noticias\/wp-json\/wp\/v2\/users\/1"}],"replies":[{"embeddable":true,"href":"https:\/\/www.enorsai.com\/noticias\/wp-json\/wp\/v2\/comments?post=10525"}],"version-history":[{"count":1,"href":"https:\/\/www.enorsai.com\/noticias\/wp-json\/wp\/v2\/posts\/10525\/revisions"}],"predecessor-version":[{"id":10527,"href":"https:\/\/www.enorsai.com\/noticias\/wp-json\/wp\/v2\/posts\/10525\/revisions\/10527"}],"wp:featuredmedia":[{"embeddable":true,"href":"https:\/\/www.enorsai.com\/noticias\/wp-json\/wp\/v2\/media\/10526"}],"wp:attachment":[{"href":"https:\/\/www.enorsai.com\/noticias\/wp-json\/wp\/v2\/media?parent=10525"}],"wp:term":[{"taxonomy":"category","embeddable":true,"href":"https:\/\/www.enorsai.com\/noticias\/wp-json\/wp\/v2\/categories?post=10525"},{"taxonomy":"post_tag","embeddable":true,"href":"https:\/\/www.enorsai.com\/noticias\/wp-json\/wp\/v2\/tags?post=10525"}],"curies":[{"name":"wp","href":"https:\/\/api.w.org\/{rel}","templated":true}]}}