{"id":10521,"date":"2025-10-31T10:38:24","date_gmt":"2025-10-31T13:38:24","guid":{"rendered":"https:\/\/www.enorsai.com\/noticias\/?p=10521"},"modified":"2025-10-31T10:38:30","modified_gmt":"2025-10-31T13:38:30","slug":"tras-las-elecciones-cfk-reclama-autocritica-y-unidad-no-me-interesa-tener-razon-me-interesa-ganar","status":"publish","type":"post","link":"https:\/\/www.enorsai.com\/noticias\/politica\/tras-las-elecciones-cfk-reclama-autocritica-y-unidad-no-me-interesa-tener-razon-me-interesa-ganar\/","title":{"rendered":"Tras las elecciones, CFK reclama autocr\u00edtica y unidad: \u201cNo me interesa tener raz\u00f3n, me interesa ganar\u201d"},"content":{"rendered":"\n<p><strong><em>Desde su reclusi\u00f3n injusta, Cristina Fern\u00e1ndez de Kirchner public\u00f3 un documento que reinterpreta los resultados del 26 de octubre. Lejos de la resignaci\u00f3n, expone una lectura cruda sobre los errores de estrategia en la provincia de Buenos Aires, el reagrupamiento del voto antiperonista y el rol del miedo como herramienta pol\u00edtica. Un texto que funciona como autocr\u00edtica, advertencia y hoja de ruta para el campo nacional y popular.<\/em><\/strong><\/p>\n\n\n\n<p>\u201cA los compa\u00f1eros y compa\u00f1eras militantes\u201d, as\u00ed comienza Cristina Fern\u00e1ndez de Kirchner su nuevo documento pol\u00edtico, escrito desde San Jos\u00e9 1111, donde cumple una prisi\u00f3n que ella misma califica como injusta y persecutoria. Pero el tono no es el de una v\u00edctima, sino el de una estratega que lee el mapa pol\u00edtico argentino tras los comicios del 26 de octubre con precisi\u00f3n quir\u00fargica. El texto es, en s\u00ed mismo, una intervenci\u00f3n pol\u00edtica: no busca consuelo, sino reorientar al peronismo tras una derrota que considera evitable.<\/p>\n\n\n\n<p>La primera definici\u00f3n clave que hace Cristina es hist\u00f3rica. Compara la elecci\u00f3n de medio t\u00e9rmino con todas las anteriores desde 1983: recuerda que solo De la R\u00faa y Alberto Fern\u00e1ndez perdieron sus elecciones legislativas iniciales. Reivindica el triunfo de N\u00e9stor Kirchner en 2005, cuando obtuvo el 45,77% de los votos en la provincia de Buenos Aires con una participaci\u00f3n del 77,38%. Pero de inmediato desactiva cualquier ilusi\u00f3n determinista: ganar una intermedia no garantiza la reelecci\u00f3n. Mauricio Macri, que hab\u00eda arrasado en 2017, cay\u00f3 dos a\u00f1os despu\u00e9s. Y el partido que gan\u00f3 en 2021, recuerda, \u201cni siquiera entr\u00f3 al balotaje\u201d. De ese repaso extrae una conclusi\u00f3n contundente: los resultados son coyunturales, pero los errores estrat\u00e9gicos pueden costar mucho m\u00e1s que una elecci\u00f3n.<\/p>\n\n\n\n<p>Cristina no evita se\u00f1alar responsabilidades. En el segundo punto de su documento, apunta directamente a la decisi\u00f3n del gobernador bonaerense de desdoblar los comicios provinciales. Lo califica como un \u201cerror pol\u00edtico\u201d y recuerda que lo advirti\u00f3 p\u00fablicamente el 14 de abril, cuando pidi\u00f3 mantener la concurrencia electoral para \u201cno dividir esfuerzos en dos elecciones separadas por apenas 49 d\u00edas\u201d. Esa frase resume su concepci\u00f3n t\u00e1ctica: la dispersi\u00f3n del voto peronista, especialmente en Buenos Aires, result\u00f3 letal. Lo dijo entonces y lo repite ahora con un dejo de amargura, pero sin revancha personal: \u201cNo me interesa tener raz\u00f3n, me interesa ganar las elecciones\u201d.<\/p>\n\n\n\n<p>El diagn\u00f3stico es demoledor. Para Cristina, el desdoblamiento produjo un \u201cefecto balotaje\u201d que permiti\u00f3 reagrupar el voto antiperonista en octubre. Lo que en septiembre parec\u00eda una victoria parcial termin\u00f3 transform\u00e1ndose en un boomerang pol\u00edtico. Con datos concretos, explica que la diferencia de casi 14 puntos en las elecciones del 7 de septiembre en la provincia de Buenos Aires actu\u00f3 como una \u201cprimera vuelta\u201d que unific\u00f3 al electorado opositor. No hay m\u00edstica en ese razonamiento, sino an\u00e1lisis emp\u00edrico: las clases medias, los sectores concentrados y el voto antiperonista cl\u00e1sico se reagruparon detr\u00e1s del miedo a una continuidad del peronismo. Y esa reconfiguraci\u00f3n explica por qu\u00e9, a nivel nacional, el peronismo logr\u00f3 un 35% frente al 40% de La Libertad Avanza.<\/p>\n\n\n\n<figure class=\"wp-block-embed is-type-rich is-provider-twitter wp-block-embed-twitter\"><div class=\"wp-block-embed__wrapper\">\n<blockquote class=\"twitter-tweet\" data-width=\"550\" data-dnt=\"true\"><p lang=\"es\" dir=\"ltr\">A los compa\u00f1eros y compa\u00f1eras militantes:<br><br>En primer lugar quiero dar un profundo reconocimiento y agradecimiento a todos los compa\u00f1eros y compa\u00f1eras que trabajaron a lo largo y a lo ancho del pa\u00eds en nombre del peronismo para estas elecciones.<br><br>Al mismo tiempo, con el objetivo\u2026<\/p>&mdash; Cristina Kirchner (@CFKArgentina) <a href=\"https:\/\/twitter.com\/CFKArgentina\/status\/1984213812770209855?ref_src=twsrc%5Etfw\">October 31, 2025<\/a><\/blockquote><script async src=\"https:\/\/platform.twitter.com\/widgets.js\" charset=\"utf-8\"><\/script>\n<\/div><\/figure>\n\n\n\n<p>El documento avanza m\u00e1s all\u00e1 de los n\u00fameros y explora el componente emocional del voto. Cristina introduce una categor\u00eda pol\u00edtica que trasciende las estad\u00edsticas: el miedo. Seg\u00fan su lectura, la sociedad fue empujada a votar bajo una sensaci\u00f3n inducida de cat\u00e1strofe. \u201cAlgunos creyeron que si el gobierno perd\u00eda la elecci\u00f3n de medio t\u00e9rmino, se ca\u00eda\u201d, advierte. Y agrega que esa hip\u00f3tesis fue alimentada \u201cdesde medios y discursos\u201d, en medio de una escalada del d\u00f3lar, un aumento del riesgo pa\u00eds y la inestabilidad estructural del modelo bimonetario. El miedo, entonces, oper\u00f3 como disciplinador. A ese clima interno, se sum\u00f3 \u2014se\u00f1ala\u2014 un actor externo de peso: el presidente de los Estados Unidos, Donald Trump, quien intervino en la campa\u00f1a al advertir que la ayuda del Tesoro norteamericano cesar\u00eda si Milei no ganaba. Una frase que, seg\u00fan Cristina, \u201csobreestimul\u00f3 emocionalmente\u201d a una parte del electorado.<\/p>\n\n\n\n<p>Esa dimensi\u00f3n emocional del voto, basada en la manipulaci\u00f3n y el temor, refuerza la tesis central del texto: no hubo una derrota ideol\u00f3gica del peronismo, sino una operaci\u00f3n de miedo y concentraci\u00f3n pol\u00edtica. Cristina incluso alude al fen\u00f3meno del \u201causentismo y la indiferencia ciudadana\u201d, que define como un signo de \u201cinsatisfacci\u00f3n democr\u00e1tica\u201d. Lo hab\u00eda anticipado en 2017 en el Parlamento Europeo y hoy lo retoma para describir la desafecci\u00f3n social con la pol\u00edtica tradicional.<\/p>\n\n\n\n<p>Sin embargo, la expresidenta no se queda en la cr\u00edtica al contexto. Tambi\u00e9n asume la responsabilidad de repensar estrategias y conceptos. En el punto seis, recuerda que el pa\u00eds que dej\u00f3 en 2015 \u201cno existe m\u00e1s\u201d. Aquel modelo de desendeudamiento, pleno empleo y salarios altos fue desmantelado por el endeudamiento macrista y la crisis posterior. \u201cNo tenerle miedo al debate y a la discusi\u00f3n de nuestras ideas\u201d es su consigna para reconstruir un proyecto pol\u00edtico en un escenario totalmente distinto. No hay nostalgia, sino una convocatoria al pensamiento cr\u00edtico dentro del movimiento.<\/p>\n\n\n\n<p>La lectura pol\u00edtica del documento combina autocr\u00edtica con advertencia. Cristina afirma que se avecina una \u201cofensiva para tratar de romper el peronismo y el campo nacional y popular\u201d. No se trata de un exceso ret\u00f3rico, sino de una observaci\u00f3n concreta sobre el poder real: \u201cTransformar la Argentina en una factor\u00eda y quebrar su organizaci\u00f3n social y pol\u00edtica requiere algo m\u00e1s que ganarle una elecci\u00f3n\u201d. Esa frase condensa su diagn\u00f3stico: el gobierno de Milei, apoyado por sectores econ\u00f3micos concentrados y por el aparato medi\u00e1tico-judicial, busca reconfigurar estructuralmente el pa\u00eds. La persecuci\u00f3n judicial contra dirigentes populares no ser\u00eda un hecho aislado, sino parte de ese plan.<\/p>\n\n\n\n<p>La referencia al fallo de la Corte Suprema \u2014a la que llama \u201cla Corte de los Tres\u201d\u2014 es el punto m\u00e1s pol\u00edtico del texto. En un solo d\u00eda, dice, el tribunal sobresey\u00f3 a Mauricio Macri por el espionaje a los familiares del ARA San Juan, a Luis Caputo, a Federico Sturzenegger y al propio Javier Milei, mientras confirmaba condenas contra dirigentes opositores como Mart\u00edn Sabbatella y Guillermo Moreno, e incluso rechazaba recursos suyos vinculados al atentado del 1\u00b0 de septiembre de 2022. Para Cristina, ese contraste evidencia un \u201cd\u00eda de furia antiperonista\u201d en el que la justicia se comport\u00f3 como un actor pol\u00edtico.<\/p>\n\n\n\n<p>Pero el eje del documento no es el lawfare, sino su consecuencia pol\u00edtica: la amenaza a la dirigencia. \u201cLa dirigencia pol\u00edtica, sindical y social est\u00e1 en libertad condicional\u201d, escribe. Esa frase no es un lamento, sino una alerta. Si el mensaje que el poder env\u00eda es que defender los intereses nacionales puede costar la c\u00e1rcel o la proscripci\u00f3n, el efecto es disciplinador. El desaf\u00edo, entonces, es romper ese cerco con \u201cdirigentes con cabeza, coraz\u00f3n y mucho coraje\u201d. La menci\u00f3n a la unidad no es una consigna vac\u00eda: es una herramienta de supervivencia pol\u00edtica frente a un adversario que \u2014seg\u00fan su diagn\u00f3stico\u2014 busca \u201cbalcanizar\u201d el campo popular mediante la cooptaci\u00f3n y la seducci\u00f3n de figuras disidentes.<\/p>\n\n\n\n<p>Cristina cierra su texto reafirmando el valor de la unidad \u201ccomo instrumento pol\u00edtico de construcci\u00f3n nacional, popular y democr\u00e1tica\u201d. Lo hace desde una posici\u00f3n de debilidad formal \u2014presa y proscripta\u2014, pero con la autoridad simb\u00f3lica de quien sigue marcando el pulso del peronismo. Su mensaje combina historia, an\u00e1lisis y autocr\u00edtica: reconocer errores, evitar fracturas y entender que la derrota no es el fin, sino parte de un ciclo.<\/p>\n\n\n\n<p>El documento, de casi diez p\u00e1ginas, se inscribe en una larga tradici\u00f3n del peronismo: la de los textos doctrinarios que buscan reordenar al movimiento despu\u00e9s de una crisis. Tiene el tono de las cartas de Per\u00f3n a la militancia en el exilio y la contundencia de los informes que Cristina ha publicado en momentos de redefinici\u00f3n pol\u00edtica. Su \u201cestudie historia\u201d final, citando a Churchill, no es una pose intelectual: es una declaraci\u00f3n de m\u00e9todo. En tiempos de improvisaci\u00f3n y redes sociales, reivindica la mirada larga, la comprensi\u00f3n estructural de los procesos pol\u00edticos y la necesidad de volver a pensar antes de actuar.<\/p>\n\n\n\n<p>En definitiva, su lectura del resultado electoral del 26 de octubre no se limita a contar votos, sino que radiograf\u00eda un proceso m\u00e1s profundo: la convergencia entre el miedo, los errores t\u00e1cticos y la desafecci\u00f3n pol\u00edtica. Cristina propone, sin decirlo expl\u00edcitamente, un retorno al pensamiento estrat\u00e9gico. El peronismo, sugiere, no perdi\u00f3 por falta de apoyo popular, sino por haber subestimado los mecanismos del poder real y haber deso\u00eddo una advertencia que hoy suena prof\u00e9tica.<\/p>\n\n\n\n<p>Desde su lugar de resistencia, Cristina Fern\u00e1ndez de Kirchner lanza un mensaje que es a la vez una autopsia pol\u00edtica y un llamado a la reconstrucci\u00f3n. Porque, como dec\u00eda N\u00e9stor Kirchner \u2014y ella misma recuerda\u2014, \u201cno hay derrotas definitivas ni triunfos eternos\u201d.<\/p>\n\n\n\n<p><\/p>\n","protected":false},"excerpt":{"rendered":"<p>Desde su reclusi\u00f3n injusta, Cristina Fern\u00e1ndez de Kirchner public\u00f3 un documento que reinterpreta los resultados del 26 de octubre. Lejos de la resignaci\u00f3n, expone una lectura cruda sobre los errores de estrategia en la provincia de Buenos Aires, el reagrupamiento del voto antiperonista y el rol del miedo como herramienta pol\u00edtica. Un texto que funciona&#8230;<\/p>\n","protected":false},"author":12,"featured_media":10522,"comment_status":"open","ping_status":"open","sticky":false,"template":"","format":"standard","meta":{"_monsterinsights_skip_tracking":false,"_monsterinsights_sitenote_active":false,"_monsterinsights_sitenote_note":"","_monsterinsights_sitenote_category":0,"footnotes":"","jetpack_publicize_message":"","jetpack_publicize_feature_enabled":true,"jetpack_social_post_already_shared":true,"jetpack_social_options":{"image_generator_settings":{"template":"highway","default_image_id":0,"font":"","enabled":false},"version":2}},"categories":[2],"tags":[2613,88,235,1411,363],"class_list":["post-10521","post","type-post","status-publish","format-standard","has-post-thumbnail","hentry","category-politica","tag-analisis-politico","tag-cfk","tag-cristina-kirchner","tag-elecciones-2025","tag-peronismo"],"jetpack_publicize_connections":[],"_links":{"self":[{"href":"https:\/\/www.enorsai.com\/noticias\/wp-json\/wp\/v2\/posts\/10521","targetHints":{"allow":["GET"]}}],"collection":[{"href":"https:\/\/www.enorsai.com\/noticias\/wp-json\/wp\/v2\/posts"}],"about":[{"href":"https:\/\/www.enorsai.com\/noticias\/wp-json\/wp\/v2\/types\/post"}],"author":[{"embeddable":true,"href":"https:\/\/www.enorsai.com\/noticias\/wp-json\/wp\/v2\/users\/12"}],"replies":[{"embeddable":true,"href":"https:\/\/www.enorsai.com\/noticias\/wp-json\/wp\/v2\/comments?post=10521"}],"version-history":[{"count":1,"href":"https:\/\/www.enorsai.com\/noticias\/wp-json\/wp\/v2\/posts\/10521\/revisions"}],"predecessor-version":[{"id":10523,"href":"https:\/\/www.enorsai.com\/noticias\/wp-json\/wp\/v2\/posts\/10521\/revisions\/10523"}],"wp:featuredmedia":[{"embeddable":true,"href":"https:\/\/www.enorsai.com\/noticias\/wp-json\/wp\/v2\/media\/10522"}],"wp:attachment":[{"href":"https:\/\/www.enorsai.com\/noticias\/wp-json\/wp\/v2\/media?parent=10521"}],"wp:term":[{"taxonomy":"category","embeddable":true,"href":"https:\/\/www.enorsai.com\/noticias\/wp-json\/wp\/v2\/categories?post=10521"},{"taxonomy":"post_tag","embeddable":true,"href":"https:\/\/www.enorsai.com\/noticias\/wp-json\/wp\/v2\/tags?post=10521"}],"curies":[{"name":"wp","href":"https:\/\/api.w.org\/{rel}","templated":true}]}}