{"id":1052,"date":"2025-02-11T09:09:54","date_gmt":"2025-02-11T12:09:54","guid":{"rendered":"https:\/\/www.enorsai.com\/noticias\/?p=1052"},"modified":"2025-02-11T09:09:54","modified_gmt":"2025-02-11T12:09:54","slug":"la-federacion-agraria-advierte-la-invasion-importadora-asfixia-a-los-productores-argentinos","status":"publish","type":"post","link":"https:\/\/www.enorsai.com\/noticias\/economia\/la-federacion-agraria-advierte-la-invasion-importadora-asfixia-a-los-productores-argentinos\/","title":{"rendered":"La Federaci\u00f3n Agraria advierte: La invasi\u00f3n importadora asfixia a los productores argentinos"},"content":{"rendered":"\n<p><strong>La invasi\u00f3n importadora que asfixia a los productores argentinos<\/strong><\/p>\n\n\n\n<p><strong>La apertura de importaciones impuesta por el gobierno de Javier Milei est\u00e1 empujando a los peque\u00f1os productores a la ruina. Yerba, tomates y hasta el emblem\u00e1tico lim\u00f3n argentino ya no pueden competir con la avalancha de productos extranjeros que ingresan con costos mucho m\u00e1s bajos.<\/strong><\/p>\n\n\n\n<p><strong>La estrategia de Milei de desregular y abrir la econom\u00eda sin contemplaciones ha comenzado a mostrar su cara m\u00e1s brutal: el ahogo de las econom\u00edas regionales. La Federaci\u00f3n Agraria Argentina advierte que la competencia desleal de pa\u00edses vecinos est\u00e1 destruyendo a los productores locales.<\/strong><\/p>\n\n\n\n<p>Las pol\u00edticas de apertura comercial del gobierno de Javier Milei han encendido las alarmas en las econom\u00edas regionales. <strong><a href=\"https:\/\/www.infocampo.com.ar\/federacion-agraria-hace-historia-por-primera-vez-una-mujer-presidira-una-de-las-entidades-del-campo\/\">La Federaci\u00f3n Agraria Argentina (FAA), encabezada por su primera presidenta mujer en m\u00e1s de un siglo de historia, Andrea Sarnari<\/a><\/strong>, denuncia que la eliminaci\u00f3n de aranceles y la desprotecci\u00f3n del mercado interno han puesto en jaque a peque\u00f1os y medianos productores. Mientras el oficialismo insiste en que Argentina est\u00e1 demasiado cara en d\u00f3lares, el campo enfrenta una competencia feroz con productos de Brasil, Paraguay y Bolivia, que ingresan con costos de producci\u00f3n irrisoriamente m\u00e1s bajos.<\/p>\n\n\n\n<figure class=\"wp-block-embed is-type-wp-embed is-provider-incrustado wp-block-embed-incrustado\"><div class=\"wp-block-embed__wrapper\">\n<blockquote class=\"wp-embedded-content\" data-secret=\"irjElqfERI\"><a href=\"https:\/\/www.enorsai.com\/noticias\/sociedad\/datos-del-gobierno-se-perdieron-185-000-puestos-de-trabajo-registrado-en-un-ano-y-el-empleo-sigue-cayendo\/\">Datos del Gobierno: se perdieron 185.000 puestos de trabajo registrado en un a\u00f1o, y el empleo sigue cayendo<\/a><\/blockquote><iframe loading=\"lazy\" class=\"wp-embedded-content\" sandbox=\"allow-scripts\" security=\"restricted\" style=\"position: absolute; visibility: hidden;\" title=\"\u00abDatos del Gobierno: se perdieron 185.000 puestos de trabajo registrado en un a\u00f1o, y el empleo sigue cayendo\u00bb \u2014 \" src=\"https:\/\/www.enorsai.com\/noticias\/sociedad\/datos-del-gobierno-se-perdieron-185-000-puestos-de-trabajo-registrado-en-un-ano-y-el-empleo-sigue-cayendo\/embed\/#?secret=EhWr5ca6i6#?secret=irjElqfERI\" data-secret=\"irjElqfERI\" width=\"600\" height=\"338\" frameborder=\"0\" marginwidth=\"0\" marginheight=\"0\" scrolling=\"no\"><\/iframe>\n<\/div><\/figure>\n\n\n\n<p>Sarnari lo dej\u00f3 claro en una entrevista con <em>De Ac\u00e1 en M\u00e1s<\/em> (Urbana Play): la yerba mate argentina, un producto emblem\u00e1tico del pa\u00eds, est\u00e1 perdiendo terreno frente a la importaci\u00f3n de yerba paraguaya y brasile\u00f1a. \u201cLos productores argentinos tienen un costo de producci\u00f3n mucho m\u00e1s alto que los pa\u00edses vecinos y eso los deja en una posici\u00f3n de desventaja absoluta\u201d, alert\u00f3. No se trata solo de la yerba: los tomates, el lim\u00f3n y hasta el az\u00facar est\u00e1n siendo afectados por la apertura comercial indiscriminada. Mientras el gobierno libera importaciones y baja aranceles, el consumo interno se desploma y los productores quedan en el limbo.<\/p>\n\n\n\n<h3 class=\"wp-block-heading\"><strong>El costo argentino, la gran trampa del mercado<\/strong><\/h3>\n\n\n\n<p>Uno de los principales argumentos de los defensores de la apertura de importaciones es que Argentina es un pa\u00eds caro en d\u00f3lares. Sin embargo, esta afirmaci\u00f3n no toma en cuenta la estructura impositiva y la carga de costos internos que enfrentan los productores. \u201cEl problema no es solo el tipo de cambio. Es la asfixia impositiva\u201d, explic\u00f3 Sarnari. Si bien el gobierno elimin\u00f3 retenciones para algunas econom\u00edas regionales, como la papa, el arroz y el algod\u00f3n, el alivio fiscal no ha sido suficiente. La matriz tributaria argentina sigue siendo un laberinto de costos que hacen inviable la producci\u00f3n nacional en comparaci\u00f3n con la de los pa\u00edses vecinos.<\/p>\n\n\n\n<p>El caso del lim\u00f3n es un ejemplo paradigm\u00e1tico. Tradicionalmente destinado a la exportaci\u00f3n, hoy enfrenta obst\u00e1culos para ingresar a mercados internacionales. Estados Unidos, uno de los principales compradores, ha endurecido su pol\u00edtica arancelaria, lo que reduce la competitividad del producto argentino. En el mercado interno, el problema se agrava: el poder adquisitivo en ca\u00edda libre impacta en el consumo y deja a los productores con una ecuaci\u00f3n econ\u00f3mica cada vez m\u00e1s inviable.<\/p>\n\n\n\n<h3 class=\"wp-block-heading\"><strong>El falso discurso de la competitividad<\/strong><\/h3>\n\n\n\n<p>El ministro de Econom\u00eda, Luis Caputo, ha asegurado que el camino hacia la recuperaci\u00f3n econ\u00f3mica pasa por la flexibilizaci\u00f3n del mercado laboral y la eliminaci\u00f3n de lo que \u00e9l denomina \u201cindustria del juicio\u201d. Sin embargo, desde la Federaci\u00f3n Agraria sostienen que el problema no es solo el costo de la mano de obra, sino la estructura impositiva que encarece artificialmente la producci\u00f3n nacional.<\/p>\n\n\n\n<figure class=\"wp-block-embed is-type-wp-embed is-provider-incrustado wp-block-embed-incrustado\"><div class=\"wp-block-embed__wrapper\">\n<blockquote class=\"wp-embedded-content\" data-secret=\"43c4zVdqcU\"><a href=\"https:\/\/www.enorsai.com\/noticias\/economia\/roberto-feletti-milei-va-a-redoblar-el-ajuste-fiscal-y-la-presion-sobre-los-gobernadores\/\">Roberto Feletti: \u00abMilei va a redoblar el ajuste fiscal y la presi\u00f3n sobre los gobernadores\u00bb<\/a><\/blockquote><iframe loading=\"lazy\" class=\"wp-embedded-content\" sandbox=\"allow-scripts\" security=\"restricted\" style=\"position: absolute; visibility: hidden;\" title=\"\u00abRoberto Feletti: \u00abMilei va a redoblar el ajuste fiscal y la presi\u00f3n sobre los gobernadores\u00bb\u00bb \u2014 \" src=\"https:\/\/www.enorsai.com\/noticias\/economia\/roberto-feletti-milei-va-a-redoblar-el-ajuste-fiscal-y-la-presion-sobre-los-gobernadores\/embed\/#?secret=7pVlZualn8#?secret=43c4zVdqcU\" data-secret=\"43c4zVdqcU\" width=\"600\" height=\"338\" frameborder=\"0\" marginwidth=\"0\" marginheight=\"0\" scrolling=\"no\"><\/iframe>\n<\/div><\/figure>\n\n\n\n<p>Milei y su equipo parecen obsesionados con una apertura comercial que no distingue entre grandes y peque\u00f1os productores, entre sectores industriales y econom\u00edas regionales. Mientras las grandes empresas pueden sortear las dificultades con financiamiento o integraci\u00f3n en cadenas de valor globales, los productores locales quedan completamente desprotegidos. \u201cEl gobierno se comprometi\u00f3 a revisar la legislaci\u00f3n laboral, pero lo que realmente necesitamos es una pol\u00edtica integral que contemple las diferencias entre sectores\u201d, insisti\u00f3 Sarnari.<\/p>\n\n\n\n<h3 class=\"wp-block-heading\"><strong>La paradoja del d\u00f3lar y el consumo en crisis<\/strong><\/h3>\n\n\n\n<p>Mientras el gobierno insiste en que Argentina est\u00e1 cara en d\u00f3lares, la realidad para los consumidores es otra. \u201cEl salario es un costo de la econom\u00eda, pero el consumo no se recupera\u201d, se\u00f1al\u00f3 la periodista Mar\u00eda O\u2019Donnell en la entrevista con Sarnari. La ca\u00edda del poder adquisitivo golpea directamente a los productores, que dependen de la demanda interna para sostener sus negocios. En otras palabras, no es solo un problema de competitividad externa: el mercado interno se est\u00e1 contrayendo peligrosamente.<\/p>\n\n\n\n<p>La situaci\u00f3n es a\u00fan m\u00e1s incierta de cara al futuro. En febrero, Milei viajar\u00e1 a Estados Unidos en busca de un acuerdo de libre comercio. Sin embargo, la administraci\u00f3n de Donald Trump ha dado se\u00f1ales claras de proteccionismo y aranceles m\u00e1s altos. Si Argentina no puede competir en su propio mercado y tampoco tiene acceso garantizado a mercados externos, \u00bfqu\u00e9 futuro le espera a las econom\u00edas regionales?<\/p>\n\n\n\n<h3 class=\"wp-block-heading\"><strong>Un modelo que solo beneficia a unos pocos<\/strong><\/h3>\n\n\n\n<p>La desregulaci\u00f3n salvaje que impulsa el gobierno de Milei no es una pol\u00edtica de desarrollo: es un ajuste brutal que deja en pie solo a los grandes jugadores del mercado. Los peque\u00f1os productores, que hist\u00f3ricamente han sido el motor del interior del pa\u00eds, est\u00e1n siendo empujados al abismo.<\/p>\n\n\n\n<p>El gobierno se jacta de abrir la econom\u00eda, pero en los hechos lo que est\u00e1 haciendo es dejar desguarnecida a la producci\u00f3n nacional frente a una competencia desleal. Mientras el modelo sigue beneficiando a grandes importadores y grupos concentrados, el campo \u2013ese mismo campo que Milei dice defender\u2013 se encuentra cada vez m\u00e1s asfixiado.<\/p>\n\n\n\n<p>El libre mercado, tal como lo concibe este gobierno, no es sin\u00f3nimo de desarrollo: es una sentencia de muerte para miles de peque\u00f1os productores argentinos.<\/p>\n\n\n\n<figure class=\"wp-block-embed is-type-wp-embed is-provider-incrustado wp-block-embed-incrustado\"><div class=\"wp-block-embed__wrapper\">\n<blockquote class=\"wp-embedded-content\" data-secret=\"voy237c1y0\"><a href=\"https:\/\/www.enorsai.com\/noticias\/politica\/karina-milei-la-mano-que-empuna-la-guillotina-del-poder\/\">Karina Milei, la mano que empu\u00f1a la guillotina del poder<\/a><\/blockquote><iframe loading=\"lazy\" class=\"wp-embedded-content\" sandbox=\"allow-scripts\" security=\"restricted\" style=\"position: absolute; visibility: hidden;\" title=\"\u00abKarina Milei, la mano que empu\u00f1a la guillotina del poder\u00bb \u2014 \" src=\"https:\/\/www.enorsai.com\/noticias\/politica\/karina-milei-la-mano-que-empuna-la-guillotina-del-poder\/embed\/#?secret=3dgk28LfkZ#?secret=voy237c1y0\" data-secret=\"voy237c1y0\" width=\"600\" height=\"338\" frameborder=\"0\" marginwidth=\"0\" marginheight=\"0\" scrolling=\"no\"><\/iframe>\n<\/div><\/figure>\n","protected":false},"excerpt":{"rendered":"<p>La estrategia de Milei de desregular y abrir la econom\u00eda sin contemplaciones ha comenzado a mostrar su cara m\u00e1s brutal<\/p>\n","protected":false},"author":4,"featured_media":1053,"comment_status":"open","ping_status":"open","sticky":false,"template":"","format":"standard","meta":{"_monsterinsights_skip_tracking":false,"_monsterinsights_sitenote_active":false,"_monsterinsights_sitenote_note":"","_monsterinsights_sitenote_category":0,"footnotes":"","jetpack_publicize_message":"","jetpack_publicize_feature_enabled":true,"jetpack_social_post_already_shared":true,"jetpack_social_options":{"image_generator_settings":{"template":"highway","default_image_id":0,"font":"","enabled":false},"version":2}},"categories":[3,4],"tags":[93,54,425,421,424,131,422,423],"class_list":["post-1052","post","type-post","status-publish","format-standard","has-post-thumbnail","hentry","category-economia","category-sociedad","tag-argentina","tag-campo","tag-competencia-desleal-importaciones","tag-crisis-del-campo-argentino","tag-economia-regional-en-argentina","tag-el-campo","tag-importaciones-y-produccion-nacional","tag-javier-milei-apertura-comercial"],"jetpack_publicize_connections":[],"_links":{"self":[{"href":"https:\/\/www.enorsai.com\/noticias\/wp-json\/wp\/v2\/posts\/1052","targetHints":{"allow":["GET"]}}],"collection":[{"href":"https:\/\/www.enorsai.com\/noticias\/wp-json\/wp\/v2\/posts"}],"about":[{"href":"https:\/\/www.enorsai.com\/noticias\/wp-json\/wp\/v2\/types\/post"}],"author":[{"embeddable":true,"href":"https:\/\/www.enorsai.com\/noticias\/wp-json\/wp\/v2\/users\/4"}],"replies":[{"embeddable":true,"href":"https:\/\/www.enorsai.com\/noticias\/wp-json\/wp\/v2\/comments?post=1052"}],"version-history":[{"count":1,"href":"https:\/\/www.enorsai.com\/noticias\/wp-json\/wp\/v2\/posts\/1052\/revisions"}],"predecessor-version":[{"id":1054,"href":"https:\/\/www.enorsai.com\/noticias\/wp-json\/wp\/v2\/posts\/1052\/revisions\/1054"}],"wp:featuredmedia":[{"embeddable":true,"href":"https:\/\/www.enorsai.com\/noticias\/wp-json\/wp\/v2\/media\/1053"}],"wp:attachment":[{"href":"https:\/\/www.enorsai.com\/noticias\/wp-json\/wp\/v2\/media?parent=1052"}],"wp:term":[{"taxonomy":"category","embeddable":true,"href":"https:\/\/www.enorsai.com\/noticias\/wp-json\/wp\/v2\/categories?post=1052"},{"taxonomy":"post_tag","embeddable":true,"href":"https:\/\/www.enorsai.com\/noticias\/wp-json\/wp\/v2\/tags?post=1052"}],"curies":[{"name":"wp","href":"https:\/\/api.w.org\/{rel}","templated":true}]}}