{"id":10514,"date":"2025-10-31T08:42:56","date_gmt":"2025-10-31T11:42:56","guid":{"rendered":"https:\/\/www.enorsai.com\/noticias\/?p=10514"},"modified":"2025-10-31T11:42:11","modified_gmt":"2025-10-31T14:42:11","slug":"negocia-solo-con-tu-empleador-sturzenegger-dejo-en-claro-el-plan-del-gobierno-para-quebrar-a-los-sindicatos","status":"publish","type":"post","link":"https:\/\/www.enorsai.com\/noticias\/sociedad\/negocia-solo-con-tu-empleador-sturzenegger-dejo-en-claro-el-plan-del-gobierno-para-quebrar-a-los-sindicatos\/","title":{"rendered":"\u201cNegoci\u00e1 solo con tu empleador\u201d: Sturzenegger dej\u00f3 en claro el plan del gobierno para quebrar a los sindicatos"},"content":{"rendered":"\n<p>El ministro de Desregulaci\u00f3n, Federico Sturzenegger, afirm\u00f3 en Radio Mitre que el objetivo del Gobierno es eliminar la negociaci\u00f3n colectiva y permitir que cada trabajador \u201cnegocie individualmente\u201d con su empleador. En medio del aumento del desempleo, la declaraci\u00f3n desnuda una estrategia para debilitar a los sindicatos y bajar el costo laboral.<\/p>\n\n\n\n<p>En una entrevista concedida a Radio Mitre, Federico Sturzenegger volvi\u00f3 a mostrar la matriz ideol\u00f3gica que gu\u00eda las pol\u00edticas del gobierno de Javier Milei. Sin rodeos, el funcionario asegur\u00f3 que el rumbo de la gesti\u00f3n apunta a desarticular el poder de los sindicatos y modificar la estructura laboral argentina para que cada trabajador \u201cnegocie solo con su empleador\u201d. Detr\u00e1s de esa frase, que puede sonar t\u00e9cnica, se esconde una intenci\u00f3n pol\u00edtica clara: romper el andamiaje de la negociaci\u00f3n colectiva, uno de los pilares que hist\u00f3ricamente protegi\u00f3 a los asalariados frente al poder econ\u00f3mico.<\/p>\n\n\n\n<p>Sturzenegger no habl\u00f3 desde el diagn\u00f3stico inocente de quien busca modernizar leyes obsoletas, sino desde la convicci\u00f3n de que los convenios colectivos y las paritarias son un obst\u00e1culo para la \u201cflexibilidad\u201d del mercado laboral. \u201cLa relaci\u00f3n laboral est\u00e1 viciada. Ten\u00e9s toda la industria del juicio, muerde, todo el sindicalismo muerde\u201d, lanz\u00f3, en un tono despectivo hacia las organizaciones gremiales. A su juicio, los convenios de rama \u2014como los que rigen desde hace d\u00e9cadas en el pa\u00eds\u2014 deben desaparecer porque \u201cno puede ser que usemos el convenio de Toyota para una pyme metalmec\u00e1nica de Tartagal\u201d. La frase condensa su visi\u00f3n: cada empresa debe poder negociar directamente con sus trabajadores, sin intermediarios, sin sindicatos, sin reglas comunes.<\/p>\n\n\n\n<p>El ministro justific\u00f3 esta embestida bajo el argumento de que \u201chace diez a\u00f1os que no se crea empleo formal\u201d y que \u201cla mitad del trabajo es informal\u201d. Pero lejos de apuntar a reforzar la protecci\u00f3n laboral, propone debilitarla a\u00fan m\u00e1s. Si el empleo formal est\u00e1 estancado, la soluci\u00f3n no parece ser desmantelar la \u00fanica red de defensa que queda en pie, sino fortalecerla. Sin embargo, el discurso oficial traduce ese problema en una oportunidad para flexibilizar: \u201cSi todos quieren mantener lo mismo, perfecto, pero que al menos pueda negociarse\u201d. Ese \u201cpueda negociarse\u201d encierra el coraz\u00f3n de la reforma: que el trabajador acepte condiciones inferiores, porque la alternativa \u2014en un contexto de desempleo creciente\u2014 ser\u00e1 el desempleo mismo.<\/p>\n\n\n\n<p>El razonamiento econ\u00f3mico de Sturzenegger se sostiene en la l\u00f3gica del mercado autorregulado: si alguien est\u00e1 dispuesto a trabajar por menos, la ley deber\u00eda permitirlo. Pero ese principio, trasladado a la realidad argentina, significa institucionalizar la competencia entre trabajadores. El que m\u00e1s cede sobre su salario o sus derechos, gana el puesto. El resultado previsible es una carrera hacia abajo, donde el \u201cajuste\u201d se mide en la capacidad de sobrevivir con menos. En un pa\u00eds donde los salarios reales cayeron m\u00e1s del 30 % en un a\u00f1o, esa idea roza la crueldad.<\/p>\n\n\n\n<p>No es casual que esta postura se d\u00e9 mientras el gobierno impulsa su segunda Ley Bases, con la reforma laboral como eje central. Sturzenegger lo dej\u00f3 claro: la administraci\u00f3n Milei planea avanzar con cambios estructurales en cuatro frentes \u2014laboral, tributario, penal y administrativo\u2014, y el trabajo ser\u00e1 el campo de batalla prioritario. Detr\u00e1s del relato de \u201cmodernizaci\u00f3n\u201d, lo que se busca es debilitar los sindicatos, reducir costos y liberar a las empresas de obligaciones que consideran \u201crigideces\u201d. La supuesta \u201cdesregulaci\u00f3n\u201d no es otra cosa que un traspaso de poder: del colectivo trabajador hacia el empleador.<\/p>\n\n\n\n<figure class=\"wp-block-embed is-type-rich is-provider-twitter wp-block-embed-twitter\"><div class=\"wp-block-embed__wrapper\">\n<blockquote class=\"twitter-tweet\" data-width=\"550\" data-dnt=\"true\"><p lang=\"es\" dir=\"ltr\">Sturzenegger lo dijo sin vueltas en Radio Mitre: el objetivo del gobierno es romper con los sindicatos para que cada trabajador \u201cnegocie\u201d solo con su empleador. Saben que, con este desempleo en alza, siempre habr\u00e1 gente dispuesta a hacer los mismo o m\u00e1s por menos dinero. <a href=\"https:\/\/t.co\/bUs00PWYBN\">pic.twitter.com\/bUs00PWYBN<\/a><\/p>&mdash; El Prensero (@El_Prensero) <a href=\"https:\/\/twitter.com\/El_Prensero\/status\/1984213633640157579?ref_src=twsrc%5Etfw\">October 31, 2025<\/a><\/blockquote><script async src=\"https:\/\/platform.twitter.com\/widgets.js\" charset=\"utf-8\"><\/script>\n<\/div><\/figure>\n\n\n\n<p>La idea de que el sindicalismo \u201cmuerde\u201d no solo descalifica a quienes defienden derechos, sino que intenta instalar una narrativa donde la organizaci\u00f3n obrera es el problema, no la desigualdad estructural. Es un discurso viejo, importado de las recetas neoliberales que ya fracasaron en los 90. Cada vez que se intent\u00f3 individualizar la negociaci\u00f3n, los trabajadores perdieron. Lo saben los metal\u00fargicos, los docentes, los estatales, los del comercio. Lo saben incluso los empresarios que entienden que la paz social se sostiene en reglas colectivas claras, no en la ley de la selva.<\/p>\n\n\n\n<p>La declaraci\u00f3n de Sturzenegger tambi\u00e9n expone la contradicci\u00f3n central del proyecto libertario: mientras promete libertad para los individuos, promueve un sistema que los deja solos frente al poder econ\u00f3mico. La libertad sin igualdad de condiciones no es libertad, es sometimiento. Un trabajador sin sindicato, sin convenio, sin paritaria, sin respaldo, no negocia: acepta lo que le ofrecen o se queda afuera. Y con el desempleo en alza, esa asimetr\u00eda se vuelve brutal. \u201cSiempre habr\u00e1 gente dispuesta a hacer lo mismo o m\u00e1s por menos dinero\u201d, advierten los economistas cr\u00edticos. Eso no es eficiencia, es precarizaci\u00f3n institucionalizada.<\/p>\n\n\n\n<p>El mensaje del ministro de Desregulaci\u00f3n se entiende mejor si se lo coloca en el contexto general del gobierno de Milei. La ofensiva contra los gremios \u2014desde las denuncias medi\u00e1ticas hasta las trabas judiciales para los fondos sindicales\u2014 responde a una estrategia pol\u00edtica: vaciar de poder a las organizaciones colectivas que puedan resistir el ajuste. La fragmentaci\u00f3n laboral y el miedo a perder el empleo funcionan como disciplinadores. El trabajador sin representaci\u00f3n no protesta, no reclama, no exige. Acepta.<\/p>\n\n\n\n<p>El discurso de Sturzenegger no es una improvisaci\u00f3n: es el programa. Lo que propone es una Argentina donde la negociaci\u00f3n colectiva sea reemplazada por el \u201cacuerdo individual\u201d, donde el despido sea m\u00e1s f\u00e1cil, donde el salario sea un precio m\u00e1s del mercado. Esa visi\u00f3n ignora deliberadamente la historia del pa\u00eds, los logros conquistados con sangre, huelgas y resistencia. Ignora tambi\u00e9n que el sindicalismo argentino, con todos sus defectos, fue el sost\u00e9n de derechos laborales que a\u00fan hoy marcan la diferencia con otros pa\u00edses de la regi\u00f3n.<\/p>\n\n\n\n<p>Romper con los sindicatos no es modernizar, es retroceder. No hay capitalismo desarrollado sin negociaci\u00f3n colectiva, sin instituciones que equilibren las fuerzas. Lo que Sturzenegger plantea como \u201creforma\u201d es, en realidad, una restauraci\u00f3n: la del viejo orden patronal, donde el trabajador deb\u00eda agradecer por tener empleo. Ese modelo fracas\u00f3 en los 90 y volver\u00e1 a fracasar, porque un pa\u00eds no crece precarizando a quienes lo sostienen.<\/p>\n\n\n\n<p>Las palabras del ministro en Radio Mitre no fueron un exabrupto, fueron una confesi\u00f3n pol\u00edtica. El gobierno no esconde su meta: desarmar los sindicatos, fragmentar a los trabajadores y reducir el costo laboral a cualquier precio. La pregunta que queda flotando es qu\u00e9 tipo de sociedad emerge de esa ecuaci\u00f3n. Una donde unos pocos acumulan m\u00e1s poder y el resto sobrevive compitiendo entre s\u00ed. Esa no es la Argentina libre que prometieron: es la Argentina del s\u00e1lvese quien pueda.<\/p>\n\n\n\n<p>Fuentes:<\/p>\n\n\n\n<p>Radio Mitre \u2013 \u201cReforma laboral: Federico Sturzenegger explic\u00f3 c\u00f3mo impactar\u00e1 en los trabajadores si se aprueba el proyecto de Javier Milei\u201d<br><a href=\"https:\/\/radiomitre.cienradios.com\/politica\/reforma-laboral-federico-sturzenegger-explico-como-impactara-en-los-trabajadores-si-se-aprueba-el-proyecto-de-javier-milei\">https:\/\/radiomitre.cienradios.com\/politica\/reforma-laboral-federico-sturzenegger-explico-como-impactara-en-los-trabajadores-si-se-aprueba-el-proyecto-de-javier-milei<\/a><\/p>\n\n\n\n<p>iProfesional \u2013 \u201cSturzenegger habl\u00f3 de la Ley Bases II: qu\u00e9 grandes reformas har\u00e1 el Gobierno\u201d<br><a href=\"https:\/\/www.iprofesional.com\/politica\/440781-sturzenegger-hablo-de-la-ley-bases-ii-que-grandes-reformas-hara-el-gobierno\">https:\/\/www.iprofesional.com\/politica\/440781-sturzenegger-hablo-de-la-ley-bases-ii-que-grandes-reformas-hara-el-gobierno<\/a><\/p>\n\n\n\n<p><\/p>\n","protected":false},"excerpt":{"rendered":"<p>El ministro de Desregulaci\u00f3n, Federico Sturzenegger, afirm\u00f3 en Radio Mitre que el objetivo del Gobierno es eliminar la negociaci\u00f3n colectiva y permitir que cada trabajador \u201cnegocie individualmente\u201d con su empleador. En medio del aumento del desempleo, la declaraci\u00f3n desnuda una estrategia para debilitar a los sindicatos y bajar el costo laboral. En una entrevista concedida&#8230;<\/p>\n","protected":false},"author":1,"featured_media":10515,"comment_status":"open","ping_status":"open","sticky":false,"template":"","format":"standard","meta":{"_monsterinsights_skip_tracking":false,"_monsterinsights_sitenote_active":false,"_monsterinsights_sitenote_note":"","_monsterinsights_sitenote_category":0,"footnotes":"","jetpack_publicize_message":"","jetpack_publicize_feature_enabled":true,"jetpack_social_post_already_shared":true,"jetpack_social_options":{"image_generator_settings":{"template":"highway","default_image_id":0,"font":"","enabled":false},"version":2}},"categories":[4,3946],"tags":[],"class_list":["post-10514","post","type-post","status-publish","format-standard","has-post-thumbnail","hentry","category-sociedad","category-trabajo"],"jetpack_publicize_connections":[],"_links":{"self":[{"href":"https:\/\/www.enorsai.com\/noticias\/wp-json\/wp\/v2\/posts\/10514","targetHints":{"allow":["GET"]}}],"collection":[{"href":"https:\/\/www.enorsai.com\/noticias\/wp-json\/wp\/v2\/posts"}],"about":[{"href":"https:\/\/www.enorsai.com\/noticias\/wp-json\/wp\/v2\/types\/post"}],"author":[{"embeddable":true,"href":"https:\/\/www.enorsai.com\/noticias\/wp-json\/wp\/v2\/users\/1"}],"replies":[{"embeddable":true,"href":"https:\/\/www.enorsai.com\/noticias\/wp-json\/wp\/v2\/comments?post=10514"}],"version-history":[{"count":1,"href":"https:\/\/www.enorsai.com\/noticias\/wp-json\/wp\/v2\/posts\/10514\/revisions"}],"predecessor-version":[{"id":10516,"href":"https:\/\/www.enorsai.com\/noticias\/wp-json\/wp\/v2\/posts\/10514\/revisions\/10516"}],"wp:featuredmedia":[{"embeddable":true,"href":"https:\/\/www.enorsai.com\/noticias\/wp-json\/wp\/v2\/media\/10515"}],"wp:attachment":[{"href":"https:\/\/www.enorsai.com\/noticias\/wp-json\/wp\/v2\/media?parent=10514"}],"wp:term":[{"taxonomy":"category","embeddable":true,"href":"https:\/\/www.enorsai.com\/noticias\/wp-json\/wp\/v2\/categories?post=10514"},{"taxonomy":"post_tag","embeddable":true,"href":"https:\/\/www.enorsai.com\/noticias\/wp-json\/wp\/v2\/tags?post=10514"}],"curies":[{"name":"wp","href":"https:\/\/api.w.org\/{rel}","templated":true}]}}