{"id":10507,"date":"2025-10-31T07:59:09","date_gmt":"2025-10-31T10:59:09","guid":{"rendered":"https:\/\/www.enorsai.com\/noticias\/?p=10507"},"modified":"2025-10-31T07:59:19","modified_gmt":"2025-10-31T10:59:19","slug":"al-excluir-a-kicillof-de-la-reunion-de-gobernadores-milei-dinamito-la-idea-de-un-dialogo-federal","status":"publish","type":"post","link":"https:\/\/www.enorsai.com\/noticias\/politica\/al-excluir-a-kicillof-de-la-reunion-de-gobernadores-milei-dinamito-la-idea-de-un-dialogo-federal\/","title":{"rendered":"Al excluir a Kicillof de la reuni\u00f3n de gobernadores Milei dinamit\u00f3 la idea de un di\u00e1logo federal"},"content":{"rendered":"\n<p>El gobernador bonaerense critic\u00f3 con dureza la decisi\u00f3n del presidente Javier Milei de excluirlo de la reuni\u00f3n de gobernadores en Casa Rosada, mientras organismos de derechos humanos expresaron su apoyo a Kicillof y alertaron sobre el \u201cataque constante\u201d del gobierno nacional al pueblo bonaerense.<\/p>\n\n\n\n<p>En un nuevo cap\u00edtulo de confrontaci\u00f3n entre Naci\u00f3n y Provincia, Axel Kicillof denunci\u00f3 el autoritarismo selectivo del presidente Javier Milei, quien lo dej\u00f3 fuera de una cumbre clave con mandatarios provinciales. El mandatario bonaerense advirti\u00f3 que la Casa Rosada ignora al distrito que aporta el 40 % de la recaudaci\u00f3n nacional y acumula deudas por m\u00e1s de 12 billones de pesos. Mientras tanto, la Mesa de Organismos de Derechos Humanos, encabezada por Taty Almeida, expres\u00f3 su respaldo a Kicillof y denunci\u00f3 el deterioro de las pol\u00edticas de Memoria, Verdad y Justicia bajo el gobierno libertario.<\/p>\n\n\n\n<p>Axel Kicillof volvi\u00f3 a ocupar el centro del escenario pol\u00edtico tras ser deliberadamente excluido de la reuni\u00f3n que Javier Milei mantuvo en la Casa Rosada con una veintena de gobernadores. El gesto, lejos de ser un descuido, fue interpretado como una se\u00f1al de aislamiento pol\u00edtico hacia los mandatarios que no se alinean con el oficialismo libertario. Y el gobernador bonaerense no se qued\u00f3 callado: \u201cEso habla de las limitaciones que tiene el Presidente\u201d, sentenci\u00f3 en una entrevista radial que tuvo el tono de una advertencia pol\u00edtica, pero tambi\u00e9n de una defensa institucional.<\/p>\n\n\n\n<p>El jefe de Estado hab\u00eda convocado a un encuentro destinado a buscar acuerdos para avanzar con reformas estructurales. Sin embargo, decidi\u00f3 dejar afuera a los gobernadores m\u00e1s cr\u00edticos, entre ellos a Kicillof, Gildo Insfr\u00e1n (Formosa), Gustavo Melella (Tierra del Fuego) y Ricardo Quintela (La Rioja). La exclusi\u00f3n, que revela un sesgo ideol\u00f3gico en la b\u00fasqueda de consensos, termin\u00f3 de dinamitar la idea de un di\u00e1logo federal. \u201cMi intenci\u00f3n es intercambiar seriamente, respetuosamente. A m\u00ed no me pueden achacar ni insultos ni maltrato, y no lo he hecho a pesar de que \u00e9l lo tiene por deporte. Yo soy n\u00famero fijo para el insulto\u201d, ironiz\u00f3 Kicillof, poniendo el dedo en la llaga del estilo confrontativo que Milei ha trasladado a la gesti\u00f3n presidencial.<\/p>\n\n\n\n<p>El gobernador bonaerense subray\u00f3 que la decisi\u00f3n presidencial no solo es un agravio pol\u00edtico sino tambi\u00e9n un error econ\u00f3mico. Buenos Aires, record\u00f3, representa el 40 % de la recaudaci\u00f3n nacional y concentra el principal polo industrial y productivo del pa\u00eds. Ignorarla en una mesa de discusi\u00f3n fiscal y laboral equivale a amputar la mitad del cuerpo econ\u00f3mico de la Argentina. \u201cLa Naci\u00f3n nos debe m\u00e1s de 12 billones de pesos en seguridad, incentivo docente, transporte y obras p\u00fablicas paralizadas\u201d, enumer\u00f3, dando una dimensi\u00f3n concreta al ahogo financiero que sufre el distrito.<\/p>\n\n\n\n<p>Lejos de ser una queja aislada, las palabras de Kicillof se inscriben en una creciente tensi\u00f3n entre el Ejecutivo nacional y los gobiernos provinciales. Milei busca centralizar el poder pol\u00edtico y econ\u00f3mico bajo el pretexto de un ajuste fiscal in\u00e9dito, mientras los gobernadores reclaman los fondos que les corresponden por ley. En el caso bonaerense, esa tensi\u00f3n se multiplica por el peso electoral y simb\u00f3lico de una provincia que, adem\u00e1s de ser motor econ\u00f3mico, es tambi\u00e9n el coraz\u00f3n pol\u00edtico del peronismo.<\/p>\n\n\n\n<p>En su cr\u00edtica, Kicillof fue m\u00e1s all\u00e1 de la coyuntura local y vincul\u00f3 la estrategia del gobierno nacional con la injerencia extranjera. \u201cEl Gobierno est\u00e1 construyendo la foto que le pidi\u00f3 Donald Trump\u201d, advirti\u00f3, sugiriendo que la pol\u00edtica exterior libertaria no responde a una visi\u00f3n soberana, sino a un mandato ideol\u00f3gico importado. Seg\u00fan el gobernador, fue el expresidente norteamericano quien \u201csalv\u00f3\u201d a Milei cuando \u201cestaba en la cornisa\u201d, en alusi\u00f3n al respaldo pol\u00edtico y econ\u00f3mico que el libertario habr\u00eda recibido de sectores vinculados al trumpismo.<\/p>\n\n\n\n<p>Mientras tanto, en La Plata, la lectura de los resultados electorales del domingo pasado \u2014en los que La Libertad Avanza logr\u00f3 imponerse sobre Fuerza Patria\u2014 desat\u00f3 una autocr\u00edtica dentro del peronismo bonaerense. Kicillof pidi\u00f3 \u201cdejar de hablarnos a nosotros mismos\u201d y convoc\u00f3 a reconstruir un movimiento pol\u00edtico m\u00e1s amplio, con vocaci\u00f3n de mayor\u00eda y di\u00e1logo social. \u201cHay que abrir, ampliar, hablarle a m\u00e1s gente. Puede haber diferencias, chisporroteos, pero hay que construir sin tapar las diferencias para que el Partido Justicialista vuelva a ser un movimiento\u201d, expres\u00f3, marcando una l\u00ednea pol\u00edtica que busca combinar resistencia y renovaci\u00f3n.<\/p>\n\n\n\n<p>Desde los despachos de la Gobernaci\u00f3n, la evaluaci\u00f3n del resultado electoral difiere de la lectura pesimista de algunos sectores del kirchnerismo. Sostienen que Fuerza Patria mantuvo pr\u00e1cticamente el mismo caudal de votos que en septiembre, mientras que Milei creci\u00f3 por la ca\u00edda de las terceras fuerzas. Seg\u00fan ese an\u00e1lisis, los libertarios habr\u00edan sumado unos 900 mil votos provenientes de partidos menores y de un electorado que vot\u00f3 con el \u201cs\u00edndrome de la licuadora\u201d, es decir, el miedo a un colapso econ\u00f3mico mayor, un reflejo que remite a los a\u00f1os 90 y al menemismo.<\/p>\n\n\n\n<p>En paralelo, dirigentes cercanos al gobernador admiten que la estrategia de campa\u00f1a nacional \u201cno fue atractiva ni convocante\u201d, y que la consigna \u201canti Milei\u201d qued\u00f3 vac\u00eda frente a un discurso libertario que logr\u00f3 capitalizar el descontento social. En septiembre, dicen, hab\u00eda m\u00e1s contenido y propuestas; en octubre, solo resistencia. Esa autocr\u00edtica muestra que Kicillof intenta reposicionarse como figura de conducci\u00f3n, pero tambi\u00e9n como portavoz de un peronismo que busca sobrevivir al ajuste y al desmantelamiento del Estado.<\/p>\n\n\n\n<p>En ese clima de hostigamiento pol\u00edtico y financiero, el respaldo de los organismos de derechos humanos al gobernador bonaerense adquiri\u00f3 un peso simb\u00f3lico notable. Una delegaci\u00f3n de la <strong>Mesa de Organismos de Derechos Humanos<\/strong>, encabezada por <strong>Taty Almeida<\/strong>, presidenta de <strong>Madres de Plaza de Mayo L\u00ednea Fundadora<\/strong>, se reuni\u00f3 con Kicillof para expresarle apoyo y solidaridad \u201cante el constante ataque del presidente Javier Milei al pueblo y gobierno de la provincia de Buenos Aires\u201d. La presencia de Almeida y de otros referentes hist\u00f3ricos de la lucha por la memoria no solo otorg\u00f3 legitimidad moral al reclamo del gobernador, sino que tambi\u00e9n marc\u00f3 un l\u00edmite \u00e9tico frente al avance de discursos negacionistas.<\/p>\n\n\n\n<p>Durante el encuentro, adem\u00e1s de manifestar preocupaci\u00f3n por la ofensiva del gobierno nacional, los organismos analizaron el retroceso que Milei impulsa en materia de pol\u00edticas de <strong>Memoria, Verdad y Justicia<\/strong>, pilares fundamentales del consenso democr\u00e1tico argentino. La reuni\u00f3n tambi\u00e9n abord\u00f3 la \u201cin\u00e9dita e inaceptable injerencia\u201d del expresidente Donald Trump y de funcionarios estadounidenses en las recientes elecciones, un se\u00f1alamiento que pone en evidencia la dependencia geopol\u00edtica que atraviesa el actual gobierno argentino.<\/p>\n\n\n\n<p>El comunicado de la Mesa fue contundente: denunciaron el desmantelamiento de pol\u00edticas p\u00fablicas, el clima de intolerancia social y la legitimaci\u00f3n de discursos que reivindican la dictadura c\u00edvico-militar. \u201cFue un encuentro emotivo y esperanzador\u201d, se\u00f1alaron, reafirmando la consigna hist\u00f3rica: <strong>\u201c30 000 compa\u00f1erxs detenidxs desaparecidos, presentes. \u00a1Ahora y siempre!\u201d<\/strong>. El mensaje reson\u00f3 como una advertencia ante un contexto en el que la memoria se intenta borrar y la violencia simb\u00f3lica vuelve a ocupar el espacio p\u00fablico.<\/p>\n\n\n\n<p>El apoyo de los organismos no fue solo un gesto institucional. Fue un mensaje pol\u00edtico en defensa del Estado de Derecho y de la democracia, en un momento en que la Casa Rosada busca concentrar poder y reescribir los consensos b\u00e1sicos de la posdictadura. Mientras Milei promueve la privatizaci\u00f3n del Estado y la ruptura del tejido federal, los organismos de derechos humanos reafirman la necesidad de resistir la desmemoria y acompa\u00f1ar a quienes, como Kicillof, a\u00fan sostienen una agenda de derechos, inclusi\u00f3n y soberan\u00eda.<\/p>\n\n\n\n<p>En suma, la exclusi\u00f3n de Kicillof no fue un acto administrativo sino un s\u00edmbolo de la pol\u00edtica de fragmentaci\u00f3n que impulsa el gobierno libertario. La negativa de Milei a convocar al principal gobernador del pa\u00eds revela no solo su intolerancia hacia el disenso, sino tambi\u00e9n su incapacidad para gobernar desde la pluralidad. Buenos Aires, con su peso hist\u00f3rico, econ\u00f3mico y social, no puede ser borrada de la foto federal sin que ello tenga consecuencias. Lo que est\u00e1 en juego, m\u00e1s all\u00e1 de una reuni\u00f3n, es el equilibrio entre el poder central y las provincias, entre el autoritarismo de mercado y la democracia social.<\/p>\n","protected":false},"excerpt":{"rendered":"<p>El gobernador bonaerense critic\u00f3 con dureza la decisi\u00f3n del presidente Javier Milei de excluirlo de la reuni\u00f3n de gobernadores en Casa Rosada, mientras organismos de derechos humanos expresaron su apoyo a Kicillof y alertaron sobre el \u201cataque constante\u201d del gobierno nacional al pueblo bonaerense. En un nuevo cap\u00edtulo de confrontaci\u00f3n entre Naci\u00f3n y Provincia, Axel&#8230;<\/p>\n","protected":false},"author":11,"featured_media":10508,"comment_status":"open","ping_status":"open","sticky":false,"template":"","format":"standard","meta":{"_monsterinsights_skip_tracking":false,"_monsterinsights_sitenote_active":false,"_monsterinsights_sitenote_note":"","_monsterinsights_sitenote_category":0,"footnotes":"","jetpack_publicize_message":"","jetpack_publicize_feature_enabled":true,"jetpack_social_post_already_shared":true,"jetpack_social_options":{"image_generator_settings":{"template":"highway","default_image_id":0,"font":"","enabled":false},"version":2}},"categories":[2],"tags":[],"class_list":["post-10507","post","type-post","status-publish","format-standard","has-post-thumbnail","hentry","category-politica"],"jetpack_publicize_connections":[],"_links":{"self":[{"href":"https:\/\/www.enorsai.com\/noticias\/wp-json\/wp\/v2\/posts\/10507","targetHints":{"allow":["GET"]}}],"collection":[{"href":"https:\/\/www.enorsai.com\/noticias\/wp-json\/wp\/v2\/posts"}],"about":[{"href":"https:\/\/www.enorsai.com\/noticias\/wp-json\/wp\/v2\/types\/post"}],"author":[{"embeddable":true,"href":"https:\/\/www.enorsai.com\/noticias\/wp-json\/wp\/v2\/users\/11"}],"replies":[{"embeddable":true,"href":"https:\/\/www.enorsai.com\/noticias\/wp-json\/wp\/v2\/comments?post=10507"}],"version-history":[{"count":1,"href":"https:\/\/www.enorsai.com\/noticias\/wp-json\/wp\/v2\/posts\/10507\/revisions"}],"predecessor-version":[{"id":10509,"href":"https:\/\/www.enorsai.com\/noticias\/wp-json\/wp\/v2\/posts\/10507\/revisions\/10509"}],"wp:featuredmedia":[{"embeddable":true,"href":"https:\/\/www.enorsai.com\/noticias\/wp-json\/wp\/v2\/media\/10508"}],"wp:attachment":[{"href":"https:\/\/www.enorsai.com\/noticias\/wp-json\/wp\/v2\/media?parent=10507"}],"wp:term":[{"taxonomy":"category","embeddable":true,"href":"https:\/\/www.enorsai.com\/noticias\/wp-json\/wp\/v2\/categories?post=10507"},{"taxonomy":"post_tag","embeddable":true,"href":"https:\/\/www.enorsai.com\/noticias\/wp-json\/wp\/v2\/tags?post=10507"}],"curies":[{"name":"wp","href":"https:\/\/api.w.org\/{rel}","templated":true}]}}