{"id":10502,"date":"2025-10-30T23:17:11","date_gmt":"2025-10-31T02:17:11","guid":{"rendered":"https:\/\/www.enorsai.com\/noticias\/politica\/mena-esta-corte-vergonzosa-no-tiene-nada-que-ver-con-administrar-justicia\/"},"modified":"2025-10-30T23:17:11","modified_gmt":"2025-10-31T02:17:11","slug":"mena-esta-corte-vergonzosa-no-tiene-nada-que-ver-con-administrar-justicia","status":"publish","type":"post","link":"https:\/\/www.enorsai.com\/noticias\/politica\/mena-esta-corte-vergonzosa-no-tiene-nada-que-ver-con-administrar-justicia\/","title":{"rendered":"Mena: \u00abEsta Corte vergonzosa, no tiene nada que ver con administrar justicia\u00bb"},"content":{"rendered":"\n<p>El ministro de Justicia y Derechos Humanos bonaerense, Juan Mart\u00edn Mena, lanz\u00f3 una dura acusaci\u00f3n contra los jueces de la Corte Suprema, a quienes responsabiliz\u00f3 de actuar en funci\u00f3n de resultados electorales y de garantizar impunidad para los sectores m\u00e1s poderosos del pa\u00eds. Su mensaje encendi\u00f3 el debate sobre el rol del Poder Judicial y su dependencia de los grandes medios y del poder econ\u00f3mico.<br><br>El ministro de Justicia y Derechos Humanos de la provincia de Buenos Aires, Juan Mart\u00edn Mena, volvi\u00f3 a sacudir el tablero pol\u00edtico y judicial con un mensaje contundente publicado en su cuenta de X. All\u00ed denunci\u00f3 que la Corte Suprema de Justicia de la Naci\u00f3n ya no administra justicia, sino que responde a intereses pol\u00edticos y medi\u00e1ticos. \u201cCada d\u00eda queda m\u00e1s claro que lo que hace esta Corte vergonzosa no tiene nada que ver con administrar justicia\u201d, escribi\u00f3 Mena, en un texto que se viraliz\u00f3 r\u00e1pidamente y gener\u00f3 un fuerte eco entre dirigentes pol\u00edticos y referentes del \u00e1mbito judicial.<br><br>El funcionario bonaerense sostuvo que, apenas 48 horas despu\u00e9s de un resultado electoral, el m\u00e1ximo tribunal tom\u00f3 una serie de decisiones que beneficiaron al oficialismo y perjudicaron a sus adversarios pol\u00edticos. \u201cRechazaron analizar, sin siquiera estudiar y resolver, 14 recursos de Cristina Fern\u00e1ndez de Kirchner, Guillermo Moreno, Julio De Vido, Mart\u00edn Sabbatella, entre otros\u201d, apunt\u00f3. A la vez, denunci\u00f3 que el mismo d\u00eda la Corte \u201cgarantiz\u00f3 m\u00e1s impunidad para Caputo, Sturzenegger, Arribas, Macri y Milei; m\u00e1s negocios para Telecom y ni siquiera se salvaron los familiares de los muertos del submarino ARA San Juan, a quienes les negaron justicia para encubrir a Mauricio Macri\u201d.<br><br>El mensaje de Mena no fue una reacci\u00f3n aislada ni un exabrupto moment\u00e1neo. Desde hace tiempo, el ministro bonaerense viene se\u00f1alando que la Corte se ha convertido en un instrumento de persecuci\u00f3n pol\u00edtica y en un engranaje funcional a los intereses del poder econ\u00f3mico concentrado. Su diagn\u00f3stico se apoya en una serie de fallos que, a su juicio, consolidan un doble est\u00e1ndar judicial: impunidad para los poderosos, castigo para los opositores. En su texto, Mena expone con crudeza esa percepci\u00f3n, afirmando que los jueces \u201chacen pol\u00edtica y de la peor posible\u201d, movi\u00e9ndose al ritmo de los grandes medios y de los grupos empresariales.<\/p>\n\n\n\n<figure class=\"wp-block-image size-large\"><img decoding=\"async\" src=\"file:\/\/\/data\/user\/0\/com.jetpack.android\/cache\/screenshot_20251030_231559_chatgpt1502048110748929308.jpg\" alt=\"\" class=\"wp-image-4927\"\/><\/figure>\n\n\n\n<p><br>En su publicaci\u00f3n, no faltaron nombres ni responsables. Mena se\u00f1al\u00f3 directamente a H\u00e9ctor Magnetto, CEO del Grupo Clar\u00edn, y a Bartolom\u00e9 Mitre Saguier, del diario La Naci\u00f3n, como figuras que manejan los hilos del poder real detr\u00e1s de los fallos judiciales. \u201cMucho palacio y poca independencia, corren y se arrastran frente al primer grito de Saguier y Magnetto\u201d, escribi\u00f3, en una frase que resume su denuncia de subordinaci\u00f3n medi\u00e1tica. En ese sentido, su mensaje es tambi\u00e9n una advertencia pol\u00edtica: lo que se est\u00e1 discutiendo no es s\u00f3lo el comportamiento de un tribunal, sino la estructura de poder que condiciona la democracia argentina.<br><br>El enojo de Mena surge en un contexto de creciente deslegitimaci\u00f3n del Poder Judicial, especialmente de la Corte Suprema, cuestionada por amplios sectores por su falta de transparencia, su lentitud y su tendencia a intervenir selectivamente en los casos con mayor repercusi\u00f3n pol\u00edtica. La cr\u00edtica del ministro bonaerense refleja, en parte, el hartazgo de un amplio sector del peronismo, que percibe al m\u00e1ximo tribunal como un brazo pol\u00edtico del establishment financiero y medi\u00e1tico. Pero tambi\u00e9n traduce una sensaci\u00f3n m\u00e1s generalizada de impotencia ante una justicia que, seg\u00fan \u00e9l, \u201cse mueve por resultados electorales y \u00f3rdenes de los due\u00f1os de medios\u201d.<br><br>El caso del ARA San Juan, mencionado por Mena, es uno de los ejemplos m\u00e1s dolorosos y simb\u00f3licos. Los familiares de los 44 tripulantes muertos en el hundimiento del submarino denuncian desde hace a\u00f1os que fueron espiados y maltratados por el gobierno de Mauricio Macri. La decisi\u00f3n de la Corte de negarles justicia fue, seg\u00fan Mena, la confirmaci\u00f3n de que los derechos de las v\u00edctimas est\u00e1n subordinados a la protecci\u00f3n de los poderosos. Esa comparaci\u00f3n entre los familiares de las v\u00edctimas y los \u201ccriminales\u201d que describe el ministro sintetiza su mirada: una justicia que castiga a los d\u00e9biles y absuelve a los responsables.<br><br>Mena no se ahorra iron\u00edas al imaginar el futuro de los jueces de la Corte: \u201cQu\u00e9 dif\u00edcil va a ser despu\u00e9s de todo esto que den charlas, se autoproclamen juristas o tengan la caradurez de escribir alg\u00fan libro\u201d, escribi\u00f3, deslizando que su actuaci\u00f3n quedar\u00e1 marcada en la historia como un cap\u00edtulo oscuro de degradaci\u00f3n institucional. La frase resuena como una advertencia moral: el poder judicial puede ampararse hoy en su impunidad, pero no escapar\u00e1 al juicio de la historia.<br><br>Las palabras del ministro bonaerense tambi\u00e9n son una se\u00f1al pol\u00edtica hacia el gobierno de Javier Milei. Mena no menciona al presidente de manera directa, pero su denuncia incluye a figuras clave de su entorno, como Luis Caputo y Federico Sturzenegger, quienes hoy ocupan posiciones de poder y aparecen mencionados como beneficiarios de las decisiones judiciales. La cr\u00edtica, entonces, no s\u00f3lo alcanza a la Corte sino al modelo de pa\u00eds que el actual gobierno representa: un modelo que concentra poder, debilita el Estado y subordina las instituciones al mercado.<br><br>En ese sentido, el planteo de Mena trasciende lo judicial para convertirse en una interpelaci\u00f3n social. \u201c\u00bfQu\u00e9 queda para las injusticias que viven argentinas y argentinos todos los d\u00edas, si la justicia es esta porquer\u00eda que s\u00f3lo se mueve por resultados electorales?\u201d, se pregunta. La frase refleja una indignaci\u00f3n compartida por amplios sectores de la ciudadan\u00eda que perciben que el sistema judicial funciona de espaldas al pueblo, respondiendo a intereses ajenos a la justicia social.<br><br>El diagn\u00f3stico que plantea el ministro es tan severo como revelador: una Corte Suprema que hace pol\u00edtica, un poder medi\u00e1tico que dicta sentencias, y una democracia condicionada por los intereses de los grandes grupos econ\u00f3micos. En ese escenario, las palabras de Mena no s\u00f3lo exponen la fractura institucional, sino tambi\u00e9n la crisis moral de un pa\u00eds que ve c\u00f3mo la balanza de la justicia se inclina cada vez m\u00e1s hacia un solo lado.<br><br>El mensaje no es nuevo, pero cobra nueva fuerza en un contexto donde el gobierno nacional profundiza su alianza con los sectores financieros y medi\u00e1ticos, y donde la independencia judicial parece ser una formalidad vac\u00eda. Si la justicia se convierte en un instrumento del poder real, como sostiene Mena, entonces la rep\u00fablica pierde su \u00faltimo basti\u00f3n de equilibrio.<br><br>Las declaraciones del ministro bonaerense resumen una sensaci\u00f3n extendida: la de una justicia que dej\u00f3 de ser el refugio de los d\u00e9biles para transformarse en el escudo de los poderosos. Su denuncia interpela directamente a la sociedad argentina y plantea una pregunta de fondo: \u00bfpuede haber democracia verdadera sin justicia independiente?<\/p>\n","protected":false},"excerpt":{"rendered":"<p>El ministro de Justicia y Derechos Humanos bonaerense, Juan Mart\u00edn Mena, lanz\u00f3 una dura acusaci\u00f3n contra los jueces de la Corte Suprema, a quienes responsabiliz\u00f3 de actuar en funci\u00f3n de resultados electorales y de garantizar impunidad para los sectores m\u00e1s poderosos del pa\u00eds. Su mensaje encendi\u00f3 el debate sobre el rol del Poder Judicial y&#8230;<\/p>\n","protected":false},"author":1,"featured_media":10395,"comment_status":"open","ping_status":"open","sticky":false,"template":"","format":"standard","meta":{"_monsterinsights_skip_tracking":false,"_monsterinsights_sitenote_active":false,"_monsterinsights_sitenote_note":"","_monsterinsights_sitenote_category":0,"footnotes":"","jetpack_publicize_message":"","jetpack_publicize_feature_enabled":true,"jetpack_social_post_already_shared":true,"jetpack_social_options":{"image_generator_settings":{"template":"highway","default_image_id":0,"font":"","enabled":false},"version":2}},"categories":[3950,2],"tags":[],"class_list":["post-10502","post","type-post","status-publish","format-standard","has-post-thumbnail","hentry","category-justicia","category-politica"],"jetpack_publicize_connections":[],"_links":{"self":[{"href":"https:\/\/www.enorsai.com\/noticias\/wp-json\/wp\/v2\/posts\/10502","targetHints":{"allow":["GET"]}}],"collection":[{"href":"https:\/\/www.enorsai.com\/noticias\/wp-json\/wp\/v2\/posts"}],"about":[{"href":"https:\/\/www.enorsai.com\/noticias\/wp-json\/wp\/v2\/types\/post"}],"author":[{"embeddable":true,"href":"https:\/\/www.enorsai.com\/noticias\/wp-json\/wp\/v2\/users\/1"}],"replies":[{"embeddable":true,"href":"https:\/\/www.enorsai.com\/noticias\/wp-json\/wp\/v2\/comments?post=10502"}],"version-history":[{"count":0,"href":"https:\/\/www.enorsai.com\/noticias\/wp-json\/wp\/v2\/posts\/10502\/revisions"}],"wp:featuredmedia":[{"embeddable":true,"href":"https:\/\/www.enorsai.com\/noticias\/wp-json\/wp\/v2\/media\/10395"}],"wp:attachment":[{"href":"https:\/\/www.enorsai.com\/noticias\/wp-json\/wp\/v2\/media?parent=10502"}],"wp:term":[{"taxonomy":"category","embeddable":true,"href":"https:\/\/www.enorsai.com\/noticias\/wp-json\/wp\/v2\/categories?post=10502"},{"taxonomy":"post_tag","embeddable":true,"href":"https:\/\/www.enorsai.com\/noticias\/wp-json\/wp\/v2\/tags?post=10502"}],"curies":[{"name":"wp","href":"https:\/\/api.w.org\/{rel}","templated":true}]}}