{"id":10493,"date":"2025-10-30T15:16:51","date_gmt":"2025-10-30T18:16:51","guid":{"rendered":"https:\/\/www.enorsai.com\/noticias\/cultura\/el-corazon-laberintico-de-buenos-aires-celebra-su-centenario\/"},"modified":"2025-11-01T13:13:15","modified_gmt":"2025-11-01T16:13:15","slug":"el-corazon-laberintico-de-buenos-aires-celebra-su-centenario","status":"publish","type":"post","link":"https:\/\/www.enorsai.com\/noticias\/cultura\/el-corazon-laberintico-de-buenos-aires-celebra-su-centenario\/","title":{"rendered":"El Coraz\u00f3n Laber\u00edntico de Buenos Aires celebra su centenario"},"content":{"rendered":"\n<p>El querido barrio Parque Chas cumpli\u00f3 sus primeros 100 a\u00f1os este 29 de septiembre. Durante ese mes el barrio lo celebr\u00f3 con distintos eventos a cargo de diferentes miembros y organizaciones de la comunidad Chasense.<\/p>\n\n\n\n<figure class=\"wp-block-image size-large\"><img loading=\"lazy\" decoding=\"async\" width=\"685\" height=\"956\" src=\"https:\/\/www.enorsai.com\/noticias\/wp-content\/uploads\/2025\/10\/img-20251029-wa00883864412145779575789.jpg\" alt=\"\" class=\"wp-image-10490\" srcset=\"https:\/\/www.enorsai.com\/noticias\/wp-content\/uploads\/2025\/10\/img-20251029-wa00883864412145779575789.jpg 685w, https:\/\/www.enorsai.com\/noticias\/wp-content\/uploads\/2025\/10\/img-20251029-wa00883864412145779575789-215x300.jpg 215w\" sizes=\"auto, (max-width: 685px) 100vw, 685px\" \/><\/figure>\n\n\n\n<p>La tradicional Expo Feria de emprendedores barriales, con actividades para las infancias y artistas en el escenario organizada por \u00abEl Laberinto de Chas\u00bb, dio inicio al mes de celebraci\u00f3n.<\/p>\n\n\n\n<p>Las vecinas y los vecinos de este pintoresco barrio pudieron disfrutar de actividades tales c\u00f3mo \u00abTelares Comunitarios\u00bb, a cargo del Colectivo Barrial Parque Chas, \u00abUna caminata Lun\u00e1tica\u00bb con diferentes postas, \u00abCortos\u00bb en la Biblioteca \u00abEl Resplandor\u00bb del Club SABER, \u00abAcci\u00f3n para perderse\u00bb una caminata colectiva, \u00abLa Pe\u00f1a de Gra\u00bb ya tradicional en el Club El Tr\u00e9bol, la reparacion de la fuente que fue intervenida con la t\u00e9cnica de mosaiquismo hace unos a\u00f1os por los vecinos y vecinas, \u00abConcierto de canciones aut\u00f3ctonas\u00bb o la esperada Visita Guiada a cargo de la arquitecta Magdalena Eggers, entre otras.<\/p>\n\n\n\n<figure class=\"wp-block-image size-large\"><img loading=\"lazy\" decoding=\"async\" width=\"821\" height=\"1024\" src=\"https:\/\/www.enorsai.com\/noticias\/wp-content\/uploads\/2025\/10\/img-20251029-wa00893208713723054129486-821x1024.jpg\" alt=\"\" class=\"wp-image-10491\" srcset=\"https:\/\/www.enorsai.com\/noticias\/wp-content\/uploads\/2025\/10\/img-20251029-wa00893208713723054129486-821x1024.jpg 821w, https:\/\/www.enorsai.com\/noticias\/wp-content\/uploads\/2025\/10\/img-20251029-wa00893208713723054129486-241x300.jpg 241w, https:\/\/www.enorsai.com\/noticias\/wp-content\/uploads\/2025\/10\/img-20251029-wa00893208713723054129486-768x958.jpg 768w, https:\/\/www.enorsai.com\/noticias\/wp-content\/uploads\/2025\/10\/img-20251029-wa00893208713723054129486.jpg 850w\" sizes=\"auto, (max-width: 821px) 100vw, 821px\" \/><\/figure>\n\n\n\n<p>Para celebrar su centenario, el pr\u00f3ximo domingo 2 de noviembre, se realiza una gran fiesta en la Plaza \u00c9xodo Juje\u00f1o \u00abLa placita de El Tr\u00e9bol \ud83c\udf40\u00bb.<\/p>\n\n\n\n<p>Se dar\u00e1 inicio a partir de las 10:00 hs, con el izamiento de Bandera Nacional y la presencia de la Junta de Estudios Hist\u00f3ricos de Parque Chas e integrantes de la Junta Comunal 15.<\/p>\n\n\n\n<p> A las 11 hs comenzar\u00e1 la cl\u00e1sica visita guiada por Parque Chas que repasa la historia, literatura y arquitectura del barrio, a cargo de la arquitecta Magdalena Eggers. En paralelo se desarrollar\u00e1 una exhibici\u00f3n deportiva a cargo de ni\u00f1os y ni\u00f1as de diferentes clubes del barrio, con la coordinaci\u00f3n de Jorge Princic, en la canchita de El Tr\u00e9bol.<\/p>\n\n\n\n<p>Desde las 13 ya, la celebraci\u00f3n\u00a0 incluir\u00e1: oferta gastron\u00f3mica, feria de emprendimientos con la participaci\u00f3n de toda la comunidad y un escenario vibrante, durante toda la tarde, con bandas y artistas barriales como Luleka, Mariano \u00abCiru\u00bb Giorgi, Graciela Barrios, Gonzalo Rujelman, Gabriel El Sayer, el Tr\u00edo Santos-Bolo-Fern\u00e1ndez, Desde la orilla, D\u00fao Palo Blanco, Taffari Nadal, Punto Caramelo, La Betonucci, Las 3 D y el ni\u00f1o Maravisha y Vicente, adolescente que compuso un tema musical inspirado en el barrio, todo bajo la coordinaci\u00f3n de Dar\u00edo Papagno y Laura Blanco.\u00a0<\/p>\n\n\n\n<p>Al atardecer se proyectar\u00e1 el largometraje \u00abUna pel\u00edcula de Parque Chas\u00bb dirigida por Aye Redigonda.<\/p>\n\n\n\n<figure class=\"wp-block-image size-large\"><img loading=\"lazy\" decoding=\"async\" width=\"819\" height=\"1024\" src=\"https:\/\/www.enorsai.com\/noticias\/wp-content\/uploads\/2025\/10\/img-20251029-wa00951272528976989987192-819x1024.jpg\" alt=\"\" class=\"wp-image-10492\" srcset=\"https:\/\/www.enorsai.com\/noticias\/wp-content\/uploads\/2025\/10\/img-20251029-wa00951272528976989987192-819x1024.jpg 819w, https:\/\/www.enorsai.com\/noticias\/wp-content\/uploads\/2025\/10\/img-20251029-wa00951272528976989987192-240x300.jpg 240w, https:\/\/www.enorsai.com\/noticias\/wp-content\/uploads\/2025\/10\/img-20251029-wa00951272528976989987192-768x960.jpg 768w, https:\/\/www.enorsai.com\/noticias\/wp-content\/uploads\/2025\/10\/img-20251029-wa00951272528976989987192.jpg 1080w\" sizes=\"auto, (max-width: 819px) 100vw, 819px\" \/><\/figure>\n\n\n\n<p>La organizaci\u00f3n de este evento es totalmente autogestiva a cargo de la comisi\u00f3n de vecinas, vecinos e instituciones de Parque Chas.&nbsp;<\/p>\n\n\n\n<p><\/p>\n","protected":false},"excerpt":{"rendered":"<p>El querido barrio Parque Chas cumpli\u00f3 sus primeros 100 a\u00f1os este 29 de septiembre. Durante ese mes el barrio lo celebr\u00f3 con distintos eventos a cargo de diferentes miembros y organizaciones de la comunidad Chasense. La tradicional Expo Feria de emprendedores barriales, con actividades para las infancias y artistas en el escenario organizada por \u00abEl&#8230;<\/p>\n","protected":false},"author":15,"featured_media":0,"comment_status":"open","ping_status":"open","sticky":false,"template":"","format":"standard","meta":{"_monsterinsights_skip_tracking":false,"_monsterinsights_sitenote_active":false,"_monsterinsights_sitenote_note":"","_monsterinsights_sitenote_category":0,"footnotes":"","jetpack_publicize_message":"","jetpack_publicize_feature_enabled":true,"jetpack_social_post_already_shared":true,"jetpack_social_options":{"image_generator_settings":{"template":"highway","default_image_id":0,"font":"","enabled":false},"version":2}},"categories":[1587,5,1584],"tags":[3983,3981,1519,3982,3984],"class_list":["post-10493","post","type-post","status-publish","format-standard","hentry","category-cultura-cine-tv-series","category-cultura","category-cultura-musica","tag-aniversario","tag-comuna-15","tag-cultura-popular","tag-parque-chas","tag-primer-centenario"],"jetpack_publicize_connections":[],"_links":{"self":[{"href":"https:\/\/www.enorsai.com\/noticias\/wp-json\/wp\/v2\/posts\/10493","targetHints":{"allow":["GET"]}}],"collection":[{"href":"https:\/\/www.enorsai.com\/noticias\/wp-json\/wp\/v2\/posts"}],"about":[{"href":"https:\/\/www.enorsai.com\/noticias\/wp-json\/wp\/v2\/types\/post"}],"author":[{"embeddable":true,"href":"https:\/\/www.enorsai.com\/noticias\/wp-json\/wp\/v2\/users\/15"}],"replies":[{"embeddable":true,"href":"https:\/\/www.enorsai.com\/noticias\/wp-json\/wp\/v2\/comments?post=10493"}],"version-history":[{"count":4,"href":"https:\/\/www.enorsai.com\/noticias\/wp-json\/wp\/v2\/posts\/10493\/revisions"}],"predecessor-version":[{"id":10555,"href":"https:\/\/www.enorsai.com\/noticias\/wp-json\/wp\/v2\/posts\/10493\/revisions\/10555"}],"wp:attachment":[{"href":"https:\/\/www.enorsai.com\/noticias\/wp-json\/wp\/v2\/media?parent=10493"}],"wp:term":[{"taxonomy":"category","embeddable":true,"href":"https:\/\/www.enorsai.com\/noticias\/wp-json\/wp\/v2\/categories?post=10493"},{"taxonomy":"post_tag","embeddable":true,"href":"https:\/\/www.enorsai.com\/noticias\/wp-json\/wp\/v2\/tags?post=10493"}],"curies":[{"name":"wp","href":"https:\/\/api.w.org\/{rel}","templated":true}]}}