{"id":1048,"date":"2025-02-11T07:27:07","date_gmt":"2025-02-11T10:27:07","guid":{"rendered":"https:\/\/www.enorsai.com\/noticias\/?p=1048"},"modified":"2025-02-11T07:27:07","modified_gmt":"2025-02-11T10:27:07","slug":"la-falta-de-luz-se-agudiza-en-buenos-aires-340-000-hogares-sufren-las-consecuencias-de-la-crisis-energetica","status":"publish","type":"post","link":"https:\/\/www.enorsai.com\/noticias\/sociedad\/la-falta-de-luz-se-agudiza-en-buenos-aires-340-000-hogares-sufren-las-consecuencias-de-la-crisis-energetica\/","title":{"rendered":"La falta de luz se agudiza en Buenos Aires: 340.000 hogares sufren las consecuencias de la crisis energ\u00e9tica"},"content":{"rendered":"\n<h2 class=\"wp-block-heading\">La tormenta agudiza una crisis preexistente, marcada por la falta de inversi\u00f3n y la desidia gubernamental.<\/h2>\n\n\n\n<p>Mientras el gobierno de Javier Milei mira hacia otro lado, la falta de luz se ha convertido en una pesadilla para miles de familias en el \u00c1rea Metropolitana de Buenos Aires. La tormenta reciente no hizo m\u00e1s que agravar una situaci\u00f3n que ya era cr\u00edtica debido a la desinversi\u00f3n en infraestructura y la ineficiencia del sistema energ\u00e9tico.<\/p>\n\n\n\n<p>La situaci\u00f3n es alarmante. A esta hora, 340.000 usuarios se encuentran a oscuras en el AMBA, seg\u00fan datos proporcionados por Juan Strasnoy en su columna para Radio 10 &#8211; Ma\u00f1ana Sylvestre. Las empresas Edenor y Edesur, encargadas del suministro el\u00e9ctrico en la regi\u00f3n, reportan 231.000 y 108.000 usuarios afectados respectivamente.<\/p>\n\n\n\n<figure class=\"wp-block-embed is-type-wp-embed is-provider-incrustado wp-block-embed-incrustado\"><div class=\"wp-block-embed__wrapper\">\n<blockquote class=\"wp-embedded-content\" data-secret=\"Vol9LvFLNq\"><a href=\"https:\/\/www.enorsai.com\/noticias\/sociedad\/datos-del-gobierno-se-perdieron-185-000-puestos-de-trabajo-registrado-en-un-ano-y-el-empleo-sigue-cayendo\/\">Datos del Gobierno: se perdieron 185.000 puestos de trabajo registrado en un a\u00f1o, y el empleo sigue cayendo<\/a><\/blockquote><iframe loading=\"lazy\" class=\"wp-embedded-content\" sandbox=\"allow-scripts\" security=\"restricted\" style=\"position: absolute; visibility: hidden;\" title=\"\u00abDatos del Gobierno: se perdieron 185.000 puestos de trabajo registrado en un a\u00f1o, y el empleo sigue cayendo\u00bb \u2014 \" src=\"https:\/\/www.enorsai.com\/noticias\/sociedad\/datos-del-gobierno-se-perdieron-185-000-puestos-de-trabajo-registrado-en-un-ano-y-el-empleo-sigue-cayendo\/embed\/#?secret=78EdNgBqsl#?secret=Vol9LvFLNq\" data-secret=\"Vol9LvFLNq\" width=\"600\" height=\"338\" frameborder=\"0\" marginwidth=\"0\" marginheight=\"0\" scrolling=\"no\"><\/iframe>\n<\/div><\/figure>\n\n\n\n<p>Pero esto no es un hecho aislado. La falta de luz se ha convertido en una constante en la vida de los bonaerenses, con cifras similares reportadas tambi\u00e9n ayer, superando los 200.000 usuarios sin suministro el\u00e9ctrico.<\/p>\n\n\n\n<p>La crisis energ\u00e9tica no es un fen\u00f3meno nuevo. Ya la semana pasada, las provincias del norte del pa\u00eds, como Chaco, Formosa y Corrientes, sufrieron cortes masivos de energ\u00eda debido a fallas en las redes de media tensi\u00f3n.<\/p>\n\n\n\n<p>La situaci\u00f3n se ha visto agravada por la ola de calor, que ha elevado el consumo de energ\u00eda a niveles r\u00e9cord, superando los 30.000 megawatts. Este aumento en la demanda, sumado a la falta de inversi\u00f3n en infraestructura, ha provocado un colapso del sistema el\u00e9ctrico.<\/p>\n\n\n\n<p>Pero la crisis no se limita a la falta de infraestructura. Tambi\u00e9n hay problemas con el abastecimiento de energ\u00eda. Seg\u00fan Strasnoy, \u00absi no fuera por la energ\u00eda de Brasil directamente, el colapso hubiera sido mucho mayor o el faltante de energ\u00eda hubiera sido mucho mayor\u00bb.<\/p>\n\n\n\n<figure class=\"wp-block-embed is-type-wp-embed is-provider-incrustado wp-block-embed-incrustado\"><div class=\"wp-block-embed__wrapper\">\n<blockquote class=\"wp-embedded-content\" data-secret=\"No6FVexb5k\"><a href=\"https:\/\/www.enorsai.com\/noticias\/uncategorized\/mercedes-benz-abandona-argentina-vendieron-la-planta-a-un-grupo-empresarial-local-alerta-por-posibles-despidos\/\">Mercedes-Benz abandona Argentina: Vendieron la planta a un grupo empresarial local, alerta por posibles despidos<\/a><\/blockquote><iframe loading=\"lazy\" class=\"wp-embedded-content\" sandbox=\"allow-scripts\" security=\"restricted\" style=\"position: absolute; visibility: hidden;\" title=\"\u00abMercedes-Benz abandona Argentina: Vendieron la planta a un grupo empresarial local, alerta por posibles despidos\u00bb \u2014 \" src=\"https:\/\/www.enorsai.com\/noticias\/uncategorized\/mercedes-benz-abandona-argentina-vendieron-la-planta-a-un-grupo-empresarial-local-alerta-por-posibles-despidos\/embed\/#?secret=E4ECfX9nOo#?secret=No6FVexb5k\" data-secret=\"No6FVexb5k\" width=\"600\" height=\"338\" frameborder=\"0\" marginwidth=\"0\" marginheight=\"0\" scrolling=\"no\"><\/iframe>\n<\/div><\/figure>\n\n\n\n<p>La falta de luz no es solo un inconveniente, es un problema que afecta la calidad de vida de las personas. Sin electricidad, no se pueden conservar los alimentos, no se pueden utilizar electrodom\u00e9sticos, no se pueden estudiar ni trabajar. Adem\u00e1s, la falta de luz puede generar inseguridad y aumentar el riesgo de accidentes.<\/p>\n\n\n\n<p>La situaci\u00f3n es insostenible. El gobierno de Javier Milei no puede seguir mirando hacia otro lado mientras miles de familias sufren las consecuencias de su desidia. Es necesario tomar medidas urgentes para solucionar la crisis energ\u00e9tica, invirtiendo en infraestructura, mejorando la eficiencia del sistema y garantizando el acceso a la energ\u00eda para todos los ciudadanos.<\/p>\n","protected":false},"excerpt":{"rendered":"<p>La tormenta agudiza una crisis preexistente, marcada por la falta de inversi\u00f3n y la desidia gubernamental. Mientras el gobierno de Javier Milei mira hacia otro lado, la falta de luz se ha convertido en una pesadilla para miles de familias en el \u00c1rea Metropolitana de Buenos Aires. La tormenta reciente no hizo m\u00e1s que agravar&#8230;<\/p>\n","protected":false},"author":4,"featured_media":1049,"comment_status":"open","ping_status":"open","sticky":false,"template":"","format":"standard","meta":{"_monsterinsights_skip_tracking":false,"_monsterinsights_sitenote_active":false,"_monsterinsights_sitenote_note":"","_monsterinsights_sitenote_category":0,"footnotes":"","jetpack_publicize_message":"","jetpack_publicize_feature_enabled":true,"jetpack_social_post_already_shared":true,"jetpack_social_options":{"image_generator_settings":{"template":"highway","default_image_id":0,"font":"","enabled":false},"version":2}},"categories":[4],"tags":[58,420,93,133,418,419,106],"class_list":["post-1048","post","type-post","status-publish","format-standard","has-post-thumbnail","hentry","category-sociedad","tag-ajuste","tag-amba","tag-argentina","tag-buenosaires","tag-cortes-de-luz","tag-crisis-energetica","tag-javier-milei"],"jetpack_publicize_connections":[],"_links":{"self":[{"href":"https:\/\/www.enorsai.com\/noticias\/wp-json\/wp\/v2\/posts\/1048","targetHints":{"allow":["GET"]}}],"collection":[{"href":"https:\/\/www.enorsai.com\/noticias\/wp-json\/wp\/v2\/posts"}],"about":[{"href":"https:\/\/www.enorsai.com\/noticias\/wp-json\/wp\/v2\/types\/post"}],"author":[{"embeddable":true,"href":"https:\/\/www.enorsai.com\/noticias\/wp-json\/wp\/v2\/users\/4"}],"replies":[{"embeddable":true,"href":"https:\/\/www.enorsai.com\/noticias\/wp-json\/wp\/v2\/comments?post=1048"}],"version-history":[{"count":1,"href":"https:\/\/www.enorsai.com\/noticias\/wp-json\/wp\/v2\/posts\/1048\/revisions"}],"predecessor-version":[{"id":1050,"href":"https:\/\/www.enorsai.com\/noticias\/wp-json\/wp\/v2\/posts\/1048\/revisions\/1050"}],"wp:featuredmedia":[{"embeddable":true,"href":"https:\/\/www.enorsai.com\/noticias\/wp-json\/wp\/v2\/media\/1049"}],"wp:attachment":[{"href":"https:\/\/www.enorsai.com\/noticias\/wp-json\/wp\/v2\/media?parent=1048"}],"wp:term":[{"taxonomy":"category","embeddable":true,"href":"https:\/\/www.enorsai.com\/noticias\/wp-json\/wp\/v2\/categories?post=1048"},{"taxonomy":"post_tag","embeddable":true,"href":"https:\/\/www.enorsai.com\/noticias\/wp-json\/wp\/v2\/tags?post=1048"}],"curies":[{"name":"wp","href":"https:\/\/api.w.org\/{rel}","templated":true}]}}