{"id":10441,"date":"2025-10-30T09:26:22","date_gmt":"2025-10-30T12:26:22","guid":{"rendered":"https:\/\/www.enorsai.com\/noticias\/?p=10441"},"modified":"2025-10-30T09:26:25","modified_gmt":"2025-10-30T12:26:25","slug":"el-peronismo-retuvo-san-juan-y-dejo-a-milei-tercero-en-las-legislativas","status":"publish","type":"post","link":"https:\/\/www.enorsai.com\/noticias\/politica\/el-peronismo-retuvo-san-juan-y-dejo-a-milei-tercero-en-las-legislativas\/","title":{"rendered":"El peronismo retuvo San Juan y dej\u00f3 a Milei tercero en las legislativas"},"content":{"rendered":"\n<p><strong><em>Con el escrutinio pr\u00e1cticamente finalizado, Fuerza San Juan se impuso con el 34,44 % y obtuvo una banca, al igual que Por San Juan (31,02 %) y La Libertad Avanza (26 %). Los resultados muestran un retroceso de la fuerza oficialista nacional y la persistencia del voto peronista en el interior.<\/em><\/strong><\/p>\n\n\n\n<p>En un contexto de crisis econ\u00f3mica y tensiones entre Naci\u00f3n y provincias, los sanjuaninos votaron con un claro mensaje: la agenda de ajuste del Gobierno de Javier Milei no encuentra eco en las urnas locales. La elecci\u00f3n provincial deja un escenario tripartito, donde el peronismo conserva su base, la oposici\u00f3n local mantiene su caudal y el oficialismo liberal pierde el impulso de 2023.<\/p>\n\n\n\n<p>La provincia de <strong>San Juan<\/strong> se convirti\u00f3 en una de las postales pol\u00edticas m\u00e1s significativas de las elecciones legislativas del domingo. Con el 99,55 % de las mesas escrutadas, los resultados muestran un <strong>equilibrio pol\u00edtico<\/strong>, pero con un <strong>claro mensaje de resistencia al proyecto econ\u00f3mico nacional<\/strong> encabezado por Javier Milei.<\/p>\n\n\n\n<p>El frente <strong>Fuerza San Juan<\/strong>, que nuclea al peronismo provincial, alcanz\u00f3 el <strong>34,44 %<\/strong> de los votos (146.856 sufragios), lo que le permite retener una banca en la C\u00e1mara de Diputados. En segundo lugar, <strong>Por San Juan<\/strong>, ligado a estructuras opositoras de centro y con apoyo de sectores independientes, consigui\u00f3 el <strong>31,02 %<\/strong> (132.286 votos). En tercer puesto, <strong>La Libertad Avanza<\/strong> obtuvo el <strong>26 %<\/strong> (110.864 votos), marcando una <strong>ca\u00edda importante respecto a su desempe\u00f1o nacional en 2023<\/strong>.<\/p>\n\n\n\n<p>El reparto de las <strong>tres bancas en juego<\/strong> qued\u00f3 entonces con un esca\u00f1o para cada fuerza, lo que refleja una paridad competitiva pero tambi\u00e9n un reacomodamiento pol\u00edtico profundo: <strong>el electorado sanjuanino no acompa\u00f1\u00f3 el rumbo libertario del Gobierno nacional<\/strong>.<\/p>\n\n\n\n<p>Este resultado cobra mayor relevancia al compararse con la fuerte presencia que Milei hab\u00eda logrado en San Juan durante las presidenciales pasadas, cuando su discurso antisistema y de \u201cmotosierra\u201d sedujo a amplios sectores desencantados. Dos a\u00f1os despu\u00e9s, <strong>la promesa de \u201clibertad\u201d se tradujo en recortes, inflaci\u00f3n y conflictividad social<\/strong>, erosionando su capital pol\u00edtico incluso en territorios donde hab\u00eda tenido adhesi\u00f3n.<\/p>\n\n\n\n<p>El gobernador peronista <strong>Marcelo Orrego<\/strong> (si bien responde a un armado provincialista con v\u00ednculos al radicalismo, ha tomado distancia de Milei) se encuentra ahora frente a un mapa pol\u00edtico m\u00e1s fragmentado pero con capacidad para negociar con los bloques nacionales. El desempe\u00f1o de <em>Fuerza San Juan<\/em> reafirma que el peronismo local mantiene ra\u00edces s\u00f3lidas en la estructura territorial y un discurso que conecta con las necesidades reales: producci\u00f3n, miner\u00eda, salarios y obra p\u00fablica.<\/p>\n\n\n\n<p>Mientras tanto, el espacio <em>Por San Juan<\/em> consolid\u00f3 un electorado estable, articulando discursos de gesti\u00f3n y moderaci\u00f3n, lo que lo posiciona como un actor clave en la disputa provincial. Su crecimiento muestra que parte del voto opositor a Milei prefiri\u00f3 una opci\u00f3n local antes que sumarse a la propuesta libertaria.<\/p>\n\n\n\n<p>El <strong>26 % de La Libertad Avanza<\/strong> evidencia el desgaste del oficialismo nacional en las provincias del interior. La p\u00e9rdida de casi diez puntos respecto a su performance anterior puede leerse como una <strong>advertencia<\/strong> para la Casa Rosada: el discurso de ajuste permanente y desprecio por el federalismo no rinde pol\u00edticamente cuando los bolsillos del interior profundo se vac\u00edan y las econom\u00edas regionales se paralizan por falta de inversi\u00f3n estatal.<\/p>\n\n\n\n<figure class=\"wp-block-image size-large\"><img loading=\"lazy\" decoding=\"async\" width=\"612\" height=\"1024\" src=\"https:\/\/www.enorsai.com\/noticias\/wp-content\/uploads\/2025\/10\/WhatsApp-Image-2025-10-30-at-09.15.46-612x1024.jpeg\" alt=\"\" class=\"wp-image-10443\" srcset=\"https:\/\/www.enorsai.com\/noticias\/wp-content\/uploads\/2025\/10\/WhatsApp-Image-2025-10-30-at-09.15.46-612x1024.jpeg 612w, https:\/\/www.enorsai.com\/noticias\/wp-content\/uploads\/2025\/10\/WhatsApp-Image-2025-10-30-at-09.15.46-179x300.jpeg 179w, https:\/\/www.enorsai.com\/noticias\/wp-content\/uploads\/2025\/10\/WhatsApp-Image-2025-10-30-at-09.15.46-768x1285.jpeg 768w, https:\/\/www.enorsai.com\/noticias\/wp-content\/uploads\/2025\/10\/WhatsApp-Image-2025-10-30-at-09.15.46-918x1536.jpeg 918w, https:\/\/www.enorsai.com\/noticias\/wp-content\/uploads\/2025\/10\/WhatsApp-Image-2025-10-30-at-09.15.46.jpeg 956w\" sizes=\"auto, (max-width: 612px) 100vw, 612px\" \/><\/figure>\n\n\n\n<p>En San Juan, los recortes de transferencias y los atrasos en obras viales y energ\u00e9ticas golpearon de lleno. Los municipios vieron caer la coparticipaci\u00f3n real, los salarios estatales perdieron poder adquisitivo y los programas sociales fueron reducidos o eliminados. Todo eso repercuti\u00f3 en las urnas.<\/p>\n\n\n\n<p>El <strong>voto peronista<\/strong> funcion\u00f3 como un dique frente al descontento con el modelo nacional: no por nostalgia, sino por supervivencia. En los departamentos m\u00e1s postergados, la consigna fue clara: <em>\u201ccon Milei no se come\u201d<\/em>. El mismo fen\u00f3meno se repite en otras provincias del oeste argentino, donde el peso del Estado sigue siendo vital para sostener la econom\u00eda.<\/p>\n\n\n\n<p>Por otra parte, <strong>la elecci\u00f3n sanjuanina muestra que el discurso liberal no logr\u00f3 instalar un relato de futuro<\/strong>. A diferencia de 2023, cuando el enojo funcion\u00f3 como motor electoral, hoy prima la evaluaci\u00f3n concreta de la gesti\u00f3n: inflaci\u00f3n descontrolada, ca\u00edda del consumo, par\u00e1lisis educativa y cient\u00edfica, y deterioro del empleo. En ese marco, el voto castigo se canaliz\u00f3 de modo plural, pero principalmente hacia las opciones provinciales.<\/p>\n\n\n\n<p>El resultado, aunque ajustado, <strong>reordena el tablero pol\u00edtico de San Juan<\/strong>. Ninguna fuerza logr\u00f3 imponerse de manera contundente, pero la se\u00f1al es inequ\u00edvoca: <strong>el proyecto ultraliberal de Milei retrocede<\/strong>, mientras las estructuras locales \u2014tanto peronistas como moderadas\u2014 recuperan protagonismo.<\/p>\n\n\n\n<p>En clave nacional, San Juan se suma a una tendencia que ya se percibe en R\u00edo Negro, Misiones y Tucum\u00e1n: <strong>la reconstrucci\u00f3n de los frentes provinciales frente al vaciamiento del Estado nacional<\/strong>. El mensaje al Gobierno es claro: sin redistribuci\u00f3n, sin obra p\u00fablica y sin respeto por el federalismo, el interior no acompa\u00f1a.<\/p>\n\n\n\n<p>La foto final deja un Congreso m\u00e1s equilibrado, con una representaci\u00f3n que refleja la diversidad pol\u00edtica del pa\u00eds. Pero tambi\u00e9n expone una fractura entre la Casa Rosada y los gobiernos provinciales que podr\u00eda profundizarse en el debate por el Presupuesto 2026, especialmente en los fondos universitarios y las partidas sociales.<\/p>\n\n\n\n<p>La elecci\u00f3n sanjuanina, en definitiva, es un term\u00f3metro: <strong>el ajuste tiene costos pol\u00edticos<\/strong>. Y San Juan, una vez m\u00e1s, vot\u00f3 con memoria y con hambre de justicia social.<\/p>\n\n\n\n<p><\/p>\n\n\n\n<p><\/p>\n","protected":false},"excerpt":{"rendered":"<p>Con el escrutinio pr\u00e1cticamente finalizado, Fuerza San Juan se impuso con el 34,44 % y obtuvo una banca, al igual que Por San Juan (31,02 %) y La Libertad Avanza (26 %). Los resultados muestran un retroceso de la fuerza oficialista nacional y la persistencia del voto peronista en el interior. En un contexto de&#8230;<\/p>\n","protected":false},"author":13,"featured_media":10442,"comment_status":"open","ping_status":"open","sticky":false,"template":"","format":"standard","meta":{"_monsterinsights_skip_tracking":false,"_monsterinsights_sitenote_active":false,"_monsterinsights_sitenote_note":"","_monsterinsights_sitenote_category":0,"footnotes":"","jetpack_publicize_message":"","jetpack_publicize_feature_enabled":true,"jetpack_social_post_already_shared":true,"jetpack_social_options":{"image_generator_settings":{"template":"highway","default_image_id":0,"font":"","enabled":false},"version":2}},"categories":[3949,2],"tags":[1411,3980,106,446,3979],"class_list":["post-10441","post","type-post","status-publish","format-standard","has-post-thumbnail","hentry","category-elecciones","category-politica","tag-elecciones-2025","tag-fuerza-san-juan","tag-javier-milei","tag-la-libertad-avanza","tag-san-juan"],"jetpack_publicize_connections":[],"_links":{"self":[{"href":"https:\/\/www.enorsai.com\/noticias\/wp-json\/wp\/v2\/posts\/10441","targetHints":{"allow":["GET"]}}],"collection":[{"href":"https:\/\/www.enorsai.com\/noticias\/wp-json\/wp\/v2\/posts"}],"about":[{"href":"https:\/\/www.enorsai.com\/noticias\/wp-json\/wp\/v2\/types\/post"}],"author":[{"embeddable":true,"href":"https:\/\/www.enorsai.com\/noticias\/wp-json\/wp\/v2\/users\/13"}],"replies":[{"embeddable":true,"href":"https:\/\/www.enorsai.com\/noticias\/wp-json\/wp\/v2\/comments?post=10441"}],"version-history":[{"count":1,"href":"https:\/\/www.enorsai.com\/noticias\/wp-json\/wp\/v2\/posts\/10441\/revisions"}],"predecessor-version":[{"id":10444,"href":"https:\/\/www.enorsai.com\/noticias\/wp-json\/wp\/v2\/posts\/10441\/revisions\/10444"}],"wp:featuredmedia":[{"embeddable":true,"href":"https:\/\/www.enorsai.com\/noticias\/wp-json\/wp\/v2\/media\/10442"}],"wp:attachment":[{"href":"https:\/\/www.enorsai.com\/noticias\/wp-json\/wp\/v2\/media?parent=10441"}],"wp:term":[{"taxonomy":"category","embeddable":true,"href":"https:\/\/www.enorsai.com\/noticias\/wp-json\/wp\/v2\/categories?post=10441"},{"taxonomy":"post_tag","embeddable":true,"href":"https:\/\/www.enorsai.com\/noticias\/wp-json\/wp\/v2\/tags?post=10441"}],"curies":[{"name":"wp","href":"https:\/\/api.w.org\/{rel}","templated":true}]}}