{"id":1044,"date":"2025-02-11T11:00:00","date_gmt":"2025-02-11T14:00:00","guid":{"rendered":"http:\/\/www.enorsai.com\/noticias\/?p=1044"},"modified":"2025-02-11T10:09:35","modified_gmt":"2025-02-11T13:09:35","slug":"la-justicia-avanza-sobre-los-crimenes-de-lesa-humanidad-cometidos-por-el-v-cuerpo-del-ejercito-durante-la-dictadura","status":"publish","type":"post","link":"https:\/\/www.enorsai.com\/noticias\/sociedad\/la-justicia-avanza-sobre-los-crimenes-de-lesa-humanidad-cometidos-por-el-v-cuerpo-del-ejercito-durante-la-dictadura\/","title":{"rendered":"La justicia avanza sobre los cr\u00edmenes de lesa humanidad cometidos por el V Cuerpo del Ej\u00e9rcito durante la dictadura"},"content":{"rendered":"\n<p><strong><em>El juicio por la Megacausa Zona V, que investiga los cr\u00edmenes de lesa humanidad cometidos contra 321 v\u00edctimas durante la \u00faltima dictadura militar, se reanud\u00f3 con la contundencia de testimonios y pruebas que desnudan el aparato represivo estatal. Mientras tanto, el gobierno de Javier Milei perpet\u00faa el negacionismo, debilitando la lucha por la memoria, la verdad y la justicia.<br><\/em><\/strong><br>El lunes pasado, en Bah\u00eda Blanca, se reanud\u00f3 uno de los juicios m\u00e1s significativos para la memoria hist\u00f3rica argentina: la Megacausa Zona V. Este proceso judicial, iniciado en febrero de 2022, expone las entra\u00f1as del aparato represivo de la \u00faltima dictadura militar, liderado por el V Cuerpo del Ej\u00e9rcito, que operaba en el sur de la provincia de Buenos Aires y las provincias de R\u00edo Negro y Neuqu\u00e9n. Con 34 imputados acusados de cr\u00edmenes de lesa humanidad contra 321 v\u00edctimas, el juicio no s\u00f3lo busca justicia para los sobrevivientes y sus familias, sino tambi\u00e9n preservar la memoria de un pa\u00eds que enfrenta nuevos embates negacionistas desde las m\u00e1ximas esferas del poder.<br><br>El proceso ha contado con 121 audiencias y la declaraci\u00f3n de 189 testigos, cuyos relatos reconstruyen el horror de un entramado criminal planificado y ejecutado desde el Estado. Las inspecciones oculares realizadas en la Unidad Regional V de la Polic\u00eda Bonaerense y el Batall\u00f3n de Comunicaciones 181 aportaron pruebas contundentes que confirman la existencia de centros clandestinos de detenci\u00f3n y tortura.<\/p>\n\n\n\n<figure class=\"wp-block-embed is-type-wp-embed is-provider-incrustar-wordpress wp-block-embed-incrustar-wordpress\"><div class=\"wp-block-embed__wrapper\">\n<blockquote class=\"wp-embedded-content\" data-secret=\"tzDKpD8RNP\"><a href=\"https:\/\/www.enorsai.com\/noticias\/politica\/bullrich-promete-regalar-casas-del-procrear-a-los-gendarmes\/\">Bullrich promete regalar casas del PROCREAR a los gendarmes<\/a><\/blockquote><iframe loading=\"lazy\" class=\"wp-embedded-content\" sandbox=\"allow-scripts\" security=\"restricted\" style=\"position: absolute; visibility: hidden;\" title=\"\u00abBullrich promete regalar casas del PROCREAR a los gendarmes\u00bb \u2014 \" src=\"https:\/\/www.enorsai.com\/noticias\/politica\/bullrich-promete-regalar-casas-del-procrear-a-los-gendarmes\/embed\/#?secret=RYtqNEBY8r#?secret=tzDKpD8RNP\" data-secret=\"tzDKpD8RNP\" width=\"600\" height=\"338\" frameborder=\"0\" marginwidth=\"0\" marginheight=\"0\" scrolling=\"no\"><\/iframe>\n<\/div><\/figure>\n\n\n\n<p><br><br>Sin embargo, mientras la justicia intenta saldar una deuda hist\u00f3rica, el gobierno de Javier Milei promueve un discurso que relativiza el terrorismo de Estado. El negacionismo no es solo una opini\u00f3n; es un acto pol\u00edtico que busca deslegitimar las conquistas en derechos humanos, banalizar el genocidio y reescribir la historia desde la impunidad. Las omisiones y silencios del actual gobierno ante estos juicios no son casuales: responden a una matriz ideol\u00f3gica que minimiza el impacto del terrorismo de Estado y criminaliza la memoria colectiva.<br><br>En octubre pasado, la Unidad Fiscal de Derechos Humanos de Bah\u00eda Blanca, integrada por el fiscal general Miguel \u00c1ngel Palazzani y los auxiliares fiscales Pablo Vicente Fermento y Paula Daniela Molini, solicit\u00f3 la prisi\u00f3n perpetua para veinte de los imputados y penas de entre 18 y 25 a\u00f1os para los restantes. Las querellas de H.I.J.O.S. Bah\u00eda Blanca y la Secretar\u00eda de Derechos Humanos de la Naci\u00f3n tambi\u00e9n han desempe\u00f1ado un papel crucial en la construcci\u00f3n del caso.<br><br>En la \u00faltima audiencia, los representantes de la Subsecretar\u00eda de Derechos Humanos de la provincia de Buenos Aires concluyeron su alegato, reforzando la necesidad de condenas ejemplares. Las pr\u00f3ximas jornadas est\u00e1n previstas para el 13, 20 y 27 de febrero y el 6, 13, 20 y 27 de marzo. Cada sesi\u00f3n es un acto de resistencia contra el olvido y la indiferencia institucional.<br><br>El fallecimiento del imputado H\u00e9ctor Luis Selaya, exdirector de la Unidad Penitenciaria N\u00ba4 de Bah\u00eda Blanca, para quien se hab\u00eda solicitado una pena de 25 a\u00f1os, pone de relieve la urgencia de estos juicios. La biolog\u00eda no puede ser la excusa para la impunidad. Cada d\u00eda que pasa sin sentencia firme es una victoria para los c\u00f3mplices del silencio.<br><br>Este juicio tambi\u00e9n interpela a la sociedad. En un contexto donde el gobierno nacional busca desmantelar pol\u00edticas de memoria y derechos humanos, el compromiso ciudadano es fundamental. No se trata solo de un pasado que duele; es un presente que peligra.<br><br>La Megacausa Zona V nos recuerda que la justicia no es un acto aislado del devenir pol\u00edtico. Es un reflejo de c\u00f3mo una sociedad elige enfrentar su historia. En tiempos de negacionismo institucional, defender la memoria es un acto de rebeld\u00eda. Y de justicia.<\/p>\n\n\n\n<p><strong>Fuente:<\/strong><\/p>\n\n\n\n<ul class=\"wp-block-list\">\n<li><a href=\"https:\/\/www.fiscales.gob.ar\/lesa-humanidad\/bahia-blanca-se-reanudo-el-juicio-megacausa-zona-v-donde-se-juzgan-a-34-imputados-por-los-crimenes-de-lesa-humanidad-cometidos-contra-321-victimas\/\">https:\/\/www.fiscales.gob.ar\/lesa-humanidad\/bahia-blanca-se-reanudo-el-juicio-megacausa-zona-v-donde-se-juzgan-a-34-imputados-por-los-crimenes-de-lesa-humanidad-cometidos-contra-321-victimas\/<\/a><\/li>\n<\/ul>\n\n\n","protected":false},"excerpt":{"rendered":"<p>El juicio por la Megacausa Zona V, que investiga los cr\u00edmenes de lesa humanidad cometidos contra 321 v\u00edctimas durante la \u00faltima dictadura militar, se reanud\u00f3 con la contundencia de testimonios y pruebas que desnudan el aparato represivo estatal. Mientras tanto, el gobierno de Javier Milei perpet\u00faa el negacionismo, debilitando la lucha por la memoria, la&#8230;<\/p>\n","protected":false},"author":1,"featured_media":1068,"comment_status":"open","ping_status":"open","sticky":false,"template":"","format":"standard","meta":{"_monsterinsights_skip_tracking":false,"_monsterinsights_sitenote_active":false,"_monsterinsights_sitenote_note":"","_monsterinsights_sitenote_category":0,"footnotes":"","jetpack_publicize_message":"","jetpack_publicize_feature_enabled":true,"jetpack_social_post_already_shared":true,"jetpack_social_options":{"image_generator_settings":{"template":"highway","default_image_id":0,"font":"","enabled":false},"version":2}},"categories":[4],"tags":[432,78,207,70],"class_list":["post-1044","post","type-post","status-publish","format-standard","has-post-thumbnail","hentry","category-sociedad","tag-ddhh","tag-derechos-humanos","tag-dictadura","tag-justicia"],"jetpack_publicize_connections":[],"_links":{"self":[{"href":"https:\/\/www.enorsai.com\/noticias\/wp-json\/wp\/v2\/posts\/1044","targetHints":{"allow":["GET"]}}],"collection":[{"href":"https:\/\/www.enorsai.com\/noticias\/wp-json\/wp\/v2\/posts"}],"about":[{"href":"https:\/\/www.enorsai.com\/noticias\/wp-json\/wp\/v2\/types\/post"}],"author":[{"embeddable":true,"href":"https:\/\/www.enorsai.com\/noticias\/wp-json\/wp\/v2\/users\/1"}],"replies":[{"embeddable":true,"href":"https:\/\/www.enorsai.com\/noticias\/wp-json\/wp\/v2\/comments?post=1044"}],"version-history":[{"count":2,"href":"https:\/\/www.enorsai.com\/noticias\/wp-json\/wp\/v2\/posts\/1044\/revisions"}],"predecessor-version":[{"id":1069,"href":"https:\/\/www.enorsai.com\/noticias\/wp-json\/wp\/v2\/posts\/1044\/revisions\/1069"}],"wp:featuredmedia":[{"embeddable":true,"href":"https:\/\/www.enorsai.com\/noticias\/wp-json\/wp\/v2\/media\/1068"}],"wp:attachment":[{"href":"https:\/\/www.enorsai.com\/noticias\/wp-json\/wp\/v2\/media?parent=1044"}],"wp:term":[{"taxonomy":"category","embeddable":true,"href":"https:\/\/www.enorsai.com\/noticias\/wp-json\/wp\/v2\/categories?post=1044"},{"taxonomy":"post_tag","embeddable":true,"href":"https:\/\/www.enorsai.com\/noticias\/wp-json\/wp\/v2\/tags?post=1044"}],"curies":[{"name":"wp","href":"https:\/\/api.w.org\/{rel}","templated":true}]}}