{"id":10438,"date":"2025-10-30T09:09:27","date_gmt":"2025-10-30T12:09:27","guid":{"rendered":"https:\/\/www.enorsai.com\/noticias\/?p=10438"},"modified":"2025-10-30T09:09:32","modified_gmt":"2025-10-30T12:09:32","slug":"fuerza-patria-se-quedo-con-la-mayoria-en-catamarca-y-marco-un-freno-politico-a-javier-milei-en-una-provincia-clave-del-norte","status":"publish","type":"post","link":"https:\/\/www.enorsai.com\/noticias\/politica\/fuerza-patria-se-quedo-con-la-mayoria-en-catamarca-y-marco-un-freno-politico-a-javier-milei-en-una-provincia-clave-del-norte\/","title":{"rendered":"Fuerza Patria se qued\u00f3 con la mayor\u00eda en Catamarca y marc\u00f3 un freno pol\u00edtico a Javier Milei en una provincia clave del norte"},"content":{"rendered":"\n<p>El resultado electoral en la provincia de <strong>Catamarca<\/strong> volvi\u00f3 a poner sobre la mesa una tendencia que el oficialismo nacional intenta disimular: el avance sostenido de las fuerzas provinciales y del peronismo territorial frente al desgaste del proyecto libertario. Con el <strong>97,37% de las mesas escrutadas<\/strong>, la fuerza <strong>Fuerza Patria<\/strong> se impuso con el <strong>45,66% de los votos (97.988 sufragios)<\/strong>, asegur\u00e1ndose <strong>dos de las tres bancas<\/strong> de diputados nacionales en juego. En segundo lugar qued\u00f3 <strong>La Libertad Avanza<\/strong>, con <strong>el 33,63% (72.176 votos)<\/strong>, que solo consigui\u00f3 <strong>una banca<\/strong>, mientras que <strong>Somos Provincias Unidas-Catamarca (UCR-Radicalismo)<\/strong> qued\u00f3 relegada con <strong>el 6,49% (13.928 votos)<\/strong>, sin representaci\u00f3n parlamentaria.<\/p>\n\n\n\n<p>La lectura pol\u00edtica de estos n\u00fameros trasciende los l\u00edmites de la provincia. En un contexto nacional signado por el ajuste, la inflaci\u00f3n persistente y el deterioro de los salarios, los votantes catamarque\u00f1os parecen haber dado una respuesta clara: no avalan el rumbo del gobierno de <strong>Javier Milei<\/strong>. La elecci\u00f3n muestra una fractura entre el discurso ultraliberal y la realidad social de una provincia hist\u00f3ricamente dependiente de la inversi\u00f3n p\u00fablica y de las pol\u00edticas redistributivas.<\/p>\n\n\n\n<p>El voto a Fuerza Patria no es solo un gesto partidario. Es una expresi\u00f3n de resistencia. La provincia, con su econom\u00eda basada en la miner\u00eda, el empleo estatal y los programas sociales, ha sufrido de lleno los recortes del presupuesto nacional y la par\u00e1lisis de obras p\u00fablicas que dej\u00f3 sin trabajo a miles de familias. En ese escenario, los candidatos alineados con el oficialismo libertario enfrentaron un rechazo palpable en barrios populares y localidades del interior, donde el impacto del ajuste fue inmediato.<\/p>\n\n\n\n<p>Mientras Milei se vanagloria de los n\u00fameros macroecon\u00f3micos y de la supuesta \u201crecuperaci\u00f3n de la confianza inversora\u201d, en provincias como Catamarca la gente vot\u00f3 con la realidad en los bolsillos: salarios congelados, hospitales sin insumos, escuelas con infraestructura deteriorada y un sistema de transporte en crisis. La \u201cmotosierra\u201d del gobierno nacional golpe\u00f3 con fuerza y el resultado en las urnas lo refleja.<\/p>\n\n\n\n<p>La diferencia de <strong>12 puntos porcentuales<\/strong> entre Fuerza Patria y La Libertad Avanza tambi\u00e9n evidencia un agotamiento del discurso antisistema. Los votantes que en 2023 hab\u00edan apostado por la \u201cnueva pol\u00edtica\u201d hoy vuelven a priorizar la estabilidad y la defensa de los recursos provinciales. La experiencia de estos meses mostr\u00f3 que la supuesta eficiencia libertaria se tradujo en desfinanciamiento, improvisaci\u00f3n y un creciente autoritarismo pol\u00edtico.<\/p>\n\n\n\n<p>Catamarca, adem\u00e1s, tiene un peso simb\u00f3lico. Fue uno de los bastiones donde Milei esperaba consolidar su base norte\u00f1a tras el triunfo de 2023, pero el resultado actual marca una p\u00e9rdida sustancial de respaldo. La oposici\u00f3n provincial, nucleada en Fuerza Patria, logr\u00f3 articular un frente amplio que combin\u00f3 peronismo, sindicalismo docente, movimientos sociales y sectores independientes descontentos con el ajuste. El mensaje fue contundente: la gente no come con memes ni promesas de equilibrio fiscal, necesita pol\u00edticas reales.<\/p>\n\n\n\n<p>Los analistas locales interpretan que este resultado podr\u00eda anticipar un nuevo mapa pol\u00edtico en el norte argentino. Provincias como Catamarca, Santiago del Estero, La Rioja y Tucum\u00e1n est\u00e1n mostrando se\u00f1ales de reagrupamiento del peronismo federal frente a un gobierno nacional que parece decidido a recentralizar el poder y a disciplinar econ\u00f3micamente a los gobernadores. La p\u00e9rdida de bancas para La Libertad Avanza tambi\u00e9n implica un golpe legislativo, en un Congreso donde el oficialismo necesita desesperadamente aliados para aprobar sus reformas estructurales.<\/p>\n\n\n\n<p>En Catamarca, la victoria de Fuerza Patria puede leerse como una revalidaci\u00f3n del federalismo. Mientras el gobierno de Milei concentra su discurso en Buenos Aires y en los mercados internacionales, las provincias levantan la voz reclamando autonom\u00eda, recursos y respeto. El mensaje que dejan las urnas es que la pol\u00edtica real no se hace en las redes sociales ni en los sets de televisi\u00f3n, sino en el territorio.<\/p>\n\n\n\n<p>En definitiva, la elecci\u00f3n catamarque\u00f1a reconfigura el escenario pol\u00edtico y marca un punto de inflexi\u00f3n. La promesa libertaria de \u201cterminar con la casta\u201d se diluye frente a la gesti\u00f3n del ajuste, y la sociedad empieza a revalorar a quienes defienden el empleo, la obra p\u00fablica y la soberan\u00eda provincial. Si algo deja claro el 45,66% obtenido por Fuerza Patria es que, incluso en tiempos de desencanto, los pueblos saben distinguir entre los slogans y las pol\u00edticas que garantizan un futuro posible.<\/p>\n\n\n\n<hr class=\"wp-block-separator has-alpha-channel-opacity\"\/>\n\n\n\n<h3 class=\"wp-block-heading\"><strong>Fuentes <\/strong><\/h3>\n\n\n\n<ul class=\"wp-block-list\">\n<li>Direcci\u00f3n Nacional Electoral \u2013 Resultados provisorios elecciones legislativas 2025 \u2013 Provincia de Catamarca<br><a href=\"https:\/\/resultados.gob.ar\">https:\/\/resultados.gob.ar<\/a><\/li>\n<\/ul>\n","protected":false},"excerpt":{"rendered":"<p>El resultado electoral en la provincia de Catamarca volvi\u00f3 a poner sobre la mesa una tendencia que el oficialismo nacional intenta disimular: el avance sostenido de las fuerzas provinciales y del peronismo territorial frente al desgaste del proyecto libertario. Con el 97,37% de las mesas escrutadas, la fuerza Fuerza Patria se impuso con el 45,66%&#8230;<\/p>\n","protected":false},"author":9,"featured_media":10439,"comment_status":"open","ping_status":"open","sticky":false,"template":"","format":"standard","meta":{"_monsterinsights_skip_tracking":false,"_monsterinsights_sitenote_active":false,"_monsterinsights_sitenote_note":"","_monsterinsights_sitenote_category":0,"footnotes":"","jetpack_publicize_message":"","jetpack_publicize_feature_enabled":true,"jetpack_social_post_already_shared":true,"jetpack_social_options":{"image_generator_settings":{"template":"highway","default_image_id":0,"font":"","enabled":false},"version":2}},"categories":[3949,2],"tags":[],"class_list":["post-10438","post","type-post","status-publish","format-standard","has-post-thumbnail","hentry","category-elecciones","category-politica"],"jetpack_publicize_connections":[],"_links":{"self":[{"href":"https:\/\/www.enorsai.com\/noticias\/wp-json\/wp\/v2\/posts\/10438","targetHints":{"allow":["GET"]}}],"collection":[{"href":"https:\/\/www.enorsai.com\/noticias\/wp-json\/wp\/v2\/posts"}],"about":[{"href":"https:\/\/www.enorsai.com\/noticias\/wp-json\/wp\/v2\/types\/post"}],"author":[{"embeddable":true,"href":"https:\/\/www.enorsai.com\/noticias\/wp-json\/wp\/v2\/users\/9"}],"replies":[{"embeddable":true,"href":"https:\/\/www.enorsai.com\/noticias\/wp-json\/wp\/v2\/comments?post=10438"}],"version-history":[{"count":1,"href":"https:\/\/www.enorsai.com\/noticias\/wp-json\/wp\/v2\/posts\/10438\/revisions"}],"predecessor-version":[{"id":10440,"href":"https:\/\/www.enorsai.com\/noticias\/wp-json\/wp\/v2\/posts\/10438\/revisions\/10440"}],"wp:featuredmedia":[{"embeddable":true,"href":"https:\/\/www.enorsai.com\/noticias\/wp-json\/wp\/v2\/media\/10439"}],"wp:attachment":[{"href":"https:\/\/www.enorsai.com\/noticias\/wp-json\/wp\/v2\/media?parent=10438"}],"wp:term":[{"taxonomy":"category","embeddable":true,"href":"https:\/\/www.enorsai.com\/noticias\/wp-json\/wp\/v2\/categories?post=10438"},{"taxonomy":"post_tag","embeddable":true,"href":"https:\/\/www.enorsai.com\/noticias\/wp-json\/wp\/v2\/tags?post=10438"}],"curies":[{"name":"wp","href":"https:\/\/api.w.org\/{rel}","templated":true}]}}