{"id":10434,"date":"2025-10-30T08:40:22","date_gmt":"2025-10-30T11:40:22","guid":{"rendered":"https:\/\/www.enorsai.com\/noticias\/?p=10434"},"modified":"2025-10-30T08:40:26","modified_gmt":"2025-10-30T11:40:26","slug":"ni-la-ley-de-financiamiento-universitario-ni-los-recursos-prometidos-el-golpe-al-sistema-universitario-bajo-el-discurso-de-la-eficiencia","status":"publish","type":"post","link":"https:\/\/www.enorsai.com\/noticias\/politica\/ni-la-ley-de-financiamiento-universitario-ni-los-recursos-prometidos-el-golpe-al-sistema-universitario-bajo-el-discurso-de-la-eficiencia\/","title":{"rendered":"Ni la Ley de Financiamiento Universitario ni los recursos prometidos: el golpe al sistema universitario bajo el discurso de la eficiencia"},"content":{"rendered":"\n<p>El Gobierno nacional confirm\u00f3 que no aplicar\u00e1 la Ley de Financiamiento Universitario, aprobada por el Congreso pero vetada por el presidente Javier Milei, y lo hizo con un tono de autosuficiencia que esconde una pol\u00edtica de ajuste sostenido sobre el sistema educativo p\u00fablico. En la Comisi\u00f3n de Presupuesto de la C\u00e1mara de Diputados, el Secretario de Educaci\u00f3n, Carlos Torrendell, y el Subsecretario de Pol\u00edticas Universitarias, Alejandro \u00c1lvarez, defendieron el proyecto de Presupuesto 2026 asegurando que las partidas para el \u00e1rea tendr\u00e1n un \u201caumento real del 7%\u201d y que las universidades podr\u00e1n \u201ccubrir todas sus necesidades\u201d. Sin embargo, lo que presentaron como una expansi\u00f3n de recursos es, en realidad, la consolidaci\u00f3n de un modelo de desfinanciamiento bajo un relato de eficiencia y meritocracia individual.<\/p>\n\n\n\n<p>Durante su exposici\u00f3n, Torrendell insisti\u00f3 en que \u201caumentar el gasto estatal\u201d no basta para mejorar los niveles educativos y que las pol\u00edticas de las \u00faltimas d\u00e9cadas se basaron en \u201cun gasto p\u00fablico descontrolado que profundiz\u00f3 la dependencia de las personas del Estado\u201d. Con esa afirmaci\u00f3n, el funcionario expuso la matriz ideol\u00f3gica de un gobierno que concibe la educaci\u00f3n como una carga fiscal m\u00e1s que como una inversi\u00f3n social. Sostuvo que \u201cdebemos gastar menos, pero invertir m\u00e1s en cada persona concreta\u201d, apelando a un discurso que busca justificar la reducci\u00f3n de fondos bajo el pretexto de la eficiencia individual. En los hechos, el proyecto prev\u00e9 un aumento nominal del 17,6% en inversi\u00f3n educativa con una inflaci\u00f3n proyectada de 10,1%, lo que seg\u00fan los funcionarios representa un incremento real del 7%. El problema es que esa cifra parte de un piso presupuestario extremadamente bajo, luego de dos a\u00f1os de recortes y congelamientos que deterioraron salarios docentes, infraestructura y programas de investigaci\u00f3n.<\/p>\n\n\n\n<p>Torrendell asegur\u00f3 adem\u00e1s que se prev\u00e9 una \u201cinversi\u00f3n fuerte adicional\u201d en el plan nacional de alfabetizaci\u00f3n y mejoras en la formaci\u00f3n docente. Pero el anuncio se diluye frente a un contexto en el que las universidades nacionales denuncian la par\u00e1lisis de proyectos, la falta de recursos b\u00e1sicos y la imposibilidad de mantener servicios esenciales. Seg\u00fan el Consejo Interuniversitario Nacional, las universidades necesitan al menos 7,3 billones de pesos para garantizar su funcionamiento en 2026, pero el presupuesto oficial apenas contempla unos 4,8 billones. Esa diferencia no es un tecnicismo contable: significa menos becas, menos investigaci\u00f3n, menos infraestructura y menos oportunidades educativas para cientos de miles de estudiantes.<\/p>\n\n\n\n<p>Mientras tanto, el Subsecretario de Pol\u00edticas Universitarias, Alejandro \u00c1lvarez, se encarg\u00f3 de desmentir lo que defini\u00f3 como una \u201ccampa\u00f1a del miedo\u201d. \u201cNo cerr\u00f3 ninguna universidad ni renunciaron 10.000 docentes\u201d, asegur\u00f3 con tono desafiante. \u201cLes traigo buenas noticias: el sistema tiene 198 mil docentes, cuando iniciamos la gesti\u00f3n hab\u00eda 196 mil. Tampoco hay \u00e9xodo\u201d, agreg\u00f3. Sin embargo, su negaci\u00f3n de un supuesto \u00e9xodo docente opera como una distracci\u00f3n que oculta el verdadero problema: la precarizaci\u00f3n laboral, la p\u00e9rdida del poder adquisitivo y la sobrecarga de trabajo que enfrentan quienes sostienen el sistema educativo a pulm\u00f3n. Que no haya despidos masivos no implica que no haya ajuste. Hay docentes con salarios por debajo de la l\u00ednea de pobreza, carreras sin presupuesto y universidades que funcionan con aportes extraordinarios o donaciones.<\/p>\n\n\n\n<p>Al abordar la decisi\u00f3n de no aplicar la Ley de Financiamiento Universitario, los funcionarios intentaron justificar lo injustificable. \u00c1lvarez argument\u00f3 que la oposici\u00f3n \u201cnunca dijo de d\u00f3nde deber\u00edan salir los fondos\u201d y que financiar una ley sin fuente definida ser\u00eda \u201cun acto de ilegalidad\u201d. Torrendell remat\u00f3 la idea con una iron\u00eda: \u201cPor m\u00e1s que el Parlamento vote la derogaci\u00f3n de la Ley de Gravedad, salimos afuera y la gravedad sigue existiendo\u201d. La frase, tan provocadora como arrogante, resume la l\u00f3gica con la que el oficialismo busca blindar su decisi\u00f3n pol\u00edtica detr\u00e1s de un supuesto rigor fiscal. La ley, aprobada con mayor\u00eda legislativa, establec\u00eda un mecanismo de financiamiento progresivo para garantizar previsibilidad a las universidades. El veto presidencial, mantenido con orgullo, es una se\u00f1al clara de desprecio por la autonom\u00eda universitaria y por la voluntad democr\u00e1tica expresada en el Congreso.<\/p>\n\n\n\n<p>Mientras Milei y sus funcionarios hablan de eficiencia, lo que se profundiza es un vaciamiento sistem\u00e1tico. La ret\u00f3rica de que \u201caumentar el gasto no mejora la educaci\u00f3n\u201d se transforma en un dogma que desresponsabiliza al Estado y pone en manos del mercado la suerte del conocimiento. Se reemplaza el principio de la educaci\u00f3n como derecho por el de la educaci\u00f3n como inversi\u00f3n individual. Esa l\u00f3gica, que se disfraza de \u201clibertad\u201d, encubre un modelo en el que el acceso a la universidad p\u00fablica ser\u00e1 cada vez m\u00e1s desigual y dependiente de la capacidad econ\u00f3mica de cada familia.<\/p>\n\n\n\n<p>Los funcionarios tambi\u00e9n insistieron en que \u201cno hay ajuste con despidos\u201d, pero omiten que el ajuste puede tomar muchas otras formas. Puede ser un presupuesto que no cubre la inflaci\u00f3n, salarios que se lic\u00faan mes a mes, laboratorios que no reponen insumos, becas que se recortan o suspenden, edificios que se deterioran. El ajuste silencioso avanza cuando se asfixia financieramente a las instituciones y se obliga a las universidades a elegir entre pagar la luz o sostener las clases.<\/p>\n\n\n\n<p>La negativa del gobierno a implementar la Ley de Financiamiento Universitario es una decisi\u00f3n pol\u00edtica, no t\u00e9cnica. No se trata de una discusi\u00f3n contable sobre \u201cfuentes de financiamiento\u201d, sino de una definici\u00f3n de prioridades. Cuando se destina m\u00e1s dinero a subsidios para sectores concentrados, se reducen impuestos a corporaciones o se flexibiliza el gasto militar, mientras se restringen los fondos educativos, queda claro cu\u00e1l es el modelo de pa\u00eds que se impulsa.<\/p>\n\n\n\n<figure class=\"wp-block-embed is-type-wp-embed is-provider-incrustar-wordpress wp-block-embed-incrustar-wordpress\"><div class=\"wp-block-embed__wrapper\">\n<blockquote class=\"wp-embedded-content\" data-secret=\"ifbgn1M1Fi\"><a href=\"https:\/\/www.enorsai.com\/noticias\/politica\/gravisimo-el-secretario-de-politicas-universitarias-de-milei-no-tiene-titulo-universitario\/\">Grav\u00edsimo: el secretario de Pol\u00edticas Universitarias de Milei no tiene t\u00edtulo universitario<\/a><\/blockquote><iframe loading=\"lazy\" class=\"wp-embedded-content\" sandbox=\"allow-scripts\" security=\"restricted\" style=\"position: absolute; visibility: hidden;\" title=\"\u00abGrav\u00edsimo: el secretario de Pol\u00edticas Universitarias de Milei no tiene t\u00edtulo universitario\u00bb \u2014 \" src=\"https:\/\/www.enorsai.com\/noticias\/politica\/gravisimo-el-secretario-de-politicas-universitarias-de-milei-no-tiene-titulo-universitario\/embed\/#?secret=cYv5IN7Uw5#?secret=ifbgn1M1Fi\" data-secret=\"ifbgn1M1Fi\" width=\"600\" height=\"338\" frameborder=\"0\" marginwidth=\"0\" marginheight=\"0\" scrolling=\"no\"><\/iframe>\n<\/div><\/figure>\n\n\n\n<p>El presupuesto 2026 se presenta como un documento de orden y racionalidad, pero en su letra chica esconde una profunda desinversi\u00f3n en la universidad p\u00fablica. Es la continuidad de un plan de disciplinamiento econ\u00f3mico que busca subordinar la educaci\u00f3n a la l\u00f3gica del mercado. En ese esquema, la investigaci\u00f3n cient\u00edfica se vuelve un lujo, la docencia un sacrificio y el conocimiento un producto m\u00e1s. El discurso de \u201cliberar las capacidades individuales\u201d no es m\u00e1s que un eufemismo para justificar el retiro del Estado y transferir la responsabilidad del progreso a quienes menos tienen.<\/p>\n\n\n\n<p>Mientras el gobierno celebra un supuesto aumento real del 7%, las universidades alertan que el sistema est\u00e1 al borde del colapso. La UBA, la UNC, la UNLP y la mayor\u00eda de las casas de estudio p\u00fablicas coinciden en que el presupuesto no alcanza para cubrir los costos m\u00ednimos de funcionamiento. El contraste entre la narrativa oficial y la realidad es abrumador. Se promete libertad, pero se impone precariedad. Se habla de inversi\u00f3n, pero se ejecuta ajuste. Se presume de \u201cbuenas noticias\u201d, pero se niega la emergencia educativa que atraviesa al pa\u00eds.<\/p>\n\n\n\n<p>El presupuesto 2026 no es un plan de fortalecimiento, sino un certificado de continuidad del ajuste. La educaci\u00f3n universitaria, una de las mayores conquistas sociales de la Argentina, queda nuevamente en la mira de una gesti\u00f3n que concibe el conocimiento como un privilegio y no como un derecho. La ley que buscaba garantizar su financiamiento fue vetada, y el discurso que intenta justificarlo apenas encubre un modelo que avanza en la desarticulaci\u00f3n del sistema p\u00fablico. Bajo el relato de la austeridad y la eficiencia, el gobierno de Milei consolida un rumbo que empobrece la educaci\u00f3n, debilita la ciencia y socava el futuro del pa\u00eds.<\/p>\n\n\n\n<p>Fuentes:<\/p>\n\n\n\n<p>Infobae \u2013 \u201cLa UBA cuestion\u00f3 el Presupuesto 2026 anunciado por Milei y advirti\u00f3 sobre el agravamiento de la crisis universitaria\u201d<br><a href=\"https:\/\/www.infobae.com\/politica\/2025\/09\/16\/la-uba-cuestiono-el-presupuesto-2026-anunciado-por-milei-y-advirtio-sobre-el-agravamiento-de-la-crisis-universitaria\/\">https:\/\/www.infobae.com\/politica\/2025\/09\/16\/la-uba-cuestiono-el-presupuesto-2026-anunciado-por-milei-y-advirtio-sobre-el-agravamiento-de-la-crisis-universitaria\/<\/a><\/p>\n\n\n\n<p>Bolet\u00edn Oficial de la Rep\u00fablica Argentina \u2013 \u201cDecreto 647\/2025: veto al Proyecto de Ley N.\u00ba 27.795 de Financiamiento Universitario\u201d<br><a>https:\/\/www.boletinoficial.gob.ar\/detalleAviso\/primera\/5932589\/20250910<\/a><\/p>\n\n\n\n<p>Chequeado \u2013 \u201cEs falso que la gesti\u00f3n de La Libertad Avanza es la que m\u00e1s dinero gir\u00f3 a las universidades, como se\u00f1alan posteos que comparti\u00f3 Milei en X\u201d<br><a href=\"https:\/\/chequeado.com\/ultimas-noticias\/es-falso-que-la-gestion-de-la-libertad-avanza-es-la-que-mas-dinero-giro-a-las-universidades-como-senalan-posteos-que-compartio-milei-en-x\/\">https:\/\/chequeado.com\/ultimas-noticias\/es-falso-que-la-gestion-de-la-libertad-avanza-es-la-que-mas-dinero-giro-a-las-universidades-como-senalan-posteos-que-compartio-milei-en-x\/<\/a><\/p>\n\n\n\n<p>Consejo Interuniversitario Nacional (CIN) \u2013 \u201cUn proyecto para consolidar el ajuste universitario\u201d<br><a href=\"https:\/\/www.cin.edu.ar\/un-proyecto-para-consolidar-el-ajuste-universitario\/\">https:\/\/www.cin.edu.ar\/un-proyecto-para-consolidar-el-ajuste-universitario\/<\/a><\/p>\n\n\n\n<p>Consejo Interuniversitario Nacional (CIN) \u2013 \u201cLa universidad p\u00fablica se repiensa y reclama su financiamiento\u201d<br><a href=\"https:\/\/www.cin.edu.ar\/la-universidad-publica-se-repiensa-y-reclama-su-financiamiento\/\">https:\/\/www.cin.edu.ar\/la-universidad-publica-se-repiensa-y-reclama-su-financiamiento\/<\/a><\/p>\n\n\n\n<p>El Pa\u00eds \u2013 \u201cEl Congreso argentino rechaza el veto de Milei a las leyes de financiamiento universitario y emergencia pedi\u00e1trica\u201d<br><a href=\"https:\/\/elpais.com\/argentina\/2025-09-17\/el-congreso-argentino-rechaza-el-veto-de-milei-a-las-leyes-de-financiamiento-universitario-y-emergencia-pediatrica.html\">https:\/\/elpais.com\/argentina\/2025-09-17\/el-congreso-argentino-rechaza-el-veto-de-milei-a-las-leyes-de-financiamiento-universitario-y-emergencia-pediatrica.html<\/a><\/p>\n\n\n\n<p>Chequeado \u2013 \u201cPresupuesto 2026: todo lo que ten\u00e9s que saber sobre el proyecto\u2026\u201d<br><a href=\"https:\/\/chequeado.com\/el-explicador\/presupuesto-2026-todo-lo-que-tenes-que-saber-sobre-el-proyecto-que-presentara-hoy-javier-milei-en-cadena-nacional\/\">https:\/\/chequeado.com\/el-explicador\/presupuesto-2026-todo-lo-que-tenes-que-saber-sobre-el-proyecto-que-presentara-hoy-javier-milei-en-cadena-nacional\/<\/a> <\/p>\n\n\n\n<p>La Capital \u2013 \u201cLey de financiamiento universitario: desde la UNR piden que el gobierno recapacite y no la vete\u201d<br><a href=\"https:\/\/www.lacapital.com.ar\/la-ciudad\/ley-financiamiento-universitario-la-unr-piden-que-el-gobierno-recapacite-y-no-la-vete-n10217968.html\">https:\/\/www.lacapital.com.ar\/la-ciudad\/ley-financiamiento-universitario-la-unr-piden-que-el-gobierno-recapacite-y-no-la-vete-n10217968.html<\/a> <\/p>\n","protected":false},"excerpt":{"rendered":"<p>El Gobierno nacional confirm\u00f3 que no aplicar\u00e1 la Ley de Financiamiento Universitario, aprobada por el Congreso pero vetada por el presidente Javier Milei, y lo hizo con un tono de autosuficiencia que esconde una pol\u00edtica de ajuste sostenido sobre el sistema educativo p\u00fablico. En la Comisi\u00f3n de Presupuesto de la C\u00e1mara de Diputados, el Secretario&#8230;<\/p>\n","protected":false},"author":13,"featured_media":10436,"comment_status":"open","ping_status":"open","sticky":false,"template":"","format":"standard","meta":{"_monsterinsights_skip_tracking":false,"_monsterinsights_sitenote_active":false,"_monsterinsights_sitenote_note":"","_monsterinsights_sitenote_category":0,"footnotes":"","jetpack_publicize_message":"","jetpack_publicize_feature_enabled":true,"jetpack_social_post_already_shared":true,"jetpack_social_options":{"image_generator_settings":{"template":"highway","default_image_id":0,"font":"","enabled":false},"version":2}},"categories":[3941,2,4],"tags":[],"class_list":["post-10434","post","type-post","status-publish","format-standard","has-post-thumbnail","hentry","category-educacion","category-politica","category-sociedad"],"jetpack_publicize_connections":[],"_links":{"self":[{"href":"https:\/\/www.enorsai.com\/noticias\/wp-json\/wp\/v2\/posts\/10434","targetHints":{"allow":["GET"]}}],"collection":[{"href":"https:\/\/www.enorsai.com\/noticias\/wp-json\/wp\/v2\/posts"}],"about":[{"href":"https:\/\/www.enorsai.com\/noticias\/wp-json\/wp\/v2\/types\/post"}],"author":[{"embeddable":true,"href":"https:\/\/www.enorsai.com\/noticias\/wp-json\/wp\/v2\/users\/13"}],"replies":[{"embeddable":true,"href":"https:\/\/www.enorsai.com\/noticias\/wp-json\/wp\/v2\/comments?post=10434"}],"version-history":[{"count":2,"href":"https:\/\/www.enorsai.com\/noticias\/wp-json\/wp\/v2\/posts\/10434\/revisions"}],"predecessor-version":[{"id":10437,"href":"https:\/\/www.enorsai.com\/noticias\/wp-json\/wp\/v2\/posts\/10434\/revisions\/10437"}],"wp:featuredmedia":[{"embeddable":true,"href":"https:\/\/www.enorsai.com\/noticias\/wp-json\/wp\/v2\/media\/10436"}],"wp:attachment":[{"href":"https:\/\/www.enorsai.com\/noticias\/wp-json\/wp\/v2\/media?parent=10434"}],"wp:term":[{"taxonomy":"category","embeddable":true,"href":"https:\/\/www.enorsai.com\/noticias\/wp-json\/wp\/v2\/categories?post=10434"},{"taxonomy":"post_tag","embeddable":true,"href":"https:\/\/www.enorsai.com\/noticias\/wp-json\/wp\/v2\/tags?post=10434"}],"curies":[{"name":"wp","href":"https:\/\/api.w.org\/{rel}","templated":true}]}}