{"id":10430,"date":"2025-10-30T07:13:35","date_gmt":"2025-10-30T10:13:35","guid":{"rendered":"https:\/\/www.enorsai.com\/noticias\/?p=10430"},"modified":"2025-10-30T07:20:34","modified_gmt":"2025-10-30T10:20:34","slug":"otra-vez-represion-en-el-congreso-bullrich-desata-gases-y-violencia-contra-jubilados","status":"publish","type":"post","link":"https:\/\/www.enorsai.com\/noticias\/sociedad\/otra-vez-represion-en-el-congreso-bullrich-desata-gases-y-violencia-contra-jubilados\/","title":{"rendered":"Otra vez represi\u00f3n en el Congreso: Bullrich desata gases y violencia contra jubilados"},"content":{"rendered":"\n<p><strong><em>La protesta semanal de jubilados frente al Congreso termin\u00f3 nuevamente con heridos y violencia policial. Patricia Bullrich, senadora electa y ministra de Seguridad, contin\u00faa profundizando una pol\u00edtica de represi\u00f3n sistem\u00e1tica que refleja el car\u00e1cter autoritario del gobierno de Javier Milei.<\/em><\/strong><\/p>\n\n\n\n<p>Con un despliegue de 800 efectivos para contener a apenas 150 manifestantes, las fuerzas federales y porte\u00f1as utilizaron gases lacrim\u00f3genos y golpes contra adultos mayores que reclamaban por sus derechos. La represi\u00f3n, documentada por la Defensor\u00eda del Pueblo, se inscribe en un clima de creciente criminalizaci\u00f3n de la protesta social bajo el gobierno libertario.<\/p>\n\n\n\n<p>Una vez m\u00e1s, la escena se repite como una postal de un pa\u00eds en retroceso: jubilados gaseados, calles valladas, uniformes por todas partes y un Congreso rodeado como si esperara una invasi\u00f3n. Patricia Bullrich, senadora electa y ministra de Seguridad, volvi\u00f3 a comandar un operativo desproporcionado y violento frente a un reclamo leg\u00edtimo de los sectores m\u00e1s vulnerables. Ocho centenas de agentes federales y porte\u00f1os fueron desplegados contra apenas ciento cincuenta manifestantes, en su mayor\u00eda adultos mayores que, como cada mi\u00e9rcoles, se congregaron frente al Congreso para exigir una jubilaci\u00f3n digna y el fin del ajuste.<\/p>\n\n\n\n<p>Desde temprano, la Avenida Rivadavia entre Callao y Entre R\u00edos fue tomada por camionetas de Gendarmer\u00eda, Prefectura Naval, la Polic\u00eda Federal y la PSA. Los efectivos montaron un triple cord\u00f3n de seguridad que impidi\u00f3 incluso el paso de periodistas y transe\u00fantes. El Congreso qued\u00f3 sitiado, rodeado de vallas met\u00e1licas y camiones hidrantes, mientras del otro lado un peque\u00f1o grupo de jubilados sosten\u00eda carteles y banderas argentinas. El contraste era brutal: una marea de uniformes armados frente a cuerpos fr\u00e1giles, bastones y sillas plegables. Una imagen que resume la l\u00f3gica de este gobierno: miedo, represi\u00f3n y desprecio por la dignidad.<\/p>\n\n\n\n<p>El informe de la Defensor\u00eda del Pueblo de la Ciudad de Buenos Aires confirm\u00f3 lo que los videos y testigos ya hab\u00edan mostrado: nueve heridos, ninguno detenido y uso indiscriminado de gas pimienta por parte de las fuerzas federales. La violencia no fue producto del caos, sino de una decisi\u00f3n pol\u00edtica. Bullrich no s\u00f3lo repite un esquema represivo, sino que lo institucionaliza. Su l\u00f3gica de \u201corden\u201d consiste en equiparar la protesta social con el delito, en criminalizar el reclamo y en naturalizar el castigo f\u00edsico como respuesta estatal.<\/p>\n\n\n\n<figure class=\"wp-block-embed is-type-rich is-provider-twitter wp-block-embed-twitter\"><div class=\"wp-block-embed__wrapper\">\n<blockquote class=\"twitter-tweet\" data-width=\"550\" data-dnt=\"true\"><p lang=\"es\" dir=\"ltr\">No entiendo por qu\u00e9 la frontera es un colador y a Bullrich se le meten todos los narcos y delincuentes, si GENDARMER\u00cdA NACIONAL est\u00e1 cuidando atentamente&#8230;<br><br>&#8230;a los jubilados en la plaza del Congreso. <a href=\"https:\/\/t.co\/DQKWtNeSqh\">pic.twitter.com\/DQKWtNeSqh<\/a><\/p>&mdash; M (@MConurbasic) <a href=\"https:\/\/twitter.com\/MConurbasic\/status\/1983618414800474479?ref_src=twsrc%5Etfw\">October 29, 2025<\/a><\/blockquote><script async src=\"https:\/\/platform.twitter.com\/widgets.js\" charset=\"utf-8\"><\/script>\n<\/div><\/figure>\n\n\n\n<p>Entre los heridos estuvo Mabel Silva, una jubilada que a\u00fan sufre secuelas neurol\u00f3gicas por el golpe recibido semanas atr\u00e1s, cuando un prefecto la atac\u00f3 por la espalda. Con un brazo enyesado y problemas de equilibrio, volvi\u00f3 al Congreso: \u201cSeguir\u00e9 viniendo igual porque es injusto que me peguen sin haber hecho nada\u201d, declar\u00f3. Su testimonio condensa la resistencia de un sector que, a pesar del miedo y las lesiones, sigue ocupando la calle como \u00faltimo espacio de dignidad. Mabel no habla s\u00f3lo por ella: habla por miles de jubilados que ven c\u00f3mo sus haberes se pulverizan mientras el gobierno promete m\u00e1s ajuste para cumplir con el Fondo Monetario Internacional.<\/p>\n\n\n\n<p>La represi\u00f3n no es un hecho aislado. Es la pol\u00edtica oficial de seguridad del gobierno de Javier Milei. Bullrich, con el aval del presidente, ha convertido el espacio p\u00fablico en un territorio militarizado. En cada protesta social despliega fuerzas desmesuradas, gases, motos y camiones hidrantes. La misma estrategia se repite en los conflictos docentes, en las marchas de trabajadores estatales, en las protestas universitarias. En lugar de di\u00e1logo, hay blindaje. En lugar de soluciones, castigo. Y mientras tanto, los grandes medios intentan justificarlo con titulares que hablan de \u201cdisturbios\u201d, como si el problema fueran los jubilados y no el gobierno que los reprime.<\/p>\n\n\n\n<p>El operativo de este mi\u00e9rcoles fue especialmente simb\u00f3lico porque coincidi\u00f3 con el clima de decepci\u00f3n posterior a las elecciones legislativas. \u201cMe duele lo que pas\u00f3. \u00bfQu\u00e9 nos queda? Agachar la cabeza y que le den todo a Estados Unidos, a Inglaterra, a quien sea. Ya no vamos a tener derechos\u201d, lament\u00f3 Mabel, una frase que suena como epitafio del modelo libertario. El voto mayoritario a favor de la continuidad del ajuste fue percibido en la Plaza del Congreso como una derrota colectiva. Pero la tristeza no impidi\u00f3 la presencia: cada mi\u00e9rcoles, pese a la represi\u00f3n, los jubilados vuelven. Porque saben que el silencio es complicidad.<\/p>\n\n\n\n<p>Lidia Schmidt, una docente jubilada de casi 80 a\u00f1os, tambi\u00e9n estuvo all\u00ed. \u201cCierro la ventana de mi casa para no ver a los pobres\u201d, dice, \u201cme duele ver a la gente que sale a buscar comida al atardecer\u201d. Su testimonio es un espejo del deterioro social: la pobreza ya no est\u00e1 lejos, sino a la vuelta de cada esquina. Lidia vive con su hija porque su jubilaci\u00f3n no le alcanza. Y teme que Bullrich, con m\u00e1s poder, \u201csalga con un ej\u00e9rcito m\u00e1s fuerte\u201d. En sus palabras resuena una advertencia: el miedo ya se instal\u00f3 como m\u00e9todo de gobierno.<\/p>\n\n\n\n<p>La protesta tambi\u00e9n cont\u00f3 con la presencia de hinchas de Chacarita, de Banfield y agrupaciones sociales que se solidarizaron con los jubilados. \u201cDe la jubilaci\u00f3n nadie se salva\u201d, dijo Claudio Mariani, de la agrupaci\u00f3n Igualar en Positivo. Su frase resume una verdad inc\u00f3moda: el ajuste previsional golpea a todos, tarde o temprano. Milei pretende desmantelar el sistema p\u00fablico y reemplazarlo por esquemas privados, en nombre de la \u201clibertad individual\u201d. Pero lo que se esconde detr\u00e1s de esa ret\u00f3rica es la entrega del ahorro social a los fondos de inversi\u00f3n extranjeros, los mismos que hoy aplauden la recesi\u00f3n y el recorte del gasto estatal.<\/p>\n\n\n\n<p>La represi\u00f3n en el Congreso no s\u00f3lo es un esc\u00e1ndalo \u00e9tico, sino un s\u00edntoma pol\u00edtico. El gobierno libertario busca disciplinar por el miedo. Cada gas lanzado, cada bastonazo, es un mensaje a la sociedad: quien se queje, ser\u00e1 castigado. En esa l\u00f3gica, los jubilados se transforman en enemigos internos, los sindicatos en conspiradores y los movimientos sociales en \u201camenazas al orden\u201d. La democracia se vac\u00eda de contenido cuando el derecho a la protesta se reprime sistem\u00e1ticamente. Lo que se instala no es el orden, sino el autoritarismo.<\/p>\n\n\n\n<p>El contraste entre la magnitud del operativo y la naturaleza de la protesta expone la irracionalidad del gobierno. O tal vez, su l\u00f3gica m\u00e1s profunda. Ochocientos efectivos, entre federales y porte\u00f1os, para contener a ciento cincuenta jubilados pac\u00edficos, es m\u00e1s que un exceso: es un mensaje de poder. Es el intento de imponer disciplina social mediante el terror. Es la pedagog\u00eda del miedo aplicada al cuerpo de los d\u00e9biles, una puesta en escena del Estado punitivo. Y detr\u00e1s de esa represi\u00f3n hay una decisi\u00f3n pol\u00edtica avalada por el presidente Milei, quien reduce toda disidencia a \u201cparasitismo estatal\u201d.<\/p>\n\n\n\n<p>No hay democracia posible sin derecho a protestar. No hay rep\u00fablica cuando las fuerzas de seguridad act\u00faan como brazo armado del ajuste. Los gases en el Congreso, los golpes a Mabel y el miedo de Lidia son el retrato de un pa\u00eds donde la libertad se volvi\u00f3 privilegio y la justicia, un recuerdo. El gobierno de Milei habla de \u201corden\u201d, pero su orden es el silencio impuesto por la fuerza. Habla de \u201clibertad\u201d, pero reprime a los que la ejercen. Habla de \u201causteridad\u201d, pero derrocha recursos en operativos contra los m\u00e1s pobres. Y mientras los jubilados resisten, el poder financiero celebra.<\/p>\n\n\n\n<p>La imagen final de la jornada fue reveladora: los gases disip\u00e1ndose frente al Congreso, las vallas brillando bajo los reflectores y un pu\u00f1ado de jubilados retir\u00e1ndose lentamente, tosiendo, pero de pie. No hay s\u00edmbolo m\u00e1s fuerte que ese. Porque si algo queda claro despu\u00e9s de cada mi\u00e9rcoles de represi\u00f3n es que la dignidad, aunque herida, sigue respirando.<\/p>\n\n\n\n<h3 class=\"wp-block-heading\">Fuente<\/h3>\n\n\n\n<p>P\u00e1gina\/12 \u2013 \u201cGases para los jubilados en el Congreso\u201d<br><a href=\"https:\/\/www.pagina12.com.ar\/869963-gases-para-los-jubilados-en-el-congreso\">https:\/\/www.pagina12.com.ar\/869963-gases-para-los-jubilados-en-el-congreso<\/a><\/p>\n","protected":false},"excerpt":{"rendered":"<p>La protesta semanal de jubilados frente al Congreso termin\u00f3 nuevamente con heridos y violencia policial. Patricia Bullrich, senadora electa y ministra de Seguridad, contin\u00faa profundizando una pol\u00edtica de represi\u00f3n sistem\u00e1tica que refleja el car\u00e1cter autoritario del gobierno de Javier Milei. Con un despliegue de 800 efectivos para contener a apenas 150 manifestantes, las fuerzas federales&#8230;<\/p>\n","protected":false},"author":1,"featured_media":10431,"comment_status":"open","ping_status":"open","sticky":false,"template":"","format":"standard","meta":{"_monsterinsights_skip_tracking":false,"_monsterinsights_sitenote_active":false,"_monsterinsights_sitenote_note":"","_monsterinsights_sitenote_category":0,"footnotes":"","jetpack_publicize_message":"","jetpack_publicize_feature_enabled":true,"jetpack_social_post_already_shared":true,"jetpack_social_options":{"image_generator_settings":{"template":"highway","default_image_id":0,"font":"","enabled":false},"version":2}},"categories":[3951,4],"tags":[58,262,257,209,69,509,45,371,365,86],"class_list":["post-10430","post","type-post","status-publish","format-standard","has-post-thumbnail","hentry","category-jubilados","category-sociedad","tag-ajuste","tag-bullrich","tag-congreso","tag-democracia","tag-derechos","tag-jubilados","tag-milei","tag-protesta","tag-represion","tag-seguridad"],"jetpack_publicize_connections":[],"_links":{"self":[{"href":"https:\/\/www.enorsai.com\/noticias\/wp-json\/wp\/v2\/posts\/10430","targetHints":{"allow":["GET"]}}],"collection":[{"href":"https:\/\/www.enorsai.com\/noticias\/wp-json\/wp\/v2\/posts"}],"about":[{"href":"https:\/\/www.enorsai.com\/noticias\/wp-json\/wp\/v2\/types\/post"}],"author":[{"embeddable":true,"href":"https:\/\/www.enorsai.com\/noticias\/wp-json\/wp\/v2\/users\/1"}],"replies":[{"embeddable":true,"href":"https:\/\/www.enorsai.com\/noticias\/wp-json\/wp\/v2\/comments?post=10430"}],"version-history":[{"count":1,"href":"https:\/\/www.enorsai.com\/noticias\/wp-json\/wp\/v2\/posts\/10430\/revisions"}],"predecessor-version":[{"id":10432,"href":"https:\/\/www.enorsai.com\/noticias\/wp-json\/wp\/v2\/posts\/10430\/revisions\/10432"}],"wp:featuredmedia":[{"embeddable":true,"href":"https:\/\/www.enorsai.com\/noticias\/wp-json\/wp\/v2\/media\/10431"}],"wp:attachment":[{"href":"https:\/\/www.enorsai.com\/noticias\/wp-json\/wp\/v2\/media?parent=10430"}],"wp:term":[{"taxonomy":"category","embeddable":true,"href":"https:\/\/www.enorsai.com\/noticias\/wp-json\/wp\/v2\/categories?post=10430"},{"taxonomy":"post_tag","embeddable":true,"href":"https:\/\/www.enorsai.com\/noticias\/wp-json\/wp\/v2\/tags?post=10430"}],"curies":[{"name":"wp","href":"https:\/\/api.w.org\/{rel}","templated":true}]}}