{"id":10423,"date":"2025-10-29T18:01:37","date_gmt":"2025-10-29T21:01:37","guid":{"rendered":"https:\/\/www.enorsai.com\/noticias\/?p=10423"},"modified":"2025-10-29T18:24:39","modified_gmt":"2025-10-29T21:24:39","slug":"la-rioja-se-da-vuelta-fuerza-patria-gana-por-03-en-el-escrutinio-definitivo","status":"publish","type":"post","link":"https:\/\/www.enorsai.com\/noticias\/politica\/la-rioja-se-da-vuelta-fuerza-patria-gana-por-03-en-el-escrutinio-definitivo\/","title":{"rendered":"La Rioja se da vuelta: Fuerza Patria gana por 0,3% en el escrutinio definitivo"},"content":{"rendered":"\n<p>El escrutinio definitivo en La Rioja confirm\u00f3 una victoria m\u00ednima de Fuerza Patria por apenas tres d\u00e9cimas de punto, revirtiendo el resultado provisorio que favorec\u00eda a La Libertad Avanza. Aunque Milei se impuso en la mayor\u00eda de las provincias del pa\u00eds, el resultado riojano se convirti\u00f3 en un s\u00edmbolo de resistencia en el norte argentino y expuso el creciente malestar con el ajuste econ\u00f3mico del gobierno nacional.<br><\/p>\n\n\n\n<p>El cierre del escrutinio definitivo en La Rioja dej\u00f3 una sorpresa pol\u00edtica que, por su magnitud simb\u00f3lica, reson\u00f3 m\u00e1s all\u00e1 de los l\u00edmites provinciales. Por una diferencia de apenas 0,3 puntos porcentuales, Fuerza Patria logr\u00f3 revertir el resultado que el conteo provisorio hab\u00eda otorgado a La Libertad Avanza, consolidando una victoria que, aunque m\u00ednima, tiene un alto valor pol\u00edtico en un mapa nacional te\u00f1ido de triunfos oficialistas.<\/p>\n\n\n\n<p>En las elecciones legislativas del 26 de octubre, el espacio de Javier Milei obtuvo la primera minor\u00eda en la mayor\u00eda de las provincias, impulsado por el voto del descontento y la promesa de \u201corden fiscal\u201d. Sin embargo, en La Rioja, el resultado final se dio vuelta tras el escrutinio definitivo: voto a voto, urna a urna, Fuerza Patria recuper\u00f3 alrededor de 700 sufragios que no hab\u00edan sido contabilizados correctamente en el recuento preliminar, y termin\u00f3 imponi\u00e9ndose por una diferencia tan ajustada como decisiva.<\/p>\n\n\n\n<p>El dato encendi\u00f3 la euforia en el peronismo riojano, que celebr\u00f3 la remontada como una se\u00f1al de vida pol\u00edtica en medio de un escenario adverso. \u201cEl pueblo riojano habl\u00f3 y defendi\u00f3 su derecho a vivir con dignidad\u201d, declar\u00f3 un dirigente de Fuerza Patria tras conocerse el resultado oficial. El gobernador Ricardo Quintela, en tanto, subray\u00f3 que \u201clos votos expresan algo m\u00e1s que una elecci\u00f3n: expresan un l\u00edmite al atropello del ajuste y al desprecio por las provincias\u201d.<\/p>\n\n\n\n<p>El resultado tiene un fuerte valor simb\u00f3lico porque rompe la hegemon\u00eda libertaria que Milei hab\u00eda consolidado en casi todo el pa\u00eds. Seg\u00fan los datos oficiales, La Libertad Avanza gan\u00f3 en m\u00e1s de quince provincias, incluyendo Buenos Aires, C\u00f3rdoba, Santa Fe y Mendoza, adem\u00e1s de imponerse en distritos claves del norte y el sur. En ese contexto, lo ocurrido en La Rioja \u2014una provincia peque\u00f1a, pero con larga tradici\u00f3n peronista\u2014 se convirti\u00f3 en el primer golpe pol\u00edtico directo al relato triunfalista del oficialismo nacional.<\/p>\n\n\n\n<p>El escrutinio definitivo fue seguido con nerviosismo en Buenos Aires. En la Casa Rosada, los asesores del Presidente intentaron minimizar la derrota, atribuy\u00e9ndola a un margen estad\u00edstico insignificante. Sin embargo, en los pasillos libertarios se admite que el caso riojano encendi\u00f3 luces de alarma: el voto popular en las provincias m\u00e1s castigadas por el ajuste parece empezar a dar se\u00f1ales de resistencia. Los recortes en obra p\u00fablica, la paralizaci\u00f3n de universidades nacionales y la inflaci\u00f3n que no cede erosionan la narrativa del \u201cfin del d\u00e9ficit\u201d y alimentan un descontento que, aunque disperso, comienza a tomar forma electoral.<\/p>\n\n\n\n<figure class=\"wp-block-embed is-type-rich is-provider-twitter wp-block-embed-twitter\"><div class=\"wp-block-embed__wrapper\">\n<blockquote class=\"twitter-tweet\" data-width=\"550\" data-dnt=\"true\"><p lang=\"es\" dir=\"ltr\">\u26a0\ufe0fATENCI\u00d3N: Termino el recuento de votos en La Rioja. Por una diferencia de 0,3% o puntos en el escrutinio definitivo, FUERZA PATRIA dio vuelta el resultado en la Provincia de La Rioja. Contin\u00faa la espectativa en otros distritos.\u270c\ufe0f\ud83c\udde6\ud83c\uddf7 <a href=\"https:\/\/t.co\/DrNWeRKrMV\">pic.twitter.com\/DrNWeRKrMV<\/a><\/p>&mdash; Edgardo Alessio \u00ae\u270c\ufe0f\ud83c\udde6\ud83c\uddf7 (@SpacePeronista2) <a href=\"https:\/\/twitter.com\/SpacePeronista2\/status\/1983580256867848299?ref_src=twsrc%5Etfw\">October 29, 2025<\/a><\/blockquote><script async src=\"https:\/\/platform.twitter.com\/widgets.js\" charset=\"utf-8\"><\/script>\n<\/div><\/figure>\n\n\n\n<p>Los medios nacionales reflejaron la sorpresa. <em>La Naci\u00f3n<\/em> y <em>Clar\u00edn<\/em> reconocieron la posibilidad de un cambio en La Rioja, aunque relativizaron su impacto en el tablero general. En cambio, <em>P\u00e1gina 12<\/em> destac\u00f3 que el caso riojano \u201cmarca una advertencia para el gobierno: no todo el pa\u00eds se resigna al ajuste\u201d. Las redes sociales amplificaron el dato y convirtieron la etiqueta <strong>#LaRiojaSeDioVuelta<\/strong> en tendencia, mientras militantes y dirigentes opositores celebraban el resultado como una se\u00f1al de esperanza en un escenario dominado por el avance libertario.<\/p>\n\n\n\n<p>El proceso de recuento fue milim\u00e9trico. La diferencia de apenas 0,3% equivale a unos pocos centenares de votos, lo que exigi\u00f3 revisar urnas, votos recurridos y actas con inconsistencias. Los fiscales de ambas fuerzas coincidieron en que no hubo irregularidades graves, sino errores humanos y diferencias menores en la carga de telegramas. Esa precisi\u00f3n fue suficiente para alterar el resultado final y transformar a La Rioja en la excepci\u00f3n que confirma la regla.<\/p>\n\n\n\n<p>En t\u00e9rminos pol\u00edticos, el cambio es menor en n\u00fameros, pero mayor en significado. No modifica la mayor\u00eda parlamentaria, pero s\u00ed quiebra la narrativa de Milei sobre un pa\u00eds totalmente alineado con su modelo. El norte vuelve a marcar diferencias. En una Argentina que atraviesa un proceso de empobrecimiento acelerado, con despidos en el Estado, ca\u00edda de la producci\u00f3n y p\u00e9rdida de poder adquisitivo, el voto riojano es una forma de resistencia silenciosa frente al dogma del mercado.<\/p>\n\n\n\n<p>Mientras el gobierno celebra sus victorias en la mayor\u00eda de las provincias, el episodio riojano le recuerda que la pol\u00edtica real no se construye s\u00f3lo con algoritmos ni con furia en las redes. Se construye con votos, con presencia territorial y con empat\u00eda frente al sufrimiento social. En ese terreno, el peronismo \u2014pese a su dispersi\u00f3n\u2014 todav\u00eda conserva reflejos. La Rioja, con su resultado apretado, vuelve a ocupar el lugar de siempre: el de una provincia que marca tendencia, aunque sea desde la periferia, con la fuerza de su historia y su memoria.<\/p>\n\n\n\n<p>La Justicia Electoral provincial dar\u00e1 a conocer en las pr\u00f3ximas horas el acta oficial del escrutinio, que ratificar\u00e1 el resultado definitivo. Mientras tanto, otros distritos siguen en revisi\u00f3n y podr\u00edan aportar nuevas sorpresas. Pero el mensaje ya est\u00e1 claro: incluso en un pa\u00eds donde Milei arrasa en la mayor\u00eda de los territorios, hay provincias que todav\u00eda se animan a decir \u201cno\u201d.<\/p>\n\n\n\n<p><\/p>\n","protected":false},"excerpt":{"rendered":"<p>El escrutinio definitivo en La Rioja confirm\u00f3 una victoria m\u00ednima de Fuerza Patria por apenas tres d\u00e9cimas de punto, revirtiendo el resultado provisorio que favorec\u00eda a La Libertad Avanza. Aunque Milei se impuso en la mayor\u00eda de las provincias del pa\u00eds, el resultado riojano se convirti\u00f3 en un s\u00edmbolo de resistencia en el norte argentino&#8230;<\/p>\n","protected":false},"author":9,"featured_media":10424,"comment_status":"open","ping_status":"open","sticky":false,"template":"","format":"standard","meta":{"_monsterinsights_skip_tracking":false,"_monsterinsights_sitenote_active":false,"_monsterinsights_sitenote_note":"","_monsterinsights_sitenote_category":0,"footnotes":"","jetpack_publicize_message":"","jetpack_publicize_feature_enabled":true,"jetpack_social_post_already_shared":true,"jetpack_social_options":{"image_generator_settings":{"template":"highway","default_image_id":0,"font":"","enabled":false},"version":2}},"categories":[3949,2],"tags":[],"class_list":["post-10423","post","type-post","status-publish","format-standard","has-post-thumbnail","hentry","category-elecciones","category-politica"],"jetpack_publicize_connections":[],"_links":{"self":[{"href":"https:\/\/www.enorsai.com\/noticias\/wp-json\/wp\/v2\/posts\/10423","targetHints":{"allow":["GET"]}}],"collection":[{"href":"https:\/\/www.enorsai.com\/noticias\/wp-json\/wp\/v2\/posts"}],"about":[{"href":"https:\/\/www.enorsai.com\/noticias\/wp-json\/wp\/v2\/types\/post"}],"author":[{"embeddable":true,"href":"https:\/\/www.enorsai.com\/noticias\/wp-json\/wp\/v2\/users\/9"}],"replies":[{"embeddable":true,"href":"https:\/\/www.enorsai.com\/noticias\/wp-json\/wp\/v2\/comments?post=10423"}],"version-history":[{"count":1,"href":"https:\/\/www.enorsai.com\/noticias\/wp-json\/wp\/v2\/posts\/10423\/revisions"}],"predecessor-version":[{"id":10425,"href":"https:\/\/www.enorsai.com\/noticias\/wp-json\/wp\/v2\/posts\/10423\/revisions\/10425"}],"wp:featuredmedia":[{"embeddable":true,"href":"https:\/\/www.enorsai.com\/noticias\/wp-json\/wp\/v2\/media\/10424"}],"wp:attachment":[{"href":"https:\/\/www.enorsai.com\/noticias\/wp-json\/wp\/v2\/media?parent=10423"}],"wp:term":[{"taxonomy":"category","embeddable":true,"href":"https:\/\/www.enorsai.com\/noticias\/wp-json\/wp\/v2\/categories?post=10423"},{"taxonomy":"post_tag","embeddable":true,"href":"https:\/\/www.enorsai.com\/noticias\/wp-json\/wp\/v2\/tags?post=10423"}],"curies":[{"name":"wp","href":"https:\/\/api.w.org\/{rel}","templated":true}]}}