{"id":10420,"date":"2025-10-29T17:35:54","date_gmt":"2025-10-29T20:35:54","guid":{"rendered":"https:\/\/www.enorsai.com\/noticias\/?p=10420"},"modified":"2025-10-29T17:35:59","modified_gmt":"2025-10-29T20:35:59","slug":"el-ingreso-del-vicepresidente-de-iran-desata-un-escandalo-internacional-y-deja-expuesta-la-falta-de-control-de-patricia-bullrich","status":"publish","type":"post","link":"https:\/\/www.enorsai.com\/noticias\/politica\/el-ingreso-del-vicepresidente-de-iran-desata-un-escandalo-internacional-y-deja-expuesta-la-falta-de-control-de-patricia-bullrich\/","title":{"rendered":"El ingreso del vicepresidente de Ir\u00e1n desata un esc\u00e1ndalo internacional y deja expuesta la falta de control de Patricia Bullrich"},"content":{"rendered":"\n<p>Un alto funcionario iran\u00ed recorri\u00f3 Argentina durante semanas sin ser detectado por los organismos de seguridad. El episodio gener\u00f3 una crisis pol\u00edtica interna y dej\u00f3 en evidencia la descomposici\u00f3n del sistema de inteligencia nacional bajo el gobierno de Javier Milei.<\/p>\n\n\n\n<p>La presencia del vicepresidente iran\u00ed Shahram Dabiri en territorio argentino, con visa de turista y sin registro oficial, encendi\u00f3 las alarmas diplom\u00e1ticas y provoc\u00f3 un terremoto pol\u00edtico en el gabinete nacional. Mientras la ministra de Seguridad, Patricia Bullrich, intenta despegarse del papel\u00f3n, la oposici\u00f3n exige explicaciones urgentes sobre la vulnerabilidad del Estado en materia de control migratorio e inteligencia.<\/p>\n\n\n\n<p>Durante marzo y abril de 2025, uno de los vicepresidentes de Ir\u00e1n, Shahram Dabiri, ingres\u00f3 a la Argentina sin que nadie dentro del gobierno nacional lo advirtiera. Declar\u00f3 ser m\u00e9dico, obtuvo una visa de turista y recorri\u00f3 el pa\u00eds con total libertad. Visit\u00f3 Buenos Aires, Bariloche, Ushuaia e incluso zonas de frontera. Reci\u00e9n semanas despu\u00e9s, cuando las fotos de su estad\u00eda comenzaron a circular en redes sociales iran\u00edes y algunos portales internacionales se hicieron eco, el esc\u00e1ndalo estall\u00f3 en Buenos Aires.<\/p>\n\n\n\n<p>El episodio no tard\u00f3 en transformarse en una crisis de seguridad nacional. Las autoridades reconocieron que la presencia del funcionario pas\u00f3 desapercibida tanto para la Direcci\u00f3n Nacional de Migraciones como para la Secretar\u00eda de Inteligencia del Estado (SIDE) y el propio Ministerio de Seguridad, a cargo de Patricia Bullrich. Se trat\u00f3 de una falla de proporciones monumentales: un funcionario de alto rango de un pa\u00eds involucrado en causas sensibles para la justicia argentina, como el atentado a la AMIA, ingres\u00f3 y se movi\u00f3 libremente por el territorio sin que nadie lo registrara.<\/p>\n\n\n\n<p>La noticia, publicada primero por <em>TN<\/em>, fue confirmada por medios como <em>Urgente24<\/em>, <em>MDZ Online<\/em> y <em>Canal 26<\/em>. Todos coincidieron en un punto: el gobierno se enter\u00f3 tarde y mal. La excusa oficial fue que Dabiri no viaj\u00f3 en misi\u00f3n diplom\u00e1tica ni con pasaporte oficial, sino como particular. Sin embargo, esa justificaci\u00f3n no alcanza para explicar por qu\u00e9 los sistemas de inteligencia no detectaron su identidad real, ni por qu\u00e9 nadie cruz\u00f3 los datos con bases internacionales que se\u00f1alan a altos funcionarios iran\u00edes bajo alerta por sus v\u00ednculos con estructuras de poder involucradas en hechos de terrorismo.<\/p>\n\n\n\n<figure class=\"wp-block-embed is-type-rich is-provider-twitter wp-block-embed-twitter\"><div class=\"wp-block-embed__wrapper\">\n<blockquote class=\"twitter-tweet\" data-width=\"550\" data-dnt=\"true\"><p lang=\"es\" dir=\"ltr\">\u00a1Por fin la ministra reconoce que no saben qu\u00e9 hacer y que hubo una falla en el sistema de seguridad e inteligencia argentino!<br><br>\u00bfEscuchan esto? <a href=\"https:\/\/t.co\/ZQ5u2zYdNY\">pic.twitter.com\/ZQ5u2zYdNY<\/a><\/p>&mdash; Florencia Carignano (@florcarignanook) <a href=\"https:\/\/twitter.com\/florcarignanook\/status\/1983259744287736261?ref_src=twsrc%5Etfw\">October 28, 2025<\/a><\/blockquote><script async src=\"https:\/\/platform.twitter.com\/widgets.js\" charset=\"utf-8\"><\/script>\n<\/div><\/figure>\n\n\n\n<p>Desde el oficialismo se prometi\u00f3 una \u201creforma profunda\u201d del sistema de control migratorio y de inteligencia. Seg\u00fan <em>TN<\/em>, el gobierno anunci\u00f3 que se modificar\u00e1n los formularios de visado y se ampliar\u00e1n los protocolos de chequeo para perfiles con posibles v\u00ednculos pol\u00edticos o diplom\u00e1ticos. La SIDE, intervenida en varias de sus \u00e1reas tras el episodio, deber\u00e1 ahora reportar directamente a la Jefatura de Gabinete en cuestiones de ingreso y egreso de funcionarios extranjeros. Pero detr\u00e1s de las medidas t\u00e9cnicas asoma un problema pol\u00edtico de fondo: el fracaso de la doctrina Bullrich, aquella que en campa\u00f1a promet\u00eda \u201corden, control y autoridad\u201d en todos los niveles del Estado.<\/p>\n\n\n\n<p>La ministra, que hizo de la seguridad una bandera personal, se encontr\u00f3 en el centro de la tormenta. Su relaci\u00f3n con Santiago Caputo \u2014el asesor presidencial m\u00e1s influyente\u2014 se tens\u00f3 al m\u00e1ximo. Diversas versiones indican que Bullrich responsabiliz\u00f3 a la SIDE por el fallo, mientras que desde el entorno de Caputo aseguran que el Ministerio de Seguridad no cumpli\u00f3 con los controles operativos m\u00ednimos. La disputa interna qued\u00f3 expuesta cuando la ex titular de Migraciones, Florencia Carignano, denunci\u00f3 en el Congreso que \u201cel vice de Ir\u00e1n tuvo visado consular\u201d y pregunt\u00f3 si la Canciller\u00eda o la SIDE hab\u00edan intervenido en la verificaci\u00f3n de su identidad.<\/p>\n\n\n\n<p>Lejos de ser un incidente burocr\u00e1tico, el ingreso del vicepresidente iran\u00ed representa un golpe a la credibilidad del Estado argentino ante la comunidad internacional. No solo por la dimensi\u00f3n diplom\u00e1tica \u2014Ir\u00e1n sigue siendo un pa\u00eds observado por organismos de inteligencia occidentales\u2014 sino por la fragilidad institucional que el episodio revela. Un funcionario extranjero con poder pol\u00edtico, de un pa\u00eds bajo sanciones internacionales, recorri\u00f3 la naci\u00f3n sin que los organismos de control lo notaran. En cualquier parte del mundo, eso equivale a un fallo sist\u00e9mico.<\/p>\n\n\n\n<p>El caso reaviv\u00f3 viejas heridas y miedos. No faltaron las voces que recordaron el atentado a la AMIA y la obligaci\u00f3n moral del Estado argentino de mantener una vigilancia estricta ante cualquier presencia iran\u00ed de alto nivel. La indiferencia o negligencia mostrada en este caso es, para muchos, una traici\u00f3n a esa memoria. Analistas internacionales se\u00f1alaron que, en medio del alineamiento del gobierno de Milei con Washington y Tel Aviv, el ingreso inadvertido de un vicepresidente iran\u00ed es un papel\u00f3n may\u00fasculo, capaz de deteriorar la confianza de los aliados estrat\u00e9gicos.<\/p>\n\n\n\n<p>El gobierno intent\u00f3 contener el da\u00f1o pol\u00edtico con declaraciones improvisadas. Bullrich habl\u00f3 de \u201cuna falla administrativa\u201d y prometi\u00f3 sanciones, mientras el vocero presidencial relativiz\u00f3 el hecho diciendo que \u201cno hab\u00eda alertas internacionales activas\u201d sobre Dabiri. La respuesta solo agrav\u00f3 la crisis: la oposici\u00f3n present\u00f3 pedidos de informes en el Congreso y exigi\u00f3 que Bullrich comparezca ante la Comisi\u00f3n de Seguridad Interior. Varios legisladores recordaron que fue ella misma quien disolvi\u00f3 unidades de an\u00e1lisis en frontera y recort\u00f3 presupuesto en inteligencia civil, lo que hoy se refleja en la incapacidad de detectar un ingreso sensible.<\/p>\n\n\n\n<p>A esta altura, el caso es m\u00e1s que un error de protocolo. Es un s\u00edmbolo del vaciamiento institucional que atraviesa al Estado argentino bajo el gobierno de Milei. La obsesi\u00f3n por recortar y desmantelar estructuras p\u00fablicas en nombre de la eficiencia termin\u00f3 generando un sistema de seguridad incapaz de garantizar lo m\u00e1s elemental: saber qui\u00e9n entra y qui\u00e9n sale del pa\u00eds.<\/p>\n\n\n\n<p>En el plano diplom\u00e1tico, Canciller\u00eda evit\u00f3 pronunciarse con claridad. La explicaci\u00f3n fue que, al haber ingresado como turista, el funcionario no requiri\u00f3 intervenci\u00f3n diplom\u00e1tica. Sin embargo, esa omisi\u00f3n solo refuerza el argumento de que el Estado act\u00faa con los ojos vendados. En un contexto internacional de alta tensi\u00f3n, donde los equilibrios geopol\u00edticos son delicados, semejante nivel de descoordinaci\u00f3n deja a la Argentina en una posici\u00f3n de vulnerabilidad in\u00e9dita.<\/p>\n\n\n\n<p>Mientras el gobierno promete reformas y busca culpables, el episodio ya dej\u00f3 una huella indeleble. Es el retrato m\u00e1s n\u00edtido de un modelo de gesti\u00f3n que confunde austeridad con desmantelamiento, y autoridad con improvisaci\u00f3n. Patricia Bullrich, que se presentaba como la garante del orden, termina siendo la cara visible de un desorden institucional que amenaza la seguridad nacional. Y el presidente Milei, obsesionado con las redes y los n\u00fameros de mercado, asiste pasivamente a un nuevo bochorno internacional que erosiona la poca confianza que a\u00fan conserva el Estado argentino.<\/p>\n\n\n\n<p>En las calles, el tema se comenta con indignaci\u00f3n. \u201cSi un vicepresidente de Ir\u00e1n entra sin control, \u00bfqui\u00e9n garantiza que no entren esp\u00edas, traficantes o pr\u00f3fugos?\u201d, se preguntan en los medios y en las redes. Es la pregunta que Bullrich no ha sabido responder.<\/p>\n","protected":false},"excerpt":{"rendered":"<p>Un alto funcionario iran\u00ed recorri\u00f3 Argentina durante semanas sin ser detectado por los organismos de seguridad. El episodio gener\u00f3 una crisis pol\u00edtica interna y dej\u00f3 en evidencia la descomposici\u00f3n del sistema de inteligencia nacional bajo el gobierno de Javier Milei. La presencia del vicepresidente iran\u00ed Shahram Dabiri en territorio argentino, con visa de turista y&#8230;<\/p>\n","protected":false},"author":13,"featured_media":10421,"comment_status":"open","ping_status":"open","sticky":false,"template":"","format":"standard","meta":{"_monsterinsights_skip_tracking":false,"_monsterinsights_sitenote_active":false,"_monsterinsights_sitenote_note":"","_monsterinsights_sitenote_category":0,"footnotes":"","jetpack_publicize_message":"","jetpack_publicize_feature_enabled":true,"jetpack_social_post_already_shared":true,"jetpack_social_options":{"image_generator_settings":{"template":"highway","default_image_id":0,"font":"","enabled":false},"version":2}},"categories":[2],"tags":[],"class_list":["post-10420","post","type-post","status-publish","format-standard","has-post-thumbnail","hentry","category-politica"],"jetpack_publicize_connections":[],"_links":{"self":[{"href":"https:\/\/www.enorsai.com\/noticias\/wp-json\/wp\/v2\/posts\/10420","targetHints":{"allow":["GET"]}}],"collection":[{"href":"https:\/\/www.enorsai.com\/noticias\/wp-json\/wp\/v2\/posts"}],"about":[{"href":"https:\/\/www.enorsai.com\/noticias\/wp-json\/wp\/v2\/types\/post"}],"author":[{"embeddable":true,"href":"https:\/\/www.enorsai.com\/noticias\/wp-json\/wp\/v2\/users\/13"}],"replies":[{"embeddable":true,"href":"https:\/\/www.enorsai.com\/noticias\/wp-json\/wp\/v2\/comments?post=10420"}],"version-history":[{"count":1,"href":"https:\/\/www.enorsai.com\/noticias\/wp-json\/wp\/v2\/posts\/10420\/revisions"}],"predecessor-version":[{"id":10422,"href":"https:\/\/www.enorsai.com\/noticias\/wp-json\/wp\/v2\/posts\/10420\/revisions\/10422"}],"wp:featuredmedia":[{"embeddable":true,"href":"https:\/\/www.enorsai.com\/noticias\/wp-json\/wp\/v2\/media\/10421"}],"wp:attachment":[{"href":"https:\/\/www.enorsai.com\/noticias\/wp-json\/wp\/v2\/media?parent=10420"}],"wp:term":[{"taxonomy":"category","embeddable":true,"href":"https:\/\/www.enorsai.com\/noticias\/wp-json\/wp\/v2\/categories?post=10420"},{"taxonomy":"post_tag","embeddable":true,"href":"https:\/\/www.enorsai.com\/noticias\/wp-json\/wp\/v2\/tags?post=10420"}],"curies":[{"name":"wp","href":"https:\/\/api.w.org\/{rel}","templated":true}]}}