{"id":10414,"date":"2025-10-29T16:40:22","date_gmt":"2025-10-29T19:40:22","guid":{"rendered":"https:\/\/www.enorsai.com\/noticias\/?p=10414"},"modified":"2025-10-29T16:41:12","modified_gmt":"2025-10-29T19:41:12","slug":"mas-de-130-muertos-en-rio-la-barbarie-policial-del-gobernador-bolsonarista-sacude-a-brasil","status":"publish","type":"post","link":"https:\/\/www.enorsai.com\/noticias\/mundo\/mas-de-130-muertos-en-rio-la-barbarie-policial-del-gobernador-bolsonarista-sacude-a-brasil\/","title":{"rendered":"M\u00e1s de 130 muertos en R\u00edo: la barbarie policial del gobernador bolsonarista sacude a Brasil"},"content":{"rendered":"\n<p>Una operaci\u00f3n policial en las favelas de R\u00edo de Janeiro dej\u00f3 m\u00e1s de 130 muertos y denuncias de torturas, ejecuciones y ocultamiento de cuerpos. La brutalidad fue ejecutada bajo la gesti\u00f3n del gobernador derechista Cl\u00e1udio Castro, aliado ideol\u00f3gico del bolsonarismo. Mientras la ONU y la Defensor\u00eda P\u00fablica exigen una investigaci\u00f3n urgente, el presidente Luiz In\u00e1cio Lula da Silva se desmarca y expresa \u201chorror\u201d ante la matanza. Brasil, otra vez, enfrenta su peor rostro: un Estado que dispara contra su propio pueblo.<\/p>\n\n\n\n<p>La masacre de R\u00edo de Janeiro no es un operativo m\u00e1s: es la evidencia del fracaso absoluto de las pol\u00edticas de \u201cmano dura\u201d promovidas por los sectores m\u00e1s reaccionarios de Brasil. Bajo la orden del gobernador bolsonarista Cl\u00e1udio Castro, unas 2.500 fuerzas combinadas de la Polic\u00eda Civil, Militar y unidades especiales irrumpieron el martes 28 de octubre en los complejos de favelas de Alem\u00e3o y Penha, con el pretexto de \u201ccombatir al narcotr\u00e1fico\u201d. Lo que sigui\u00f3 fue un ba\u00f1o de sangre sin precedentes: vecinos apilando cad\u00e1veres en plazas, madres buscando a sus hijos en los bosques, y un Estado que habla de \u201c\u00e9xito operativo\u201d mientras el pa\u00eds entero observa una masacre transmitida en directo.<\/p>\n\n\n\n<p>Los primeros reportes oficiales hablaron de 64 muertos, pero las cifras se multiplicaron a medida que los habitantes comenzaron a recuperar cuerpos. La Defensor\u00eda P\u00fablica del Estado confirm\u00f3 que la cifra real podr\u00eda superar los 130 fallecidos, con decenas de personas ejecutadas y abandonadas en las calles. La ONU expres\u00f3 \u201chorror\u201d ante la magnitud del crimen y exigi\u00f3 una investigaci\u00f3n independiente. Sin embargo, desde el gobierno de R\u00edo, la respuesta fue arrogante: insistir en que se trat\u00f3 de una \u201cguerra contra el crimen\u201d, como si esa ret\u00f3rica justificara la barbarie.<\/p>\n\n\n\n<p>No hay duda de que este operativo lleva la marca ideol\u00f3gica del bolsonarismo. Castro, un pol\u00edtico de derecha dura que lleg\u00f3 al poder con el apoyo de los sectores m\u00e1s conservadores, defiende una pol\u00edtica de seguridad que equipara pobreza con delincuencia y favela con enemigo interno. Su discurso calcado al de Jair Bolsonaro revive la doctrina del \u201cenemigo interno\u201d que en Brasil siempre tuvo color y direcci\u00f3n social: la represi\u00f3n sistem\u00e1tica sobre los pobres, los negros y los excluidos. Es la misma l\u00ednea de pensamiento que convirti\u00f3 al pa\u00eds en uno de los m\u00e1s letales del mundo en violencia policial.<\/p>\n\n\n\n<p>En medio del horror, Lula da Silva se mostr\u00f3 \u201chorrorizado\u201d por el n\u00famero de v\u00edctimas y dej\u00f3 claro que su gobierno no particip\u00f3 ni aval\u00f3 la operaci\u00f3n. Su posici\u00f3n, firme pero prudente, intenta marcar distancia de una gesti\u00f3n estadual que act\u00faa como si la democracia fuera un obst\u00e1culo para imponer el orden. Lula no orden\u00f3 esta masacre, ni tiene responsabilidad directa en ella. La operaci\u00f3n fue ejecutada por fuerzas bajo la autoridad del gobernador de R\u00edo, y su magnitud desbord\u00f3 cualquier protocolo de seguridad ciudadana. En Brasil, los estados tienen autonom\u00eda sobre sus fuerzas policiales, y Castro us\u00f3 esa prerrogativa como carta blanca para ejecutar una acci\u00f3n que dej\u00f3 a las favelas convertidas en cementerios a cielo abierto.<\/p>\n\n\n\n<p>Las im\u00e1genes son insoportables: cuerpos tendidos en fila sobre el asfalto, vecinos cargando cad\u00e1veres con mantas, madres gritando los nombres de sus hijos, mujeres liderando la b\u00fasqueda de desaparecidos en los bosques de Vacaria. R\u00edo amaneci\u00f3 vac\u00edo, con escuelas cerradas y el silencio de una ciudad en duelo. No hay \u201ccombate al crimen\u201d que justifique semejante despliegue de muerte. Lo que hubo fue un acto de terrorismo de Estado, un mensaje pol\u00edtico dirigido a demostrar que el poder puede arrasar con los m\u00e1rgenes, borrar vidas y seguir hablando de \u201cseguridad\u201d.<\/p>\n\n\n\n<p>El discurso de Castro es id\u00e9ntico al de Bolsonaro: criminalizar la pobreza, deshumanizar a los habitantes de las favelas y ofrecer espect\u00e1culo punitivo para ganar votos entre las clases medias aterradas por la inseguridad. Pero la pregunta es inevitable: \u00bfcu\u00e1ntos inocentes murieron esta vez? \u00bfCu\u00e1ntos de los 130 cuerpos eran realmente \u201csospechosos\u201d? Ninguna autoridad lo sabe, y probablemente nunca lo sepamos, porque las autopsias se har\u00e1n en silencio y la justicia brasile\u00f1a, como tantas veces, mirar\u00e1 hacia otro lado.<\/p>\n\n\n\n<p>Las denuncias de torturas y ejecuciones extrajudiciales son cada vez m\u00e1s numerosas. Testigos hablan de hombres capturados con vida y hallados luego con signos de tormento, cuerpos atados o con disparos a quemarropa. En redes sociales, circulan videos que muestran a polic\u00edas disparando a viviendas sin identificar objetivos, y testimonios de vecinos que aseguran que muchos de los muertos ni siquiera estaban armados. En esa escena de horror, los organismos de derechos humanos reclaman lo obvio: que el Estado investigue al Estado.<\/p>\n\n\n\n<p>Pero el gobierno de R\u00edo responde con cinismo: \u201cEstamos en guerra\u201d. Es la frase que justifica todo, desde el gatillo f\u00e1cil hasta la ejecuci\u00f3n colectiva. Es la misma l\u00f3gica que permiti\u00f3 durante a\u00f1os las masacres en las favelas: cada cuerpo en el suelo se convierte en un trofeo de eficacia. Las cifras importan menos que la narrativa. Y mientras las autoridades hablan de \u201cpacificaci\u00f3n\u201d, las familias entierran a sus muertos sin justicia ni consuelo.<\/p>\n\n\n\n<p>En este contexto, el silencio de ciertos medios brasile\u00f1os tambi\u00e9n duele. Muchos titulan el hecho como \u201cenfrentamiento con el narcotr\u00e1fico\u201d o \u201coperativo exitoso\u201d, reproduciendo el discurso oficial sin cuestionar la brutalidad ni el sesgo clasista y racial de la violencia. La palabra \u201cmasacre\u201d aparece t\u00edmidamente, mientras las im\u00e1genes de las calles llenas de cad\u00e1veres recorren el mundo. Y si algo resulta evidente, es que no hay nada que diferencie esta escena de un crimen de guerra. No es Gaza, pero se parece demasiado.<\/p>\n\n\n\n<p>El operativo en R\u00edo marca un punto de inflexi\u00f3n: la normalizaci\u00f3n del exterminio como pol\u00edtica p\u00fablica. Brasil vuelve a mostrar su rostro m\u00e1s cruel: el de un Estado que dispara hacia abajo, que transforma a los pobres en enemigos, que habla de \u201corden\u201d mientras multiplica las fosas. Y ese modelo, que Castro defiende con fervor bolsonarista, se replica como ideolog\u00eda en toda Am\u00e9rica Latina. La \u201cseguridad\u201d de los poderosos siempre se construye sobre los cuerpos de los vulnerables.<\/p>\n\n\n\n<p>Lula, en cambio, enfrenta ahora la tarea de separar la pol\u00edtica de derechos humanos de la mancha que deja este crimen. Su \u201chorror\u201d no basta: debe haber una condena institucional, una investigaci\u00f3n federal y un compromiso claro con el fin de las masacres policiales. Porque mientras las favelas sigan siendo territorio de guerra, la democracia brasile\u00f1a ser\u00e1 apenas una promesa incumplida.<\/p>\n\n\n\n<p>El gobernador de R\u00edo ha mostrado de qu\u00e9 lado est\u00e1: del lado de la bala, de la impunidad y de los viejos reflejos autoritarios del Brasil de Bolsonaro. Esta masacre no es un accidente: es el resultado directo de una concepci\u00f3n del poder que desprecia la vida. Y cada cuerpo recuperado por los vecinos es un testimonio de resistencia frente al Estado que mata.<\/p>\n\n\n\n<p>Lo ocurrido en R\u00edo de Janeiro es una herida abierta en el coraz\u00f3n de Am\u00e9rica Latina. No hay \u201cnarco\u201d que justifique este genocidio silencioso. Lo que hubo fue un ej\u00e9rcito de polic\u00edas actuando con l\u00f3gica militar, disparando sin control y torturando en nombre de una falsa paz. Y mientras el gobernador Castro busca aplausos de la derecha, el mundo observa espantado c\u00f3mo Brasil vuelve a su pesadilla m\u00e1s oscura: la del Estado que convierte la seguridad en muerte.<\/p>\n\n\n\n<p>Fuente:<\/p>\n\n\n\n<p>Reuters: <em>\u201cBrazilian officials raise death toll in Rio raid to at least 132\u201d<\/em> \u2192 https:\/\/www.reuters.com\/world\/americas\/brazilian-officials-raise-death-toll-rio-raid-least-132-2025-10-29\/ <\/p>\n\n\n\n<p>The Guardian: <em>\u201cBrazil: at least 64 reported killed in Rio\u2019s worst day of violence amid police favela raids\u201d<\/em> \u2192 https:\/\/www.theguardian.com\/world\/2025\/oct\/28\/brazil-rio-at-war-police-drug-raids-favelas <\/p>\n\n\n\n<p>AP News: <em>\u201cHuge Brazilian raid on Rio gang leaves at least 64 people dead and 81 under arrest\u201d<\/em> \u2192 https:\/\/apnews.com\/article\/25d6122a15c261b9b1275a7b2f361393<\/p>\n\n\n\n<p>Euronews: <em>\u201cBrazilian police raid on Rio drug-trafficking gang leaves at least 64 people dead\u201d<\/em> \u2192 https:\/\/www.euronews.com\/2025\/10\/29\/brazilian-police-raid-on-rio-drug-trafficking-gang-leaves-at-least-64-people-dead <\/p>\n\n\n\n<p>El Pa\u00eds (versi\u00f3n en ingl\u00e9s): <em>\u201cDeath toll from Rio de Janeiro police operation rises to more than 132\u201d<\/em> \u2192 https:\/\/english.elpais.com\/international\/2025-10-29\/death-toll-from-rio-de-janeiro-police-operation-rises-to-more-than-120.html <\/p>\n\n\n\n<p>Washington Post: <em>\u201cRio police raid death toll doubles to 132, state watchdog says\u201d<\/em> \u2192 https:\/\/www.washingtonpost.com\/world\/2025\/10\/28\/rio-alemao-penha-brazil-police-raid\/ <\/p>\n\n\n\n<p>Mirage News\/others (relating to UN call): <em>\u201cT\u00fcrk urges urgent reform of Brazil\u2019s policing methods\u201d<\/em> \u2192 https:\/\/www.miragenews.com\/turk-urges-urgent-reform-of-brazils-policing-1560226\/<\/p>\n\n\n\n<p>https:\/\/www.clarin.com\/mundo\/rio-janeiro-hallan-40-cadaveres-favelas-vecinos-acumulan-calles_0_JgxLrYTbV5.html<\/p>\n","protected":false},"excerpt":{"rendered":"<p>Una operaci\u00f3n policial en las favelas de R\u00edo de Janeiro dej\u00f3 m\u00e1s de 130 muertos y denuncias de torturas, ejecuciones y ocultamiento de cuerpos. La brutalidad fue ejecutada bajo la gesti\u00f3n del gobernador derechista Cl\u00e1udio Castro, aliado ideol\u00f3gico del bolsonarismo. Mientras la ONU y la Defensor\u00eda P\u00fablica exigen una investigaci\u00f3n urgente, el presidente Luiz In\u00e1cio&#8230;<\/p>\n","protected":false},"author":11,"featured_media":10415,"comment_status":"open","ping_status":"open","sticky":false,"template":"","format":"standard","meta":{"_monsterinsights_skip_tracking":false,"_monsterinsights_sitenote_active":false,"_monsterinsights_sitenote_note":"","_monsterinsights_sitenote_category":0,"footnotes":"","jetpack_publicize_message":"","jetpack_publicize_feature_enabled":true,"jetpack_social_post_already_shared":true,"jetpack_social_options":{"image_generator_settings":{"template":"highway","default_image_id":0,"font":"","enabled":false},"version":2}},"categories":[7],"tags":[],"class_list":["post-10414","post","type-post","status-publish","format-standard","has-post-thumbnail","hentry","category-mundo"],"jetpack_publicize_connections":[],"_links":{"self":[{"href":"https:\/\/www.enorsai.com\/noticias\/wp-json\/wp\/v2\/posts\/10414","targetHints":{"allow":["GET"]}}],"collection":[{"href":"https:\/\/www.enorsai.com\/noticias\/wp-json\/wp\/v2\/posts"}],"about":[{"href":"https:\/\/www.enorsai.com\/noticias\/wp-json\/wp\/v2\/types\/post"}],"author":[{"embeddable":true,"href":"https:\/\/www.enorsai.com\/noticias\/wp-json\/wp\/v2\/users\/11"}],"replies":[{"embeddable":true,"href":"https:\/\/www.enorsai.com\/noticias\/wp-json\/wp\/v2\/comments?post=10414"}],"version-history":[{"count":1,"href":"https:\/\/www.enorsai.com\/noticias\/wp-json\/wp\/v2\/posts\/10414\/revisions"}],"predecessor-version":[{"id":10416,"href":"https:\/\/www.enorsai.com\/noticias\/wp-json\/wp\/v2\/posts\/10414\/revisions\/10416"}],"wp:featuredmedia":[{"embeddable":true,"href":"https:\/\/www.enorsai.com\/noticias\/wp-json\/wp\/v2\/media\/10415"}],"wp:attachment":[{"href":"https:\/\/www.enorsai.com\/noticias\/wp-json\/wp\/v2\/media?parent=10414"}],"wp:term":[{"taxonomy":"category","embeddable":true,"href":"https:\/\/www.enorsai.com\/noticias\/wp-json\/wp\/v2\/categories?post=10414"},{"taxonomy":"post_tag","embeddable":true,"href":"https:\/\/www.enorsai.com\/noticias\/wp-json\/wp\/v2\/tags?post=10414"}],"curies":[{"name":"wp","href":"https:\/\/api.w.org\/{rel}","templated":true}]}}