{"id":10408,"date":"2025-10-29T16:19:43","date_gmt":"2025-10-29T19:19:43","guid":{"rendered":"https:\/\/www.enorsai.com\/noticias\/?p=10408"},"modified":"2025-10-29T16:22:57","modified_gmt":"2025-10-29T19:22:57","slug":"chau-vacaciones-la-flexibilizacion-disfrazada-de-modernizacion-y-como-el-gobierno-redefine-el-descanso-de-los-trabajadores","status":"publish","type":"post","link":"https:\/\/www.enorsai.com\/noticias\/sociedad\/chau-vacaciones-la-flexibilizacion-disfrazada-de-modernizacion-y-como-el-gobierno-redefine-el-descanso-de-los-trabajadores\/","title":{"rendered":"\u00a1Chau Vacaciones! La flexibilizaci\u00f3n disfrazada de modernizaci\u00f3n y c\u00f3mo el Gobierno redefine el descanso de los trabajadores"},"content":{"rendered":"\n<p><strong><em>El proyecto impulsado por Javier Milei y presentado por la diputada Romina Diez modifica la Ley de Contrato de Trabajo y permite fragmentar las vacaciones, extender su otorgamiento y someterlas a la planificaci\u00f3n empresarial, bajo el discurso de \u201cadaptaci\u00f3n moderna\u201d. Chau alas vacaciones tal como las conocemos hist\u00f3ricamente. \u00bfEsto es lo que realmente votaron?.<\/em><\/strong> <\/p>\n\n\n\n<p>La iniciativa, en discusi\u00f3n en el Congreso, cambia el art\u00edculo 154 de la Ley 20.744 y flexibiliza el r\u00e9gimen de licencias pagas, al permitir dividir los d\u00edas de descanso y extender el calendario hasta abril del a\u00f1o siguiente. Mientras el Gobierno lo presenta como una actualizaci\u00f3n del derecho laboral, los expertos advierten que se trata de un retroceso en las garant\u00edas hist\u00f3ricas que proteg\u00edan el descanso de los asalariados.<\/p>\n\n\n\n<p>El Gobierno de Javier Milei avanza con un nuevo cap\u00edtulo en su plan de desregulaci\u00f3n del trabajo. Bajo la consigna de \u201cmodernizar las relaciones laborales\u201d, el proyecto impulsado por la diputada Romina Diez, integrante de La Libertad Avanza, busca alterar una de las conquistas m\u00e1s antiguas del derecho laboral argentino: el derecho al descanso anual. La iniciativa, que ya se encuentra en el Congreso, modifica el art\u00edculo 154 de la Ley de Contrato de Trabajo y redefine las condiciones en las que los empleados podr\u00e1n tomar vacaciones. Lo hace con un argumento aparentemente inocuo \u2014\u201cflexibilizar el calendario\u201d\u2014 pero cuyas implicancias van mucho m\u00e1s all\u00e1 de una simple cuesti\u00f3n de fechas.<\/p>\n\n\n\n<p>Seg\u00fan el texto, el empleador podr\u00e1 otorgar las vacaciones \u201cen cualquier momento del a\u00f1o\u201d, incluso hasta el 30 de abril del siguiente per\u00edodo, lo que rompe con la tradicional concentraci\u00f3n del descanso durante los meses estivales. El Gobierno sostiene que esta medida \u201campl\u00eda las opciones\u201d para los trabajadores. Sin embargo, en la pr\u00e1ctica, ampl\u00eda sobre todo la discrecionalidad de las empresas para decidir cu\u00e1ndo sus empleados pueden descansar. En nombre de la flexibilidad, la norma pone en manos del empleador la potestad casi total sobre la organizaci\u00f3n del descanso, transformando un derecho en una prerrogativa empresarial.<\/p>\n\n\n\n<p>El proyecto tambi\u00e9n introduce la posibilidad de fraccionar las vacaciones en varios per\u00edodos, con el \u00fanico l\u00edmite de que cada tramo no sea menor a una semana. Es decir, los trabajadores ya no tendr\u00e1n asegurado un per\u00edodo continuo de descanso, sino que podr\u00e1n \u2014o, m\u00e1s bien, deber\u00e1n\u2014 dividir sus d\u00edas seg\u00fan la conveniencia operativa de la empresa. Detr\u00e1s del lenguaje burocr\u00e1tico que habla de \u201cadaptaci\u00f3n a las nuevas formas del trabajo\u201d, se esconde una pol\u00edtica clara: convertir la licencia anual en una variable de ajuste productivo.<\/p>\n\n\n\n<p>La reforma mantiene la obligaci\u00f3n de notificar con 21 d\u00edas de anticipaci\u00f3n la fecha de inicio del descanso, una formalidad que parece pensada m\u00e1s para garantizar la previsibilidad de los departamentos de recursos humanos que para proteger la vida familiar de los trabajadores. Con ese margen de tiempo, el empleado apenas podr\u00e1 reorganizar su vida dom\u00e9stica, pero dif\u00edcilmente podr\u00e1 planificar vacaciones reales. Se impone as\u00ed un modelo donde la organizaci\u00f3n empresarial prevalece sobre la necesidad humana de desconexi\u00f3n.<\/p>\n\n\n\n<p>El Gobierno intenta mostrar esta reforma como una versi\u00f3n \u201cmoderna\u201d de la legislaci\u00f3n laboral, adaptada a los nuevos tiempos. Pero en realidad reproduce la l\u00f3gica neoliberal que inspir\u00f3 las reformas de los a\u00f1os noventa: la individualizaci\u00f3n de las relaciones laborales y la reducci\u00f3n de los derechos colectivos. El texto habilita que los convenios sectoriales \u201cnegocien otras condiciones\u201d, pero ese gesto de apertura es m\u00e1s aparente que real. En un contexto de debilitamiento sindical y desempleo creciente, las posibilidades de que los gremios puedan imponer condiciones favorables son m\u00ednimas.<\/p>\n\n\n\n<p>La llamada \u201cmodernizaci\u00f3n\u201d se traduce, una vez m\u00e1s, en una transferencia de poder del trabajador hacia la empresa. En lugar de garantizar que las vacaciones cumplan su funci\u00f3n reparadora, la reforma las convierte en una herramienta de gesti\u00f3n flexible. Bajo este nuevo esquema, los empleados podr\u00edan verse obligados a dividir su descanso en funci\u00f3n de las necesidades de producci\u00f3n, de los ciclos de demanda o de los caprichos del calendario corporativo. El descanso deja de ser un derecho social y se convierte en un bien administrado por la empresa.<\/p>\n\n\n\n<p>El art\u00edculo presentado por Romina Diez incluso avanza sobre la estacionalidad del descanso. El empleador solo deber\u00e1 garantizar que cada trabajador tenga vacaciones durante el verano una vez cada dos a\u00f1os, salvo que el empleado decida lo contrario. Esa cl\u00e1usula, presentada como un equilibrio razonable, encubre un retroceso: hasta ahora, el verano era la referencia natural para el descanso anual, especialmente en actividades de alta carga f\u00edsica o emocional. Al desplazar esa garant\u00eda, la norma erosiona un principio b\u00e1sico de bienestar laboral.<\/p>\n\n\n\n<p>La posibilidad de tomar vacaciones conjuntas para trabajadores con v\u00ednculos familiares dentro de la misma empresa parece, a primera vista, un gesto progresista. Pero tambi\u00e9n aqu\u00ed se cuela la asimetr\u00eda: el derecho solo se ejerce \u201csi ambos lo solicitan\u201d y \u201csiempre que el empleador lo conceda\u201d. En otras palabras, la decisi\u00f3n \u00faltima sigue recayendo sobre la empresa. El proyecto no refuerza derechos familiares, sino que los condiciona a la voluntad empresarial, como si el descanso en pareja o con hijos fuera una concesi\u00f3n y no una necesidad social.<\/p>\n\n\n\n<p>El texto oficial insiste en que el fraccionamiento de las vacaciones \u201crefleja las nuevas modalidades del trabajo\u201d, pero lo que realmente refleja es el avance de un paradigma donde la productividad manda sobre el bienestar. Al permitir que el descanso se divida, se alinea con las l\u00f3gicas del trabajo fragmentado y la disponibilidad permanente que caracterizan al capitalismo digital. En lugar de garantizar tiempo real de recuperaci\u00f3n, la reforma legaliza la interrupci\u00f3n y la dispersi\u00f3n del descanso.<\/p>\n\n\n\n<p>La propuesta tambi\u00e9n altera el equilibrio de poder entre empleadores y empleados. La comunicaci\u00f3n por escrito con tres semanas de anticipaci\u00f3n parece una formalidad menor, pero en la pr\u00e1ctica refuerza la jerarqu\u00eda unilateral del empleador. En el modelo anterior, las vacaciones eran un per\u00edodo protegido por ley, con m\u00e1rgenes claros y previsibles. Con el nuevo dise\u00f1o, cada trabajador deber\u00e1 adaptarse al cronograma empresarial. El cambio no es t\u00e9cnico: es pol\u00edtico. Se trata de una redefinici\u00f3n de la relaci\u00f3n de fuerza en el mundo del trabajo.<\/p>\n\n\n\n<p>A nivel discursivo, el Gobierno presenta esta iniciativa como parte de una \u201creforma integral\u201d para \u201cliberar\u201d al mercado laboral de \u201crigideces obsoletas\u201d. Sin embargo, la supuesta libertad que propone es, en realidad, la libertad del empleador para disponer del tiempo de los dem\u00e1s. Es la misma l\u00f3gica que gu\u00eda otras medidas del oficialismo: la desregulaci\u00f3n de precios, la reducci\u00f3n del Estado, la flexibilizaci\u00f3n de los contratos y la supresi\u00f3n de instancias de control colectivo.<\/p>\n\n\n\n<p>En ese sentido, el cambio en el r\u00e9gimen de vacaciones no es un hecho aislado, sino parte de una pol\u00edtica coherente de desmantelamiento del derecho laboral. Cada art\u00edculo que se toca bajo la excusa de \u201cagilizar\u201d o \u201cmodernizar\u201d encierra un recorte. Se erosiona la idea de que el trabajo es una relaci\u00f3n social protegida por el Estado, para reemplazarla por la noci\u00f3n de que el trabajo es un contrato entre partes desiguales, donde el m\u00e1s fuerte \u2014la empresa\u2014 impone sus condiciones.<\/p>\n\n\n\n<p>En nombre de la eficiencia, el Gobierno propone una flexibilizaci\u00f3n que no beneficia al trabajador. Lo que se presenta como una opci\u00f3n de \u201cdividir las vacaciones seg\u00fan la preferencia individual\u201d es, en los hechos, una forma de atomizar al colectivo laboral. Al dispersar los per\u00edodos de descanso, se rompe tambi\u00e9n la sincron\u00eda del descanso colectivo, elemento esencial en la vida social de las comunidades obreras. La desincronizaci\u00f3n del descanso es la desincronizaci\u00f3n de la vida social.<\/p>\n\n\n\n<p>El derecho a las vacaciones fue concebido como un tiempo de reparaci\u00f3n f\u00edsica y ps\u00edquica. La reforma de Milei lo redefine como una variable productiva. Al legitimar la fragmentaci\u00f3n, la anticipaci\u00f3n m\u00ednima y la extensi\u00f3n del calendario, el proyecto consolida un modelo donde el descanso deja de ser un espacio de autonom\u00eda y se convierte en una extensi\u00f3n del control patronal.<\/p>\n\n\n\n<p>Los defensores de la reforma sostienen que \u201cel mundo cambi\u00f3\u201d y que \u201clas empresas necesitan adaptarse\u201d. Pero lo que cambi\u00f3 no es el valor del descanso, sino el equilibrio entre capital y trabajo. En una econom\u00eda precarizada, con salarios a la baja y sindicatos bajo ataque, cualquier flexibilizaci\u00f3n se traduce en p\u00e9rdida. El descanso no puede ser eficiente: debe ser humano.<\/p>\n\n\n\n<p>El debate en el Congreso ser\u00e1 la prueba de fuego para saber si las instituciones argentinas todav\u00eda reconocen que el descanso es un derecho, no un lujo. Si se aprueba esta reforma, la promesa de \u201cmodernizaci\u00f3n\u201d quedar\u00e1 como lo que realmente es: un eufemismo para el ajuste laboral m\u00e1s profundo desde los noventa.<\/p>\n\n\n\n<p>Fuente<\/p>\n\n\n\n<p>.<a href=\"https:\/\/www.infobae.com\/economia\/2025\/10\/29\/como-seran-las-vacaciones-de-los-empleados-segun-el-proyecto-de-reforma-laboral-con-el-que-el-gobierno-debatira-en-el-congreso\/\">https:\/\/www.infobae.com\/economia\/2025\/10\/29\/como-seran-las-vacaciones-de-los-empleados-segun-el-proyecto-de-reforma-laboral-con-el-que-el-gobierno-debatira-en-el-congreso\/<\/a><\/p>\n","protected":false},"excerpt":{"rendered":"<p>El proyecto impulsado por Javier Milei y presentado por la diputada Romina Diez modifica la Ley de Contrato de Trabajo y permite fragmentar las vacaciones, extender su otorgamiento y someterlas a la planificaci\u00f3n empresarial, bajo el discurso de \u201cadaptaci\u00f3n moderna\u201d. Chau alas vacaciones tal como las conocemos hist\u00f3ricamente. \u00bfEsto es lo que realmente votaron?. La&#8230;<\/p>\n","protected":false},"author":11,"featured_media":10409,"comment_status":"open","ping_status":"open","sticky":false,"template":"","format":"standard","meta":{"_monsterinsights_skip_tracking":false,"_monsterinsights_sitenote_active":false,"_monsterinsights_sitenote_note":"","_monsterinsights_sitenote_category":0,"footnotes":"","jetpack_publicize_message":"","jetpack_publicize_feature_enabled":true,"jetpack_social_post_already_shared":true,"jetpack_social_options":{"image_generator_settings":{"template":"highway","default_image_id":0,"font":"","enabled":false},"version":2}},"categories":[4,3946],"tags":[257,69,223,2112,1502,45,1271,292,3976],"class_list":["post-10408","post","type-post","status-publish","format-standard","has-post-thumbnail","hentry","category-sociedad","category-trabajo","tag-congreso","tag-derechos","tag-empresas","tag-flexibilizacion","tag-laboral","tag-milei","tag-reforma","tag-trabajadores","tag-vacaciones"],"jetpack_publicize_connections":[],"_links":{"self":[{"href":"https:\/\/www.enorsai.com\/noticias\/wp-json\/wp\/v2\/posts\/10408","targetHints":{"allow":["GET"]}}],"collection":[{"href":"https:\/\/www.enorsai.com\/noticias\/wp-json\/wp\/v2\/posts"}],"about":[{"href":"https:\/\/www.enorsai.com\/noticias\/wp-json\/wp\/v2\/types\/post"}],"author":[{"embeddable":true,"href":"https:\/\/www.enorsai.com\/noticias\/wp-json\/wp\/v2\/users\/11"}],"replies":[{"embeddable":true,"href":"https:\/\/www.enorsai.com\/noticias\/wp-json\/wp\/v2\/comments?post=10408"}],"version-history":[{"count":2,"href":"https:\/\/www.enorsai.com\/noticias\/wp-json\/wp\/v2\/posts\/10408\/revisions"}],"predecessor-version":[{"id":10413,"href":"https:\/\/www.enorsai.com\/noticias\/wp-json\/wp\/v2\/posts\/10408\/revisions\/10413"}],"wp:featuredmedia":[{"embeddable":true,"href":"https:\/\/www.enorsai.com\/noticias\/wp-json\/wp\/v2\/media\/10409"}],"wp:attachment":[{"href":"https:\/\/www.enorsai.com\/noticias\/wp-json\/wp\/v2\/media?parent=10408"}],"wp:term":[{"taxonomy":"category","embeddable":true,"href":"https:\/\/www.enorsai.com\/noticias\/wp-json\/wp\/v2\/categories?post=10408"},{"taxonomy":"post_tag","embeddable":true,"href":"https:\/\/www.enorsai.com\/noticias\/wp-json\/wp\/v2\/tags?post=10408"}],"curies":[{"name":"wp","href":"https:\/\/api.w.org\/{rel}","templated":true}]}}