{"id":1040,"date":"2025-02-11T06:35:00","date_gmt":"2025-02-11T09:35:00","guid":{"rendered":"http:\/\/www.enorsai.com\/noticias\/?p=1040"},"modified":"2025-02-11T06:29:07","modified_gmt":"2025-02-11T09:29:07","slug":"datos-del-gobierno-se-perdieron-185-000-puestos-de-trabajo-registrado-en-un-ano-y-el-empleo-sigue-cayendo","status":"publish","type":"post","link":"https:\/\/www.enorsai.com\/noticias\/sociedad\/datos-del-gobierno-se-perdieron-185-000-puestos-de-trabajo-registrado-en-un-ano-y-el-empleo-sigue-cayendo\/","title":{"rendered":"Datos del Gobierno: se perdieron 185.000 puestos de trabajo registrado en un a\u00f1o, y el empleo sigue cayendo"},"content":{"rendered":"\n<p><strong><em>Los datos oficiales sobre empleo marcan una ca\u00edda in\u00e9dita entre diciembre de 2023 a noviembre de 2024, y los indicadores recientes no mejoran.<\/em><\/strong><\/p>\n\n\n\n<p>Las pol\u00edticas de ajuste que encar\u00f3\u00a0<strong>Javier Milei<\/strong>\u00a0desde el primer minuto de su gesti\u00f3n no fueron gratuitas en el plano laboral: si se analiza el periodo diciembre 2023 a noviembre 2024, se perdieron pr\u00e1cticamente 185 mil puestos de empleo formal, una cifra in\u00e9dita y que surge de datos oficiales.<\/p>\n\n\n\n<p>De acuerdo al \u00faltimo informe que emiti\u00f3 la Secretar\u00eda de Trabajo de&nbsp;<strong>Julio Cordero<\/strong>, en ese per\u00edodo el empleo privado asalariado registrado se redujo en 119.000 personas, al bajar de 6.385.000 a 6.266.000 trabajadores.<\/p>\n\n\n\n<p>A esos n\u00fameros hay que agregarles que el empleo p\u00fablico se achic\u00f3 en 51.000 personas (desde 3.484.000 a 3.433.000 millones) y el personal de casas particulares, en 15.000 (de 464.000 a 449.000).<\/p>\n\n\n\n<p>Una consecuencia relacionada con la p\u00e9rdida de empleos fue el crecimiento de la cantidad de monotributistas, que puede explicarse tanto en la b\u00fasqueda de subsistencia de quienes perdieron su fuente de ingresos en relaci\u00f3n de dependencia como en la \u00abflexibilizaci\u00f3n\u00bb que la reforma laboral les habilit\u00f3 a las empresas para tomar personal.<\/p>\n\n\n\n<p>Sin embargo, los monotributistas aumentaron solo en 25.000 inscriptos (de 2.037.000 a 2.062.000), menos de un 15% en relaci\u00f3n con la cantidad de empleos destruidos.<\/p>\n\n\n\n<p>Todo ese combo dej\u00f3 una perdida significativa para el trabajado registrado: pas\u00f3 de contar con 13.392.000 empleados a 13.281.000 trabajadores.<\/p>\n\n\n\n<p><\/p>\n\n\n\n<h2 class=\"wp-block-heading\">Otras cifras: el empleo sigue cayendo<\/h2>\n\n\n\n<p>La situaci\u00f3n no dio muestras de revertirse en la segunda parte del a\u00f1o cuando, seg\u00fan Milei y los integrantes de su gobierno, la econom\u00eda habr\u00eda empezado a recuperarse.<\/p>\n\n\n\n<figure class=\"wp-block-image\"><img decoding=\"async\" src=\"https:\/\/gestionsindical.com\/wp-content\/uploads\/2024\/07\/2-3-e1721999658491.png\" alt=\"empleo, Julio Cordero\" class=\"wp-image-61147\"\/><figcaption class=\"wp-element-caption\">Empleo en ca\u00edda libre. Julio Cordero, secretario de Trabajo de la Naci\u00f3n.<\/figcaption><\/figure>\n\n\n\n<p>Por el contrario, en noviembre pasado, el trabajo registrado se redujo 0,1%, lo que implic\u00f3 16.500 trabajadores menos, tras un retroceso semejante en octubre, es decir que el promedio no solo se mantiene como desde el primer mes de gesti\u00f3n de Javier Milei sino que la proporci\u00f3n aument\u00f3 (los 185.000 puestos perdidos en 12 meses equivalen a unos 15.500 por mes).<\/p>\n\n\n\n<blockquote class=\"wp-block-quote is-layout-flow wp-block-quote-is-layout-flow\"><\/blockquote>\n\n\n\n<p>El documento de la secretaria indica que el empleo formal cumpli\u00f3 11 de 12 meses con retrocesos o sin crecimiento desde diciembre de 2023, cuando asumi\u00f3 la gesti\u00f3n actual y lejos de los pron\u00f3sticos alentadores que ofrece a diario el propio Milei. Con estos n\u00fameros, se ve que no hay demanda laboral fuerte ni reflejan expectativas positivas.<\/p>\n\n\n\n<p>Es m\u00e1s: hubo una creaci\u00f3n de 2.400 puestos en noviembre, lo cual equivale a una tasa de variaci\u00f3n mensual sin estacionalidad de 0,0%. Incluso, el crecimiento del empleo formal acumulado durante los \u00faltimos cuatro meses es \u201cacotado con relaci\u00f3n a la contracci\u00f3n verificada en los meses previos y en comparaci\u00f3n con la expansi\u00f3n de la actividad econ\u00f3mica observada durante los \u00faltimos meses\u201d. A su vez, el empleo formal presenta un incremento intermensual oscilante, y no llega a estabilizarse.<\/p>\n\n\n\n<p>En septiembre y octubre la creaci\u00f3n neta de empleo se aceler\u00f3 con respecto a agosto, pero en diciembre volvi\u00f3 a desacelerarse hasta alcanzar un valor similar al verificado en agosto, dice el reporte.<\/p>\n\n\n\n<figure class=\"wp-block-embed is-type-wp-embed is-provider-incrustar-wordpress wp-block-embed-incrustar-wordpress\"><div class=\"wp-block-embed__wrapper\">\n<blockquote class=\"wp-embedded-content\" data-secret=\"xYESWw4FVz\"><a href=\"https:\/\/www.enorsai.com\/noticias\/economia\/el-falso-milagro-de-los-superavits-gemelos-un-espejismo-de-ajuste-y-recesion\/\">El falso milagro de los \u201csuper\u00e1vits gemelos\u201d: un espejismo de ajuste y recesi\u00f3n<\/a><\/blockquote><iframe loading=\"lazy\" class=\"wp-embedded-content\" sandbox=\"allow-scripts\" security=\"restricted\" style=\"position: absolute; visibility: hidden;\" title=\"\u00abEl falso milagro de los \u201csuper\u00e1vits gemelos\u201d: un espejismo de ajuste y recesi\u00f3n\u00bb \u2014 \" src=\"https:\/\/www.enorsai.com\/noticias\/economia\/el-falso-milagro-de-los-superavits-gemelos-un-espejismo-de-ajuste-y-recesion\/embed\/#?secret=NUYLCv3YgK#?secret=xYESWw4FVz\" data-secret=\"xYESWw4FVz\" width=\"600\" height=\"338\" frameborder=\"0\" marginwidth=\"0\" marginheight=\"0\" scrolling=\"no\"><\/iframe>\n<\/div><\/figure>\n\n\n\n<p><\/p>\n\n\n\n<h2 class=\"wp-block-heading\">En diciembre, otra baja<\/h2>\n\n\n\n<p>De acuerdo a la informaci\u00f3n que brinda la Encuesta de Indicadores Laborales (EIL), el empleo privado cay\u00f3 0,2% en diciembre con relaci\u00f3n al mes anterior, que las autoridades lo atribuyeron a \u00abfactores estacionales\u00bb.<\/p>\n\n\n\n<blockquote class=\"wp-block-quote is-layout-flow wp-block-quote-is-layout-flow\"><\/blockquote>\n\n\n\n<p>El informe adem\u00e1s consigna que el empleo privado solo creci\u00f3 levemente en la Industria manufacturera (0,1%), mientras que se estanc\u00f3 en Comercio, restaurantes y hoteles (0,0%), Transporte, Servicios financieros y Sociales mostraron valores negativos (entre 0,0% y -0,5%8), y la Construcci\u00f3n cay\u00f3 (1,9%).<\/p>\n\n\n\n<p>En cuanto al salario, con Milei diciendo que le est\u00e1 ganando a la inflaci\u00f3n en los \u00faltimos meses, desde diciembre de 2023 hasta octubre de 2024 el haber promedio registrado tuvo en cada mes variaciones interanuales menores a la suba de precios. Reci\u00e9n en noviembre, la variaci\u00f3n salarial fue superior a la de los precios.<\/p>\n\n\n\n<p>La remuneraci\u00f3n nominal bruta promedio de noviembre de 2024 fue de $1.423.257 y creci\u00f3 172,8% con relaci\u00f3n al mismo mes del a\u00f1o anterior, mientras que la inflaci\u00f3n fue del 166%.<\/p>\n\n\n\n<p>Fuente:<\/p>\n\n\n\n<ul class=\"wp-block-list\">\n<li><a href=\"https:\/\/gestionsindical.com\/impresionante-cifra-perdida-empleo-registrados-primer-ano-gestion-milei\/\">https:\/\/gestionsindical.com\/impresionante-cifra-perdida-empleo-registrados-primer-ano-gestion-milei\/<\/a><\/li>\n<\/ul>\n\n\n\n<p><\/p>\n\n\n","protected":false},"excerpt":{"rendered":"<p>Los datos oficiales sobre empleo marcan una ca\u00edda in\u00e9dita entre diciembre de 2023 a noviembre de 2024, y los indicadores recientes no mejoran. Las pol\u00edticas de ajuste que encar\u00f3\u00a0Javier Milei\u00a0desde el primer minuto de su gesti\u00f3n no fueron gratuitas en el plano laboral: si se analiza el periodo diciembre 2023 a noviembre 2024, se perdieron&#8230;<\/p>\n","protected":false},"author":1,"featured_media":1041,"comment_status":"open","ping_status":"open","sticky":false,"template":"","format":"standard","meta":{"_monsterinsights_skip_tracking":false,"_monsterinsights_sitenote_active":false,"_monsterinsights_sitenote_note":"","_monsterinsights_sitenote_category":0,"footnotes":"","jetpack_publicize_message":"","jetpack_publicize_feature_enabled":true,"jetpack_social_post_already_shared":true,"jetpack_social_options":{"image_generator_settings":{"template":"highway","default_image_id":0,"font":"","enabled":false},"version":2}},"categories":[4],"tags":[],"class_list":["post-1040","post","type-post","status-publish","format-standard","has-post-thumbnail","hentry","category-sociedad"],"jetpack_publicize_connections":[],"_links":{"self":[{"href":"https:\/\/www.enorsai.com\/noticias\/wp-json\/wp\/v2\/posts\/1040","targetHints":{"allow":["GET"]}}],"collection":[{"href":"https:\/\/www.enorsai.com\/noticias\/wp-json\/wp\/v2\/posts"}],"about":[{"href":"https:\/\/www.enorsai.com\/noticias\/wp-json\/wp\/v2\/types\/post"}],"author":[{"embeddable":true,"href":"https:\/\/www.enorsai.com\/noticias\/wp-json\/wp\/v2\/users\/1"}],"replies":[{"embeddable":true,"href":"https:\/\/www.enorsai.com\/noticias\/wp-json\/wp\/v2\/comments?post=1040"}],"version-history":[{"count":1,"href":"https:\/\/www.enorsai.com\/noticias\/wp-json\/wp\/v2\/posts\/1040\/revisions"}],"predecessor-version":[{"id":1042,"href":"https:\/\/www.enorsai.com\/noticias\/wp-json\/wp\/v2\/posts\/1040\/revisions\/1042"}],"wp:featuredmedia":[{"embeddable":true,"href":"https:\/\/www.enorsai.com\/noticias\/wp-json\/wp\/v2\/media\/1041"}],"wp:attachment":[{"href":"https:\/\/www.enorsai.com\/noticias\/wp-json\/wp\/v2\/media?parent=1040"}],"wp:term":[{"taxonomy":"category","embeddable":true,"href":"https:\/\/www.enorsai.com\/noticias\/wp-json\/wp\/v2\/categories?post=1040"},{"taxonomy":"post_tag","embeddable":true,"href":"https:\/\/www.enorsai.com\/noticias\/wp-json\/wp\/v2\/tags?post=1040"}],"curies":[{"name":"wp","href":"https:\/\/api.w.org\/{rel}","templated":true}]}}