{"id":10392,"date":"2025-10-28T21:11:27","date_gmt":"2025-10-29T00:11:27","guid":{"rendered":"https:\/\/www.enorsai.com\/noticias\/politica\/graboisla-inhabilitacion-perpetua-de-guillermo-moreno-es-un-nuevo-acto-de-proscripcion-politica\/"},"modified":"2025-10-28T21:11:27","modified_gmt":"2025-10-29T00:11:27","slug":"graboisla-inhabilitacion-perpetua-de-guillermo-moreno-es-un-nuevo-acto-de-proscripcion-politica","status":"publish","type":"post","link":"https:\/\/www.enorsai.com\/noticias\/politica\/graboisla-inhabilitacion-perpetua-de-guillermo-moreno-es-un-nuevo-acto-de-proscripcion-politica\/","title":{"rendered":"Grabois:\u00bbLa inhabilitaci\u00f3n perpetua de Guillermo Moreno es un nuevo acto de proscripci\u00f3n pol\u00edtica\u00bb"},"content":{"rendered":"\n<p>El dirigente social Juan Grabois apunt\u00f3 duramente contra la Corte Suprema y el Gobierno nacional tras la inhabilitaci\u00f3n perpetua de Guillermo Moreno. En un mensaje cargado de contenido pol\u00edtico, denunci\u00f3 que el pa\u00eds vive bajo \u201cuna pena de muerte civil\u201d para el peronismo y acus\u00f3 al Ministerio de Econom\u00eda de estar \u201cen manos de un fondo de inversi\u00f3n extranjero\u201d.<br><br>Juan Grabois volvi\u00f3 a encender el debate pol\u00edtico con una denuncia que reson\u00f3 con fuerza en las redes sociales. A trav\u00e9s de su cuenta de X, el dirigente de Patria Grande sostuvo que la inhabilitaci\u00f3n perpetua impuesta a Guillermo Moreno constituye \u201cun nuevo acto de proscripci\u00f3n pol\u00edtica\u201d y \u201cla segunda pena de muerte civil contra un peronista decretada este a\u00f1o\u201d. El mensaje no solo pone en el centro del conflicto la situaci\u00f3n judicial del ex secretario de Comercio, sino que adem\u00e1s traza una radiograf\u00eda sombr\u00eda del presente institucional argentino.<br><br>\u201cLa Corte Suprema baila al ritmo del poder\u201d, escribi\u00f3 Grabois, aludiendo a un entramado judicial que, seg\u00fan su mirada, responde a los intereses de los grupos concentrados. No se trata solo de una cr\u00edtica circunstancial, sino de una acusaci\u00f3n directa: el m\u00e1ximo tribunal ser\u00eda el instrumento que garantiza la impunidad de ciertos actores y la persecuci\u00f3n de otros. Para el dirigente social, esa Corte \u2014a la que llam\u00f3 \u201cel tri\u00e1ngulo de escribas\u201d\u2014 habr\u00eda protegido durante tres a\u00f1os al empresario Fred Machado, un nombre cargado de connotaciones por su vinculaci\u00f3n con operaciones financieras irregulares y causas judiciales que a\u00fan generan controversia.<\/p>\n\n\n\n<figure class=\"wp-block-embed is-type-rich is-provider-twitter wp-block-embed-twitter\"><div class=\"wp-block-embed__wrapper\">\n<blockquote class=\"twitter-tweet\" data-width=\"550\" data-dnt=\"true\"><p lang=\"es\" dir=\"ltr\">La inhabilitaci\u00f3n perpetua de Guillermo Moreno es un nuevo acto de proscripci\u00f3n pol\u00edtica, la segunda pena de muerte civil contra un peronista que decreta este a\u00f1o el tri\u00e1ngulo de escribas: una Corte Suprema que baila al ritmo del poder y que protegi\u00f3 a Fred Machado durante tres\u2026<\/p>&mdash; Juan Grabois (@JuanGrabois) <a href=\"https:\/\/twitter.com\/JuanGrabois\/status\/1983317948065337677?ref_src=twsrc%5Etfw\">October 28, 2025<\/a><\/blockquote><script async src=\"https:\/\/platform.twitter.com\/widgets.js\" charset=\"utf-8\"><\/script>\n<\/div><\/figure>\n\n\n\n<p><br>Pero lo m\u00e1s potente de su publicaci\u00f3n no fue la denuncia judicial, sino la afirmaci\u00f3n pol\u00edtica que la acompa\u00f1a. Grabois sostuvo sin medias tintas que \u201cen Argentina no hay Estado de derecho\u201d, un diagn\u00f3stico extremo que refleja el nivel de desconfianza y desencanto que predomina en amplios sectores del campo popular frente al poder institucional. Seg\u00fan su lectura, las elecciones \u201cse realizan bajo amenaza\u201d, lo que pone en cuesti\u00f3n la legitimidad del sistema democr\u00e1tico en su conjunto.<br><br>El dirigente fue a\u00fan m\u00e1s lejos al se\u00f1alar que el Ministerio de Econom\u00eda \u201clo maneja un fondo de inversi\u00f3n\u201d y que \u201cla soberan\u00eda del pueblo fue entregada a una potencia extranjera por unos meses de pax cambiaria\u201d. La acusaci\u00f3n apunta al coraz\u00f3n del modelo econ\u00f3mico del gobierno de Javier Milei, cuestionando la dependencia estructural del pa\u00eds frente a los intereses financieros internacionales. Grabois advierte que el actual esquema no solo profundiza la desigualdad, sino que despoja al Estado de su funci\u00f3n esencial: garantizar la justicia social.<br><br>El texto es breve, pero cada palabra encierra un mensaje pol\u00edtico contundente. Hablar de \u201cpena de muerte civil\u201d implica denunciar la exclusi\u00f3n sistem\u00e1tica de dirigentes peronistas del juego pol\u00edtico mediante decisiones judiciales que, en lugar de buscar justicia, funcionar\u00edan como castigo ideol\u00f3gico. Es la resurrecci\u00f3n del viejo fantasma de la proscripci\u00f3n, ahora bajo una forma m\u00e1s sofisticada: la inhabilitaci\u00f3n perpetua, el expediente interminable, el fallo que cierra la puerta del sistema institucional.<br><br>En esa l\u00ednea, Grabois no se presenta como un mero comentarista, sino como un militante que llama a la acci\u00f3n: \u201cA los que tenemos Patria, creemos en el imperio de la ley y buscamos la justicia social, nos queda por delante una intensa resistencia\u201d. La frase final, casi \u00e9pica, sintetiza el esp\u00edritu de combate del dirigente, quien desde hace tiempo se posiciona como una de las voces m\u00e1s cr\u00edticas del poder econ\u00f3mico y judicial. No es casual que hable de \u201cresistencia\u201d y no de \u201coposici\u00f3n\u201d: el t\u00e9rmino remite a una \u00e9tica pol\u00edtica, una forma de lucha que trasciende lo electoral y que interpela directamente a la historia del peronismo.<br><br>El mensaje de Grabois puede leerse tambi\u00e9n como un llamado a recomponer una identidad pol\u00edtica en crisis. Frente a un escenario donde los resortes de la econom\u00eda est\u00e1n condicionados por el capital financiero internacional y los tribunales parecen actuar con sesgo pol\u00edtico, su denuncia busca reactivar la memoria de un movimiento que naci\u00f3 enfrentando precisamente esas formas de subordinaci\u00f3n. La menci\u00f3n a \u201cuna potencia extranjera\u201d \u2014sin nombrarla, pero claramente referida a los Estados Unidos y al FMI\u2014 completa el cuadro de un pa\u00eds que, seg\u00fan su interpretaci\u00f3n, ha perdido el control de su propio destino.<br><br>En el fondo, la publicaci\u00f3n no solo defiende a Guillermo Moreno, sino que plantea una disyuntiva m\u00e1s amplia: \u00bfpuede existir justicia social en un pa\u00eds donde las decisiones econ\u00f3micas se toman fuera de sus fronteras y las judiciales responden a intereses empresariales? La respuesta de Grabois es clara: no. Y su tono sugiere que, ante esa situaci\u00f3n, el \u00fanico camino posible es la organizaci\u00f3n popular y la resistencia.<br><br>Sus palabras irrumpen en un contexto de creciente conflictividad social, con salarios depreciados, despidos masivos y una pol\u00edtica de ajuste que se disfraza de \u201corden fiscal\u201d. En ese escenario, el discurso de Grabois vuelve a ubicar la discusi\u00f3n en el plano pol\u00edtico y moral: la soberan\u00eda, la justicia y el derecho no son meras abstracciones, sino condiciones concretas de existencia de una naci\u00f3n.<br><br>La inhabilitaci\u00f3n de Moreno funciona entonces como s\u00edmbolo, como un nuevo episodio de una historia m\u00e1s grande. La idea de \u201cproscripci\u00f3n\u201d reaparece como un signo de \u00e9poca: la imposibilidad de determinados sectores del pueblo de participar plenamente en la vida democr\u00e1tica. Grabois, al ponerle nombre y emoci\u00f3n a ese proceso, busca reinstalar un debate que la tecnocracia y los mercados prefieren evitar: el de la legitimidad del poder y el sentido mismo de la democracia argentina bajo tutela financiera.<br><br>Su advertencia final, \u201cnos queda por delante una intensa resistencia\u201d, no es un simple eslogan: es una definici\u00f3n pol\u00edtica. Implica reconocer que el conflicto est\u00e1 abierto y que, para una parte del pa\u00eds, la justicia ya no se busca en los tribunales, sino en la movilizaci\u00f3n popular. Una vez m\u00e1s, Grabois vuelve a poner sobre la mesa una verdad inc\u00f3moda: cuando la justicia se arrodilla ante el poder, la resistencia deja de ser una opci\u00f3n y se convierte en un deber.<\/p>\n","protected":false},"excerpt":{"rendered":"<p>El dirigente social Juan Grabois apunt\u00f3 duramente contra la Corte Suprema y el Gobierno nacional tras la inhabilitaci\u00f3n perpetua de Guillermo Moreno. En un mensaje cargado de contenido pol\u00edtico, denunci\u00f3 que el pa\u00eds vive bajo \u201cuna pena de muerte civil\u201d para el peronismo y acus\u00f3 al Ministerio de Econom\u00eda de estar \u201cen manos de un&#8230;<\/p>\n","protected":false},"author":1,"featured_media":10391,"comment_status":"open","ping_status":"open","sticky":false,"template":"","format":"standard","meta":{"_monsterinsights_skip_tracking":false,"_monsterinsights_sitenote_active":false,"_monsterinsights_sitenote_note":"","_monsterinsights_sitenote_category":0,"footnotes":"","jetpack_publicize_message":"","jetpack_publicize_feature_enabled":true,"jetpack_social_post_already_shared":true,"jetpack_social_options":{"image_generator_settings":{"template":"highway","default_image_id":0,"font":"","enabled":false},"version":2}},"categories":[2],"tags":[],"class_list":["post-10392","post","type-post","status-publish","format-standard","has-post-thumbnail","hentry","category-politica"],"jetpack_publicize_connections":[],"_links":{"self":[{"href":"https:\/\/www.enorsai.com\/noticias\/wp-json\/wp\/v2\/posts\/10392","targetHints":{"allow":["GET"]}}],"collection":[{"href":"https:\/\/www.enorsai.com\/noticias\/wp-json\/wp\/v2\/posts"}],"about":[{"href":"https:\/\/www.enorsai.com\/noticias\/wp-json\/wp\/v2\/types\/post"}],"author":[{"embeddable":true,"href":"https:\/\/www.enorsai.com\/noticias\/wp-json\/wp\/v2\/users\/1"}],"replies":[{"embeddable":true,"href":"https:\/\/www.enorsai.com\/noticias\/wp-json\/wp\/v2\/comments?post=10392"}],"version-history":[{"count":0,"href":"https:\/\/www.enorsai.com\/noticias\/wp-json\/wp\/v2\/posts\/10392\/revisions"}],"wp:featuredmedia":[{"embeddable":true,"href":"https:\/\/www.enorsai.com\/noticias\/wp-json\/wp\/v2\/media\/10391"}],"wp:attachment":[{"href":"https:\/\/www.enorsai.com\/noticias\/wp-json\/wp\/v2\/media?parent=10392"}],"wp:term":[{"taxonomy":"category","embeddable":true,"href":"https:\/\/www.enorsai.com\/noticias\/wp-json\/wp\/v2\/categories?post=10392"},{"taxonomy":"post_tag","embeddable":true,"href":"https:\/\/www.enorsai.com\/noticias\/wp-json\/wp\/v2\/tags?post=10392"}],"curies":[{"name":"wp","href":"https:\/\/api.w.org\/{rel}","templated":true}]}}