{"id":10359,"date":"2025-10-27T18:53:31","date_gmt":"2025-10-27T21:53:31","guid":{"rendered":"https:\/\/www.enorsai.com\/noticias\/?p=10359"},"modified":"2025-10-27T18:54:16","modified_gmt":"2025-10-27T21:54:16","slug":"crueldad-en-la-plata-el-joven-ian-moche-fue-discriminado-en-un-local-deportivo","status":"publish","type":"post","link":"https:\/\/www.enorsai.com\/noticias\/sociedad\/crueldad-en-la-plata-el-joven-ian-moche-fue-discriminado-en-un-local-deportivo\/","title":{"rendered":"Crueldad en La Plata: el joven Ian Moche fue discriminado en un local deportivo"},"content":{"rendered":"\n<p>El caso de Ian Moche expone la falta de empat\u00eda y la ausencia de pol\u00edticas efectivas de inclusi\u00f3n hacia las personas con autismo en la atenci\u00f3n comercial.<br \/><br \/>En el local \u201cMateu Sport\u201d, ubicado en Camino Centenario, un joven con autismo fue maltratado por pedir que bajaran la m\u00fasica. El encargado le dio cinco minutos para probarse y retirarse. El hecho desat\u00f3 indignaci\u00f3n social y volvi\u00f3 a poner en debate la responsabilidad empresarial y estatal en la formaci\u00f3n en discapacidad.<br \/><br \/>Lo ocurrido en La Plata no es un simple malentendido: es una muestra de la crueldad cotidiana que padecen las personas con autismo en una sociedad que todav\u00eda no logra entender la diversidad. Ian Moche, un joven conocido por su trabajo en la concientizaci\u00f3n sobre el espectro autista, fue v\u00edctima de una escena inaceptable cuando se acerc\u00f3 a comprar un par de zapatillas. Al pedir amablemente que bajaran la m\u00fasica \u2014un pedido habitual en personas con hipersensibilidad auditiva\u2014, el encargado del local \u201cMateu Sport\u201d, identificado como Tom\u00e1s Polo, respondi\u00f3 con desprecio: le dio \u201ccinco minutos para probarse, pagar y retirarse\u201d.<\/p>\n\n\n\n<figure class=\"wp-block-embed is-type-rich is-provider-twitter wp-block-embed-twitter\"><div class=\"wp-block-embed__wrapper\">\n<blockquote class=\"twitter-tweet\" data-width=\"550\" data-dnt=\"true\"><p lang=\"es\" dir=\"ltr\">Es muy triste lo que le ocurri\u00f3 al joven Ian Moche cuando fue a comprar un par de zapatillas en un local de La Plata. Al pedirle al encargado si pod\u00eda bajar la m\u00fasica (porque las personas con autismo, como \u00e9l, sufren ante ese tipo de est\u00edmulos), el hombre le respondi\u00f3 que ten\u00eda\u2026 <a href=\"https:\/\/t.co\/qrpD9T3SUK\">pic.twitter.com\/qrpD9T3SUK<\/a><\/p>&mdash; El Prensero (@El_Prensero) <a href=\"https:\/\/twitter.com\/El_Prensero\/status\/1982866959952671217?ref_src=twsrc%5Etfw\">October 27, 2025<\/a><\/blockquote><script async src=\"https:\/\/platform.twitter.com\/widgets.js\" charset=\"utf-8\"><\/script>\n<\/div><\/figure>\n\n\n\n<p><br \/><br \/>El gesto no fue solo una falta de empat\u00eda: fue una agresi\u00f3n. Una negaci\u00f3n del derecho b\u00e1sico a un trato digno. En lugar de ofrecer comprensi\u00f3n, el empleado reaccion\u00f3 con impaciencia y desd\u00e9n, reflejando un patr\u00f3n social m\u00e1s amplio: la incapacidad de aceptar lo distinto. Esa actitud no es individual; es estructural, alimentada por la ausencia de pol\u00edticas p\u00fablicas que garanticen capacitaci\u00f3n obligatoria en trato inclusivo dentro del \u00e1mbito comercial y de servicios.<br \/><br \/>El caso de Ian Moche es especialmente simb\u00f3lico porque \u00e9l mismo ha dedicado a\u00f1os a visibilizar la realidad de las personas dentro del espectro autista. Su experiencia pone en evidencia la distancia entre los discursos oficiales sobre inclusi\u00f3n y la pr\u00e1ctica real. No alcanza con \u201cconcientizar\u201d un d\u00eda al a\u00f1o. No alcanza con hashtags. Hace falta que el Estado, las empresas y los comercios comprendan que la inclusi\u00f3n no es una opci\u00f3n moral: es una obligaci\u00f3n legal y social.<br \/><br \/>En un pa\u00eds donde se aprueban leyes que luego nadie aplica, la historia de Ian duele porque desnuda la hipocres\u00eda de un sistema que se dice \u201cinclusivo\u201d mientras deja a las personas con autismo a merced de la incomprensi\u00f3n. Cada episodio como este refleja una cadena de responsabilidades: la del empleador que no capacita, la del Estado que no controla, y la de una sociedad que sigue viendo la discapacidad como un problema ajeno.<br \/><br \/>El encargado del local, Tom\u00e1s Polo, deber\u00eda ser separado inmediatamente de su cargo. No por un linchamiento medi\u00e1tico, sino porque su conducta es incompatible con cualquier \u00e1mbito de atenci\u00f3n al p\u00fablico. Pero el problema no termina ah\u00ed. Tambi\u00e9n debe discutirse el rol del comercio y las sanciones correspondientes. No puede ser que en pleno 2025 sigamos tolerando pr\u00e1cticas discriminatorias que atentan contra la dignidad humana.<br \/><br \/>El silencio de las autoridades provinciales y municipales ante un hecho de esta magnitud tambi\u00e9n resulta alarmante. No se trata de un caso aislado: se trata de una alerta sobre la falta de formaci\u00f3n obligatoria en todos los niveles de atenci\u00f3n, desde la educaci\u00f3n hasta el comercio. En un pa\u00eds donde la empat\u00eda parece un lujo, la discriminaci\u00f3n se normaliza y se vuelve paisaje.<br \/><br \/>Ian no solo fue humillado: fue vulnerado en su derecho a participar de la vida cotidiana en igualdad de condiciones. Su experiencia, compartida en redes sociales, gener\u00f3 una ola de apoyo y repudio hacia el local. Pero m\u00e1s all\u00e1 de la indignaci\u00f3n del momento, el desaf\u00edo es otro: construir un entorno que entienda que la neurodiversidad no es un obst\u00e1culo, sino parte de la riqueza social.<br \/><br \/>Ojal\u00e1 este episodio sirva para algo m\u00e1s que una tendencia moment\u00e1nea. Que la historia de Ian se convierta en un punto de inflexi\u00f3n y que el Estado deje de mirar para otro lado. Porque la inclusi\u00f3n no se declama: se garantiza.<\/p>\n","protected":false},"excerpt":{"rendered":"<p>El caso de Ian Moche expone la falta de empat\u00eda y la ausencia de pol\u00edticas efectivas de inclusi\u00f3n hacia las personas con autismo en la atenci\u00f3n comercial. En el local \u201cMateu Sport\u201d, ubicado en Camino Centenario, un joven con autismo fue maltratado por pedir que bajaran la m\u00fasica. El encargado le dio cinco minutos para&#8230;<\/p>\n","protected":false},"author":9,"featured_media":10360,"comment_status":"open","ping_status":"open","sticky":false,"template":"","format":"standard","meta":{"_monsterinsights_skip_tracking":false,"_monsterinsights_sitenote_active":false,"_monsterinsights_sitenote_note":"","_monsterinsights_sitenote_category":0,"footnotes":"","jetpack_publicize_message":"","jetpack_publicize_feature_enabled":true,"jetpack_social_post_already_shared":true,"jetpack_social_options":{"image_generator_settings":{"template":"highway","default_image_id":0,"font":"","enabled":false},"version":2}},"categories":[4],"tags":[],"class_list":["post-10359","post","type-post","status-publish","format-standard","has-post-thumbnail","hentry","category-sociedad"],"jetpack_publicize_connections":[],"_links":{"self":[{"href":"https:\/\/www.enorsai.com\/noticias\/wp-json\/wp\/v2\/posts\/10359","targetHints":{"allow":["GET"]}}],"collection":[{"href":"https:\/\/www.enorsai.com\/noticias\/wp-json\/wp\/v2\/posts"}],"about":[{"href":"https:\/\/www.enorsai.com\/noticias\/wp-json\/wp\/v2\/types\/post"}],"author":[{"embeddable":true,"href":"https:\/\/www.enorsai.com\/noticias\/wp-json\/wp\/v2\/users\/9"}],"replies":[{"embeddable":true,"href":"https:\/\/www.enorsai.com\/noticias\/wp-json\/wp\/v2\/comments?post=10359"}],"version-history":[{"count":1,"href":"https:\/\/www.enorsai.com\/noticias\/wp-json\/wp\/v2\/posts\/10359\/revisions"}],"predecessor-version":[{"id":10361,"href":"https:\/\/www.enorsai.com\/noticias\/wp-json\/wp\/v2\/posts\/10359\/revisions\/10361"}],"wp:featuredmedia":[{"embeddable":true,"href":"https:\/\/www.enorsai.com\/noticias\/wp-json\/wp\/v2\/media\/10360"}],"wp:attachment":[{"href":"https:\/\/www.enorsai.com\/noticias\/wp-json\/wp\/v2\/media?parent=10359"}],"wp:term":[{"taxonomy":"category","embeddable":true,"href":"https:\/\/www.enorsai.com\/noticias\/wp-json\/wp\/v2\/categories?post=10359"},{"taxonomy":"post_tag","embeddable":true,"href":"https:\/\/www.enorsai.com\/noticias\/wp-json\/wp\/v2\/tags?post=10359"}],"curies":[{"name":"wp","href":"https:\/\/api.w.org\/{rel}","templated":true}]}}