{"id":10338,"date":"2025-10-27T00:03:01","date_gmt":"2025-10-27T03:03:01","guid":{"rendered":"https:\/\/www.enorsai.com\/noticias\/?p=10338"},"modified":"2025-10-27T06:10:11","modified_gmt":"2025-10-27T09:10:11","slug":"villaverde-festejo-en-soledad-su-llega-al-senado-a-pesar-de-sus-causas-por-drogas-en-estados-unidos","status":"publish","type":"post","link":"https:\/\/www.enorsai.com\/noticias\/uncategorized\/villaverde-festejo-en-soledad-su-llega-al-senado-a-pesar-de-sus-causas-por-drogas-en-estados-unidos\/","title":{"rendered":"Villaverde festej\u00f3 en soledad su llega al Senado a pesar de sus causas por drogas en Estados Unidos"},"content":{"rendered":"\n<p>La senadora electa por La Libertad Avanza, Lorena Villaverde, celebr\u00f3 su ingreso al Senado con frases grandilocuentes y un festejo improvisado en Roca. Detr\u00e1s del discurso del \u201cmiedo vencido\u201d se esconde un modelo que castiga a los trabajadores, vac\u00eda el Estado y, seg\u00fan documentos estadounidenses, acumula una sombra por narcotr\u00e1fico que pone a\u00fan m\u00e1s en cuesti\u00f3n su llegada al Congreso.<\/p>\n\n\n\n<p>Lorena Villaverde eligi\u00f3 el monumento a la Manzana de Roca para celebrar su triunfo electoral, rodeada de unas treinta personas y de un discurso que suena m\u00e1s a libreto que a convicci\u00f3n. \u201cEl miedo fue vencido por la libertad\u201d, proclam\u00f3 ante los micr\u00f3fonos, en una escena que pretend\u00eda \u00e9pica pero termin\u00f3 pareciendo un mon\u00f3logo de marketing libertario.<\/p>\n\n\n\n<p>Villaverde obtuvo una banca en el Senado con el 30,2 % de los votos, apenas por encima de Fuerza Patria. Sin embargo, en lugar de hablar del hambre, de la desocupaci\u00f3n o del cierre de pymes rionegrinas, prefiri\u00f3 repetir el catecismo del mile\u00edsmo: \u201cla verdad gan\u00f3 sobre la mentira\u201d, \u201cla esperanza sobre la barbarie\u201d. Frases huecas que intentan tapar el ruido del ajuste.<\/p>\n\n\n\n<p>En R\u00edo Negro, la \u201clibertad\u201d de la que habla Villaverde se traduce en hospitales con guardias reducidas, comedores sin asistencia nacional y universidades al borde del colapso presupuestario. No hay miedo vencido: hay miedo multiplicado. Miedo a perder el empleo, miedo a enfermarse, miedo a que los j\u00f3venes se vayan del pa\u00eds porque el proyecto libertario s\u00f3lo les ofrece precariedad.<\/p>\n\n\n\n<p>Resulta parad\u00f3jico escuchar a la senadora electa hablar de \u201creformas laborales, tributarias y penales tan necesarias\u201d. En la jerga del mile\u00edsmo, \u201creforma laboral\u201d significa recorte de derechos, \u201creforma tributaria\u201d alivio para los grandes grupos econ\u00f3micos y \u201creforma penal\u201d m\u00e1s castigo para los pobres. Bajo el disfraz del cambio, se consolida un modelo que expulsa, ajusta y reprime.<\/p>\n\n\n\n<p>La euforia de Villaverde contrasta con la realidad que atraviesa su provincia. R\u00edo Negro es una de las m\u00e1s afectadas por el freno a la obra p\u00fablica y el derrumbe del consumo interno. Los intendentes denuncian falta de fondos, los docentes reclaman paritarias congeladas y los trabajadores estatales sobreviven a un Estado que el gobierno de Javier Milei vac\u00eda con el aplauso de su nueva senadora.<\/p>\n\n\n\n<p>Adem\u00e1s, lo que hasta hace semanas se intentaba mantener en penumbra hoy salta a la luz: documentos oficiales de los Estados Unidos indican que Villaverde <strong>fue detenida en Miami en 2002 acusada de intentar comprar un kilo de coca\u00edna<\/strong> por valor aproximado de 17.000 d\u00f3lares, seg\u00fan registros del Estado de Florida. <a href=\"https:\/\/www.pagina12.com.ar\/867356-se-agrava-el-narcoescandalo-de-villaverde?utm_source=chatgpt.com\" target=\"_blank\" rel=\"noreferrer noopener\">La Izquierda Diario+3PAGINA12+3Clar\u00edn+3<\/a> Tambi\u00e9n se informa que le fue prohibido el ingreso al pa\u00eds norteamericano. Esta informaci\u00f3n pone en cuesti\u00f3n no s\u00f3lo su discurso, sino su legitimidad para ocupar una banca en el Congreso: \u00bfqu\u00e9 ciudadana puede alzar la voz contra el narcotr\u00e1fico si arrastra este tipo de se\u00f1alamientos?<\/p>\n\n\n\n<p>Villaverde se presenta como la voz de los emprendedores, pero nada dice sobre las tarifas dolarizadas que destruyen cualquier intento de inversi\u00f3n local. Habla de \u201crionegrinas maltratadas\u201d mientras apoya un gobierno que elimin\u00f3 los programas contra la violencia de g\u00e9nero y desmantel\u00f3 el Ministerio de Mujeres. Su discurso no resiste el contraste con los hechos: es puro relato.<\/p>\n\n\n\n<p>La senadora de Milei agradeci\u00f3 al \u201cproyecto de pa\u00eds\u201d que conduce el presidente. Y tiene raz\u00f3n en una cosa: su llegada al Senado consolida ese proyecto. Un proyecto de concentraci\u00f3n econ\u00f3mica, persecuci\u00f3n ideol\u00f3gica y transferencia brutal de recursos desde las provincias hacia los grandes fondos financieros. Villaverde ser\u00e1 una pieza m\u00e1s en ese engranaje.<\/p>\n\n\n\n<p>La escena del festejo en Roca \u2014modesta, casi silenciosa\u2014 sintetiza la distancia entre el entusiasmo artificial del mile\u00edsmo y la vida real de la gente. No hubo multitudes, ni banderas, ni alegr\u00eda popular. Apenas un pu\u00f1ado de militantes convencidos de que repetir consignas es suficiente para gobernar. Mientras tanto, el \u201cmiedo\u201d del que habla Villaverde sigue ah\u00ed: en los barrios que ya no llegan a fin de mes, en los jubilados que el Gobierno humilla cada mi\u00e9rcoles, en los trabajadores que miran con angustia el futuro.<\/p>\n\n\n\n<p>La libertad que Milei y Villaverde proclaman no es la de los pueblos sino la de los poderosos. La libertad de especular, despedir, fugar y acumular. El resto \u2014la mayor\u00eda\u2014 sigue preso del ajuste.<\/p>\n\n\n\n<p><\/p>\n","protected":false},"excerpt":{"rendered":"<p>La senadora electa por La Libertad Avanza, Lorena Villaverde, celebr\u00f3 su ingreso al Senado con frases grandilocuentes y un festejo improvisado en Roca. Detr\u00e1s del discurso del \u201cmiedo vencido\u201d se esconde un modelo que castiga a los trabajadores, vac\u00eda el Estado y, seg\u00fan documentos estadounidenses, acumula una sombra por narcotr\u00e1fico que pone a\u00fan m\u00e1s en&#8230;<\/p>\n","protected":false},"author":1,"featured_media":10339,"comment_status":"open","ping_status":"open","sticky":false,"template":"","format":"standard","meta":{"_monsterinsights_skip_tracking":false,"_monsterinsights_sitenote_active":false,"_monsterinsights_sitenote_note":"","_monsterinsights_sitenote_category":0,"footnotes":"","jetpack_publicize_message":"","jetpack_publicize_feature_enabled":true,"jetpack_social_post_already_shared":true,"jetpack_social_options":{"image_generator_settings":{"template":"highway","default_image_id":0,"font":"","enabled":false},"version":2}},"categories":[3949,2,1],"tags":[],"class_list":["post-10338","post","type-post","status-publish","format-standard","has-post-thumbnail","hentry","category-elecciones","category-politica","category-uncategorized"],"jetpack_publicize_connections":[],"_links":{"self":[{"href":"https:\/\/www.enorsai.com\/noticias\/wp-json\/wp\/v2\/posts\/10338","targetHints":{"allow":["GET"]}}],"collection":[{"href":"https:\/\/www.enorsai.com\/noticias\/wp-json\/wp\/v2\/posts"}],"about":[{"href":"https:\/\/www.enorsai.com\/noticias\/wp-json\/wp\/v2\/types\/post"}],"author":[{"embeddable":true,"href":"https:\/\/www.enorsai.com\/noticias\/wp-json\/wp\/v2\/users\/1"}],"replies":[{"embeddable":true,"href":"https:\/\/www.enorsai.com\/noticias\/wp-json\/wp\/v2\/comments?post=10338"}],"version-history":[{"count":1,"href":"https:\/\/www.enorsai.com\/noticias\/wp-json\/wp\/v2\/posts\/10338\/revisions"}],"predecessor-version":[{"id":10340,"href":"https:\/\/www.enorsai.com\/noticias\/wp-json\/wp\/v2\/posts\/10338\/revisions\/10340"}],"wp:featuredmedia":[{"embeddable":true,"href":"https:\/\/www.enorsai.com\/noticias\/wp-json\/wp\/v2\/media\/10339"}],"wp:attachment":[{"href":"https:\/\/www.enorsai.com\/noticias\/wp-json\/wp\/v2\/media?parent=10338"}],"wp:term":[{"taxonomy":"category","embeddable":true,"href":"https:\/\/www.enorsai.com\/noticias\/wp-json\/wp\/v2\/categories?post=10338"},{"taxonomy":"post_tag","embeddable":true,"href":"https:\/\/www.enorsai.com\/noticias\/wp-json\/wp\/v2\/tags?post=10338"}],"curies":[{"name":"wp","href":"https:\/\/api.w.org\/{rel}","templated":true}]}}