{"id":10335,"date":"2025-10-26T23:35:34","date_gmt":"2025-10-27T02:35:34","guid":{"rendered":"https:\/\/www.enorsai.com\/noticias\/?p=10335"},"modified":"2025-10-26T23:37:11","modified_gmt":"2025-10-27T02:37:11","slug":"kicillof-a-milei-se-equivoca-si-festeja-seis-de-cada-diez-argentinos-rechazaron-su-modelo-de-ajuste","status":"publish","type":"post","link":"https:\/\/www.enorsai.com\/noticias\/politica\/kicillof-a-milei-se-equivoca-si-festeja-seis-de-cada-diez-argentinos-rechazaron-su-modelo-de-ajuste\/","title":{"rendered":"Kicillof a Milei: \u201cSe equivoca si festeja, seis de cada diez argentinos rechazaron su modelo de ajuste\u201d"},"content":{"rendered":"\n<p>Las elecciones legislativas del 26 de octubre de 2025 dejaron un panorama m\u00e1s complejo de lo que el Gobierno nacional quisiera admitir. En la provincia de Buenos Aires, distrito clave que concentra casi el 38 % del padr\u00f3n electoral del pa\u00eds, la coalici\u00f3n oficialista La Libertad Avanza, encabezada por Diego Santilli, se impuso por un margen estrecho sobre Fuerza Patria, el espacio peronista conducido por el excanciller. Seg\u00fan los datos oficiales, LLA alcanz\u00f3 alrededor del 41,5 % de los votos y Fuerza Patria el 40,8 %, lo que se traduce en 17 bancas para el oficialismo y 16 para el peronismo. Una diferencia m\u00ednima que, sin embargo, el presidente Javier Milei intent\u00f3 capitalizar como un triunfo pol\u00edtico y personal.<\/p>\n\n\n\n<p>Pero apenas conocido el resultado, el gobernador Axel Kicillof lanz\u00f3 un mensaje directo al mandatario: \u201cSe equivoca si festeja este resultado electoral\u201d, advirti\u00f3. \u201cSeis de cada diez argentinos han dicho que no est\u00e1n de acuerdo con este modelo de ajuste.\u201d Su frase, pronunciada en la sede del gobierno provincial en La Plata, marc\u00f3 el tono de la noche. No hubo euforia ni resignaci\u00f3n, sino un diagn\u00f3stico de realidad. Kicillof record\u00f3 que, tras la aplastante victoria del peronismo bonaerense en las elecciones provinciales del 7 de septiembre, el Ejecutivo nacional busc\u00f3 desesperadamente respaldo externo, recurriendo a la ayuda del expresidente Donald Trump y a los fondos de inversi\u00f3n estadounidenses que, seg\u00fan el mandatario provincial, \u201chan vuelto a tocar suelo argentino\u201d.<\/p>\n\n\n\n<p>\u201cJP Morgan no es una sociedad de beneficencia \u2014dijo Kicillof\u2014. Si vinieron a la Argentina, no es para otra cosa que para llevarse un lucro: nuestros recursos.\u201d La referencia al banco estadounidense y a su rol como intermediario de la nueva dependencia financiera del pa\u00eds fue m\u00e1s que simb\u00f3lica. En los \u00faltimos meses, altos ejecutivos del JP Morgan y de otros fondos vinculados a Wall Street mantuvieron reuniones con funcionarios del Palacio de Hacienda para delinear la posible llegada de capitales especulativos bajo el pretexto de \u201creactivar el mercado\u201d. Kicillof interpret\u00f3 ese movimiento como una se\u00f1al inequ\u00edvoca del rumbo que sigue el gobierno libertario: subordinaci\u00f3n a los intereses externos, priorizaci\u00f3n del capital financiero y desmantelamiento del Estado como garante de derechos sociales.<\/p>\n\n\n\n<figure class=\"wp-block-embed is-type-rich is-provider-twitter wp-block-embed-twitter\"><div class=\"wp-block-embed__wrapper\">\n<blockquote class=\"twitter-tweet\" data-width=\"550\" data-dnt=\"true\"><p lang=\"es\" dir=\"ltr\">\u2757\ufe0fEl mensaje de Axel Kicillof tras el resultado en las elecciones legislativas<br><br>&quot;Es nuestra obligaci\u00f3n contruir una alternativa que le muestre a nuestro pueblo que hay otro camino&quot;\ud83d\udde3\ufe0f <a href=\"https:\/\/t.co\/QIr0wa8xV1\">pic.twitter.com\/QIr0wa8xV1<\/a><\/p>&mdash; El Destape (@eldestapeweb) <a href=\"https:\/\/twitter.com\/eldestapeweb\/status\/1982636028658897049?ref_src=twsrc%5Etfw\">October 27, 2025<\/a><\/blockquote><script async src=\"https:\/\/platform.twitter.com\/widgets.js\" charset=\"utf-8\"><\/script>\n<\/div><\/figure>\n\n\n\n<p>El gobernador bonaerense reconoci\u00f3 que el oficialismo celebra el \u201capoyo norteamericano y del sector financiero\u201d, pero lanz\u00f3 una advertencia tajante: \u201cDesde ma\u00f1ana tenemos que ver si mejora en algo la situaci\u00f3n de nuestra provincia, de nuestra gente.\u201d Esa frase, dirigida m\u00e1s al ciudadano com\u00fan que a los analistas pol\u00edticos, condens\u00f3 la grieta econ\u00f3mica y social que se profundiz\u00f3 durante los \u00faltimos meses. Kicillof insisti\u00f3 en que, pese al maquillaje electoral, el programa de Milei sigue siendo un ataque directo contra la educaci\u00f3n p\u00fablica, la salud, la ciencia y los sectores m\u00e1s vulnerables. \u201cMa\u00f1ana van a seguir atentando contra la salud y la educaci\u00f3n p\u00fablica \u2014dijo\u2014 y la situaci\u00f3n de nuestro pueblo no va a mejorar ni un mil\u00edmetro mientras sigan con la misma pol\u00edtica.\u201d<\/p>\n\n\n\n<p>El mensaje tuvo un doble objetivo: responder al intento del Gobierno de instalar una narrativa triunfalista y reafirmar que el respaldo social al modelo de ajuste es mucho menor de lo que las cifras electorales aparentan. En efecto, si se suman los votos de todas las fuerzas opositoras, el 60 % del electorado se pronunci\u00f3 contra el oficialismo. Por eso, cuando Milei celebr\u00f3 \u201cla consolidaci\u00f3n de la revoluci\u00f3n liberal\u201d, lo hizo sobre una base fr\u00e1gil, sostenida por un n\u00facleo duro que sigue siendo minoritario en t\u00e9rminos absolutos. Kicillof, en cambio, apel\u00f3 a un tono institucional pero firme: record\u00f3 que el triunfo parcial de LLA no autoriza a continuar con un modelo que empobrece a las mayor\u00edas y destruye el tejido productivo nacional.<\/p>\n\n\n\n<p>El resultado en Buenos Aires fue le\u00eddo en los c\u00edrculos econ\u00f3micos como una victoria ajustada, pero en la arena pol\u00edtica se interpret\u00f3 como un llamado de atenci\u00f3n. Los m\u00e1rgenes estrechos revelan un pa\u00eds dividido entre quienes creen en la salvaci\u00f3n del mercado y quienes a\u00fan defienden el rol del Estado. Mientras Milei se apoya en el respaldo de los capitales especulativos y en el aval de Trump para sostener su pol\u00edtica de shock, Kicillof emerge como una voz que interpela a los sectores populares y productivos del conurbano, de los municipios del interior y del sistema educativo que resiste el vaciamiento presupuestario.<\/p>\n\n\n\n<p>El oficialismo intentar\u00e1 mostrar fortaleza en el Congreso, pero el resultado bonaerense demostr\u00f3 que su base pol\u00edtica es vol\u00e1til. La lectura que hace el gobernador bonaerense apunta a ese tal\u00f3n de Aquiles: sin un cambio de rumbo, la legitimidad social de Milei podr\u00eda desmoronarse m\u00e1s r\u00e1pido de lo que el mercado financiero est\u00e1 dispuesto a tolerar. En otras palabras, el capital puede sostener a un presidente, pero no puede comprar estabilidad pol\u00edtica indefinidamente.<\/p>\n\n\n\n<p>Desde ma\u00f1ana, la pregunta que queda abierta es si el Gobierno nacional entender\u00e1 que un triunfo ajustado no equivale a una carta blanca para seguir desmantelando el Estado. Mientras el presidente festeja rodeado de banqueros y fondos de inversi\u00f3n, los hospitales, las escuelas y las universidades p\u00fablicas siguen esperando respuestas concretas. En esa tensi\u00f3n se juega el futuro inmediato del pa\u00eds: el contraste entre el optimismo financiero de Milei y la advertencia pol\u00edtica de Kicillof marca el inicio de una nueva etapa de conflicto.<\/p>\n\n\n\n<p>El gobernador cerr\u00f3 su mensaje sin triunfalismo, pero con una certeza: el ajuste tiene fecha de vencimiento social. Y si el presidente decide ignorar esa realidad, las pr\u00f3ximas elecciones podr\u00edan recordarle que ning\u00fan modelo econ\u00f3mico sobrevive cuando la mayor\u00eda dice basta.<\/p>\n\n\n\n<p><\/p>\n","protected":false},"excerpt":{"rendered":"<p>Las elecciones legislativas del 26 de octubre de 2025 dejaron un panorama m\u00e1s complejo de lo que el Gobierno nacional quisiera admitir. En la provincia de Buenos Aires, distrito clave que concentra casi el 38 % del padr\u00f3n electoral del pa\u00eds, la coalici\u00f3n oficialista La Libertad Avanza, encabezada por Diego Santilli, se impuso por un&#8230;<\/p>\n","protected":false},"author":1,"featured_media":10336,"comment_status":"open","ping_status":"open","sticky":false,"template":"","format":"standard","meta":{"_monsterinsights_skip_tracking":false,"_monsterinsights_sitenote_active":false,"_monsterinsights_sitenote_note":"","_monsterinsights_sitenote_category":0,"footnotes":"","jetpack_publicize_message":"","jetpack_publicize_feature_enabled":true,"jetpack_social_post_already_shared":true,"jetpack_social_options":{"image_generator_settings":{"template":"highway","default_image_id":0,"font":"","enabled":false},"version":2}},"categories":[3949,2],"tags":[],"class_list":["post-10335","post","type-post","status-publish","format-standard","has-post-thumbnail","hentry","category-elecciones","category-politica"],"jetpack_publicize_connections":[],"_links":{"self":[{"href":"https:\/\/www.enorsai.com\/noticias\/wp-json\/wp\/v2\/posts\/10335","targetHints":{"allow":["GET"]}}],"collection":[{"href":"https:\/\/www.enorsai.com\/noticias\/wp-json\/wp\/v2\/posts"}],"about":[{"href":"https:\/\/www.enorsai.com\/noticias\/wp-json\/wp\/v2\/types\/post"}],"author":[{"embeddable":true,"href":"https:\/\/www.enorsai.com\/noticias\/wp-json\/wp\/v2\/users\/1"}],"replies":[{"embeddable":true,"href":"https:\/\/www.enorsai.com\/noticias\/wp-json\/wp\/v2\/comments?post=10335"}],"version-history":[{"count":1,"href":"https:\/\/www.enorsai.com\/noticias\/wp-json\/wp\/v2\/posts\/10335\/revisions"}],"predecessor-version":[{"id":10337,"href":"https:\/\/www.enorsai.com\/noticias\/wp-json\/wp\/v2\/posts\/10335\/revisions\/10337"}],"wp:featuredmedia":[{"embeddable":true,"href":"https:\/\/www.enorsai.com\/noticias\/wp-json\/wp\/v2\/media\/10336"}],"wp:attachment":[{"href":"https:\/\/www.enorsai.com\/noticias\/wp-json\/wp\/v2\/media?parent=10335"}],"wp:term":[{"taxonomy":"category","embeddable":true,"href":"https:\/\/www.enorsai.com\/noticias\/wp-json\/wp\/v2\/categories?post=10335"},{"taxonomy":"post_tag","embeddable":true,"href":"https:\/\/www.enorsai.com\/noticias\/wp-json\/wp\/v2\/tags?post=10335"}],"curies":[{"name":"wp","href":"https:\/\/api.w.org\/{rel}","templated":true}]}}