{"id":1033,"date":"2025-02-11T06:53:46","date_gmt":"2025-02-11T09:53:46","guid":{"rendered":"http:\/\/www.enorsai.com\/noticias\/?p=1033"},"modified":"2025-02-11T06:54:57","modified_gmt":"2025-02-11T09:54:57","slug":"roberto-feletti-milei-va-a-redoblar-el-ajuste-fiscal-y-la-presion-sobre-los-gobernadores","status":"publish","type":"post","link":"https:\/\/www.enorsai.com\/noticias\/economia\/roberto-feletti-milei-va-a-redoblar-el-ajuste-fiscal-y-la-presion-sobre-los-gobernadores\/","title":{"rendered":"Roberto Feletti: \u00abMilei va a redoblar el ajuste fiscal y la presi\u00f3n sobre los gobernadores\u00bb"},"content":{"rendered":"\n<p><strong><em>Roberto Feletti advierte sobre las falacias del gobierno de Milei: dolarizaci\u00f3n imposible, ajuste fiscal despiadado y una apertura econ\u00f3mica que choca con un mundo en guerra.<br><\/em><\/strong><br>El gobierno de Javier Milei, autoproclamado salvador de la econom\u00eda argentina, parece estar navegando en un mar de contradicciones y falacias. Roberto Feletti, economista de reconocida trayectoria, no tuvo pelos en la lengua al desmenuzar las pol\u00edticas econ\u00f3micas del actual gobierno en una entrevista con Andrea Rec\u00fapero en AM530, Somos Radio. Sus declaraciones no solo ponen en evidencia las inconsistencias del plan econ\u00f3mico, sino que tambi\u00e9n advierten sobre un futuro a\u00fan m\u00e1s oscuro para los argentinos.<br><br>Feletti no duda en se\u00f1alar que la dolarizaci\u00f3n, una de las banderas m\u00e1s fuertes de Milei durante su campa\u00f1a, es una quimera. \u00abSi quisieras dolarizar la econom\u00eda ma\u00f1ana, el d\u00f3lar ser\u00eda a 3800 pesos\u00bb, afirma. Esta declaraci\u00f3n no solo desnuda la inviabilidad de la medida, sino que tambi\u00e9n expone la fragilidad de un sistema econ\u00f3mico que depende de la entrada constante de d\u00f3lares para mantenerse a flote. \u00abLa bicicleta dura mientras vayan entrando d\u00f3lares\u00bb, sentencia Feletti, en una clara alusi\u00f3n a la precariedad del modelo.<\/p>\n\n\n\n<iframe loading=\"lazy\" width=\"100%\" height=\"65px\" scrolling=\"no\" frameborder=\"no\" src=\"\/\/radiocut.fm\/audiocut\/embed\/mini\/roberto-feletti-milei-va-a-redoblar-ajuste-fiscal-y-presion-sobre-gobernadores\/\" ><\/iframe>\n\n\n\n<p>Pero las cr\u00edticas no se detienen ah\u00ed. Feletti tambi\u00e9n cuestiona la apertura econ\u00f3mica \u00abnoventista\u00bb que Milei est\u00e1 impulsando en un mundo que, parad\u00f3jicamente, se vuelve cada vez m\u00e1s proteccionista y en guerra. \u00abMilei hace una apertura noventista en un mundo proteccionista y en guerra\u00bb, afirma, destacando la desconexi\u00f3n entre las pol\u00edticas locales y las tendencias globales. Esta desconexi\u00f3n no solo pone en riesgo la competitividad de la econom\u00eda argentina, sino que tambi\u00e9n la deja expuesta a los vaivenes de un mercado internacional cada vez m\u00e1s vol\u00e1til.<br><br>Uno de los puntos m\u00e1s \u00e1lgidos de la entrevista es el an\u00e1lisis del ajuste fiscal. Feletti advierte que el gobierno no solo va a redoblar el ajuste, sino que tambi\u00e9n va a presionar fuertemente a los gobernadores en los pr\u00f3ximos meses. \u00abEl Gobierno va a intentar redoblar el ajuste fiscal, va a redoblar el ajuste a las provincias\u00bb, se\u00f1ala. Esta pol\u00edtica no solo profundiza la crisis en las regiones, sino que tambi\u00e9n genera tensiones pol\u00edticas que podr\u00edan desestabilizar a\u00fan m\u00e1s el fr\u00e1gil equilibrio del pa\u00eds.<\/p>\n\n\n\n<figure class=\"wp-block-embed is-type-wp-embed is-provider-incrustado wp-block-embed-incrustado\"><div class=\"wp-block-embed__wrapper\">\n<blockquote class=\"wp-embedded-content\" data-secret=\"ryJpOdgj8N\"><a href=\"https:\/\/www.enorsai.com\/noticias\/politica\/casi-3-000-despidos-de-trabajadores-petroleros-podrian-generar-una-crisis-inedita-en-santa-cruz\/\">Casi 3.000 despidos de trabajadores petroleros podr\u00edan generar una crisis in\u00e9dita en Santa Cruz<\/a><\/blockquote><iframe loading=\"lazy\" class=\"wp-embedded-content\" sandbox=\"allow-scripts\" security=\"restricted\" style=\"position: absolute; visibility: hidden;\" title=\"\u00abCasi 3.000 despidos de trabajadores petroleros podr\u00edan generar una crisis in\u00e9dita en Santa Cruz\u00bb \u2014 \" src=\"https:\/\/www.enorsai.com\/noticias\/politica\/casi-3-000-despidos-de-trabajadores-petroleros-podrian-generar-una-crisis-inedita-en-santa-cruz\/embed\/#?secret=RC0NuYMk52#?secret=ryJpOdgj8N\" data-secret=\"ryJpOdgj8N\" width=\"600\" height=\"338\" frameborder=\"0\" marginwidth=\"0\" marginheight=\"0\" scrolling=\"no\"><\/iframe>\n<\/div><\/figure>\n\n\n\n<p><br><br>Otro tema que no escapa al ojo cr\u00edtico de Feletti es la falta de reservas en el Banco Central. \u00abNo han acumulado reservas en el Banco Central a pesar de que tuvieron super\u00e1vit\u00bb, denuncia. Esta falta de reservas, sumada a la presi\u00f3n cambiaria, podr\u00eda generar un escenario de devaluaci\u00f3n acelerada. \u00abCuando la brecha es tan grande y no hay reservas, la presi\u00f3n cambiaria puede ir para arriba\u00bb, advierte.<br><br>Feletti tambi\u00e9n cuestiona la falta de transparencia y planificaci\u00f3n del gobierno. \u00abEs una verg\u00fcenza que el Gobierno no tenga presupuesto por segundo a\u00f1o consecutivo\u00bb, afirma, en una clara cr\u00edtica a la improvisaci\u00f3n que parece guiar las decisiones econ\u00f3micas de Milei. Esta falta de planificaci\u00f3n no solo genera incertidumbre en los mercados, sino que tambi\u00e9n afecta la confianza de los ciudadanos en el gobierno.<br><br>Pero quiz\u00e1s la advertencia m\u00e1s grave de Feletti es la posibilidad de que el gobierno extreme su alineamiento con Estados Unidos, incluso a costa de entregar parte del patrimonio nacional. \u00abMilei va a extremar la negociaci\u00f3n con EEUU, pueden haber actos vergonzosos de entrega de nuestro patrimonio\u00bb, alerta. Esta declaraci\u00f3n no solo genera preocupaci\u00f3n por la soberan\u00eda econ\u00f3mica del pa\u00eds, sino que tambi\u00e9n plantea serias dudas sobre la independencia del gobierno en la toma de decisiones.<br><br>En resumen, las declaraciones de Feletti pintan un panorama desolador para la econom\u00eda argentina bajo el gobierno de Milei. Desde la inviabilidad de la dolarizaci\u00f3n hasta el ajuste fiscal despiadado, pasando por la falta de reservas y la entrega del patrimonio nacional, las pol\u00edticas econ\u00f3micas del actual gobierno parecen estar condenadas al fracaso. \u00bfHasta cu\u00e1ndo durar\u00e1 la \u00abbicicleta financiera\u00bb? Seg\u00fan Feletti, no mucho.<\/p>\n\n\n\n<p><br><\/p>\n\n\n","protected":false},"excerpt":{"rendered":"<p>El economista Roberto Feletti desnuda las contradicciones del gobierno de Javier Milei: desde la dolarizaci\u00f3n imposible hasta el ajuste fiscal que golpea a las provincias. \u00bfHasta cu\u00e1ndo durar\u00e1 la \u00abbicicleta financiera\u00bb?<\/p>\n","protected":false},"author":1,"featured_media":1045,"comment_status":"open","ping_status":"open","sticky":false,"template":"","format":"standard","meta":{"_monsterinsights_skip_tracking":false,"_monsterinsights_sitenote_active":false,"_monsterinsights_sitenote_note":"","_monsterinsights_sitenote_category":0,"footnotes":"","jetpack_publicize_message":"","jetpack_publicize_feature_enabled":true,"jetpack_social_post_already_shared":true,"jetpack_social_options":{"image_generator_settings":{"template":"highway","default_image_id":0,"font":"","enabled":false},"version":2}},"categories":[3],"tags":[],"class_list":["post-1033","post","type-post","status-publish","format-standard","has-post-thumbnail","hentry","category-economia"],"jetpack_publicize_connections":[],"_links":{"self":[{"href":"https:\/\/www.enorsai.com\/noticias\/wp-json\/wp\/v2\/posts\/1033","targetHints":{"allow":["GET"]}}],"collection":[{"href":"https:\/\/www.enorsai.com\/noticias\/wp-json\/wp\/v2\/posts"}],"about":[{"href":"https:\/\/www.enorsai.com\/noticias\/wp-json\/wp\/v2\/types\/post"}],"author":[{"embeddable":true,"href":"https:\/\/www.enorsai.com\/noticias\/wp-json\/wp\/v2\/users\/1"}],"replies":[{"embeddable":true,"href":"https:\/\/www.enorsai.com\/noticias\/wp-json\/wp\/v2\/comments?post=1033"}],"version-history":[{"count":3,"href":"https:\/\/www.enorsai.com\/noticias\/wp-json\/wp\/v2\/posts\/1033\/revisions"}],"predecessor-version":[{"id":1047,"href":"https:\/\/www.enorsai.com\/noticias\/wp-json\/wp\/v2\/posts\/1033\/revisions\/1047"}],"wp:featuredmedia":[{"embeddable":true,"href":"https:\/\/www.enorsai.com\/noticias\/wp-json\/wp\/v2\/media\/1045"}],"wp:attachment":[{"href":"https:\/\/www.enorsai.com\/noticias\/wp-json\/wp\/v2\/media?parent=1033"}],"wp:term":[{"taxonomy":"category","embeddable":true,"href":"https:\/\/www.enorsai.com\/noticias\/wp-json\/wp\/v2\/categories?post=1033"},{"taxonomy":"post_tag","embeddable":true,"href":"https:\/\/www.enorsai.com\/noticias\/wp-json\/wp\/v2\/tags?post=1033"}],"curies":[{"name":"wp","href":"https:\/\/api.w.org\/{rel}","templated":true}]}}