{"id":10329,"date":"2025-10-26T21:59:52","date_gmt":"2025-10-27T00:59:52","guid":{"rendered":"https:\/\/www.enorsai.com\/noticias\/?p=10329"},"modified":"2025-10-26T22:00:39","modified_gmt":"2025-10-27T01:00:39","slug":"la-libertad-avanza-se-impone-en-chaco-y-se-queda-con-dos-bancas-a-diputados","status":"publish","type":"post","link":"https:\/\/www.enorsai.com\/noticias\/politica\/la-libertad-avanza-se-impone-en-chaco-y-se-queda-con-dos-bancas-a-diputados\/","title":{"rendered":"La Libertad Avanza se impone en Chaco y se queda con dos bancas a diputados"},"content":{"rendered":"\n<p>Con el 94,52 % de las mesas escrutadas, el oficialismo libertario logr\u00f3 el 46 % de los votos frente al 45,17 % de Fuerza Patria, que retiene una banca.<\/p>\n\n\n\n<p>El escrutinio provisorio de la Comisi\u00f3n Electoral Nacional confirm\u00f3 una elecci\u00f3n re\u00f1ida en Chaco. La Libertad Avanza consigui\u00f3 dos bancas en la C\u00e1mara de Diputados, mientras que Fuerza Patria obtuvo una, en una disputa voto a voto que reflej\u00f3 el clima nacional de polarizaci\u00f3n y desgaste social frente al ajuste econ\u00f3mico del gobierno de Javier Milei.<\/p>\n\n\n\n<p>En la provincia de Chaco, con el 94,52 % de las mesas escrutadas a las 21:50 hs, los datos oficiales de la Comisi\u00f3n Electoral Nacional confirmaron una ajustada victoria de La Libertad Avanza. La fuerza libertaria alcanz\u00f3 el 46 % de los sufragios, qued\u00e1ndose con dos de las tres bancas en juego, mientras que Fuerza Patria obtuvo el 45,17 %, asegurando la restante.<\/p>\n\n\n\n<p>El resultado ratifica la fuerte polarizaci\u00f3n pol\u00edtica que atraviesa al pa\u00eds. En un distrito hist\u00f3ricamente peronista, el avance libertario se consolid\u00f3 con una estructura electoral nacional que apuesta a mantener presencia legislativa en el norte argentino, mientras crece el malestar por las consecuencias del ajuste.<\/p>\n\n\n\n<p>La competencia fue voto a voto, con una diferencia m\u00ednima que expresa un escenario social dividido entre el respaldo al discurso de la \u201ceficiencia econ\u00f3mica\u201d y el rechazo a las pol\u00edticas de desfinanciamiento y recorte impulsadas por el gobierno central. En sectores rurales y del Gran Resistencia, el voto a Fuerza Patria fue decisivo para sostener representaci\u00f3n en el Congreso.<\/p>\n\n\n\n<p>El escrutinio avanz\u00f3 con normalidad, aunque se registraron denuncias por demoras en la carga de telegramas en zonas del interior provincial. Los comandos partidarios coincidieron en la necesidad de esperar el recuento definitivo, aunque el reparto de bancas qued\u00f3 ya definido por los datos oficiales.<\/p>\n\n\n\n<p>El resultado chaque\u00f1o se inscribe en una tendencia nacional: un oficialismo que conserva fuerza en distritos medianos, pero enfrenta un creciente cuestionamiento por el deterioro del poder adquisitivo, los recortes en programas sociales y la falta de inversi\u00f3n p\u00fablica.<\/p>\n\n\n\n<p>En tanto, desde Fuerza Patria destacaron la paridad obtenida pese a la desigualdad de recursos y a la \u201ccampa\u00f1a del miedo\u201d desplegada desde los medios afines al gobierno. Dirigentes provinciales afirmaron que el espacio \u201cseguir\u00e1 defendiendo los intereses del pueblo chaque\u00f1o frente a un modelo de concentraci\u00f3n y entrega\u201d.<\/p>\n\n\n\n<p>Con este resultado, Chaco enviar\u00e1 al Congreso dos representantes de La Libertad Avanza y uno de Fuerza Patria, confirmando el clima de tensi\u00f3n pol\u00edtica que marcar\u00e1 la segunda mitad del mandato de Javier Milei.<\/p>\n\n\n\n<p><strong>Fuentes:<\/strong><\/p>\n\n\n\n<ul class=\"wp-block-list\">\n<li>Comisi\u00f3n Electoral Nacional (datos oficiales, 21:50 hs, 26\/10\/2025)<\/li>\n\n\n\n<li>Cobertura complementaria: Diario Norte, Chaco D\u00eda por D\u00eda, Agencia Noticias Argentinas.<\/li>\n<\/ul>\n\n\n\n<p><\/p>\n","protected":false},"excerpt":{"rendered":"<p>Con el 94,52 % de las mesas escrutadas, el oficialismo libertario logr\u00f3 el 46 % de los votos frente al 45,17 % de Fuerza Patria, que retiene una banca. El escrutinio provisorio de la Comisi\u00f3n Electoral Nacional confirm\u00f3 una elecci\u00f3n re\u00f1ida en Chaco. La Libertad Avanza consigui\u00f3 dos bancas en la C\u00e1mara de Diputados, mientras&#8230;<\/p>\n","protected":false},"author":1,"featured_media":10330,"comment_status":"open","ping_status":"open","sticky":false,"template":"","format":"standard","meta":{"_monsterinsights_skip_tracking":false,"_monsterinsights_sitenote_active":false,"_monsterinsights_sitenote_note":"","_monsterinsights_sitenote_category":0,"footnotes":"","jetpack_publicize_message":"","jetpack_publicize_feature_enabled":true,"jetpack_social_post_already_shared":true,"jetpack_social_options":{"image_generator_settings":{"template":"highway","default_image_id":0,"font":"","enabled":false},"version":2}},"categories":[3949,2],"tags":[],"class_list":["post-10329","post","type-post","status-publish","format-standard","has-post-thumbnail","hentry","category-elecciones","category-politica"],"jetpack_publicize_connections":[],"_links":{"self":[{"href":"https:\/\/www.enorsai.com\/noticias\/wp-json\/wp\/v2\/posts\/10329","targetHints":{"allow":["GET"]}}],"collection":[{"href":"https:\/\/www.enorsai.com\/noticias\/wp-json\/wp\/v2\/posts"}],"about":[{"href":"https:\/\/www.enorsai.com\/noticias\/wp-json\/wp\/v2\/types\/post"}],"author":[{"embeddable":true,"href":"https:\/\/www.enorsai.com\/noticias\/wp-json\/wp\/v2\/users\/1"}],"replies":[{"embeddable":true,"href":"https:\/\/www.enorsai.com\/noticias\/wp-json\/wp\/v2\/comments?post=10329"}],"version-history":[{"count":1,"href":"https:\/\/www.enorsai.com\/noticias\/wp-json\/wp\/v2\/posts\/10329\/revisions"}],"predecessor-version":[{"id":10331,"href":"https:\/\/www.enorsai.com\/noticias\/wp-json\/wp\/v2\/posts\/10329\/revisions\/10331"}],"wp:featuredmedia":[{"embeddable":true,"href":"https:\/\/www.enorsai.com\/noticias\/wp-json\/wp\/v2\/media\/10330"}],"wp:attachment":[{"href":"https:\/\/www.enorsai.com\/noticias\/wp-json\/wp\/v2\/media?parent=10329"}],"wp:term":[{"taxonomy":"category","embeddable":true,"href":"https:\/\/www.enorsai.com\/noticias\/wp-json\/wp\/v2\/categories?post=10329"},{"taxonomy":"post_tag","embeddable":true,"href":"https:\/\/www.enorsai.com\/noticias\/wp-json\/wp\/v2\/tags?post=10329"}],"curies":[{"name":"wp","href":"https:\/\/api.w.org\/{rel}","templated":true}]}}