{"id":10323,"date":"2025-10-26T21:37:35","date_gmt":"2025-10-27T00:37:35","guid":{"rendered":"https:\/\/www.enorsai.com\/noticias\/?p=10323"},"modified":"2025-10-26T21:50:16","modified_gmt":"2025-10-27T00:50:16","slug":"fuerza-patria-se-impone-por-una-minima-diferencia-en-rio-negro-y-frena-el-avance-libertario","status":"publish","type":"post","link":"https:\/\/www.enorsai.com\/noticias\/politica\/fuerza-patria-se-impone-por-una-minima-diferencia-en-rio-negro-y-frena-el-avance-libertario\/","title":{"rendered":"Fuerza Patria se impone por una m\u00ednima diferencia en R\u00edo Negro y frena el avance libertario"},"content":{"rendered":"\n<p>Con el 95 por ciento de las mesas escrutadas en R\u00edo Negro, el panorama electoral deja una postal de equilibrio in\u00e9dito. El frente Fuerza Patria se impone por una diferencia m\u00ednima sobre La Libertad Avanza: 30,62 por ciento contra 30,49. Apenas trece cent\u00e9simas que definen el reparto de bancas en la C\u00e1mara de Diputados y dibujan un mapa pol\u00edtico tenso, donde el peronismo resiste y el oficialismo libertario avanza peligrosamente sobre la Patagonia.<\/p>\n\n\n\n<p>La aplicaci\u00f3n oficial de la C\u00e1mara Nacional Electoral confirm\u00f3 los datos provisorios que colocan a Fuerza Patria como la fuerza m\u00e1s votada, lo que le permite obtener dos de las tres bancas en disputa, mientras que La Libertad Avanza se queda con una. El reparto responde al sistema D\u2019Hondt, que otorga los esca\u00f1os de manera proporcional al caudal de votos de cada espacio. De esta manera, el peronismo logra retener representaci\u00f3n y evitar que el armado nacional de Javier Milei sume m\u00e1s poder legislativo en la regi\u00f3n.<\/p>\n\n\n\n<p>El resultado refleja una paridad sin precedentes en la provincia. R\u00edo Negro, tradicionalmente dominada por partidos provinciales o por el peronismo, se convirti\u00f3 en un territorio de disputa directa entre el espacio libertario y la fuerza federal de unidad. El oficialismo provincial, Juntos Somos R\u00edo Negro, que durante a\u00f1os fue \u00e1rbitro en los armados locales, qued\u00f3 relegado y sin representaci\u00f3n nacional, evidenciando el desgaste de una estructura pol\u00edtica que supo controlar el escenario rionegrino durante m\u00e1s de una d\u00e9cada.<\/p>\n\n\n\n<p>La elecci\u00f3n fue adem\u00e1s un plebiscito sobre el rumbo del pa\u00eds. Los rionegrinos votaron en medio de un clima de crisis econ\u00f3mica, deterioro social y recorte de derechos laborales y educativos impulsados desde el Ejecutivo nacional. La leve ventaja de Fuerza Patria puede leerse como un rechazo al programa de ajuste de Javier Milei, aunque tambi\u00e9n expone la fragmentaci\u00f3n del voto opositor y la capacidad de La Libertad Avanza para instalar su discurso en territorios perif\u00e9ricos. La provincia, que sufri\u00f3 con fuerza la ca\u00edda del consumo y la paralizaci\u00f3n de obras p\u00fablicas, mostr\u00f3 as\u00ed una sociedad dividida entre la resistencia al modelo de choque y la atracci\u00f3n de un relato antisistema que promete soluciones m\u00e1gicas.<\/p>\n\n\n\n<p>La diferencia t\u00e9cnica entre ambas fuerzas obliga a leer los resultados con cautela, pero el mensaje pol\u00edtico es claro: el libertarismo ya no es una rareza porte\u00f1a ni un fen\u00f3meno de redes sociales. Se consolid\u00f3 como opci\u00f3n competitiva en una provincia del sur, algo impensado hace apenas dos a\u00f1os. La estrategia comunicacional, el respaldo del aparato estatal nacional y la crisis de representaci\u00f3n de los espacios tradicionales hicieron el resto.<\/p>\n\n\n\n<p>Para el peronismo, el triunfo ajustado representa un alivio, pero tambi\u00e9n una advertencia. Sostener dos bancas en Diputados no alcanza si el voto popular se reparte al filo del empate con una fuerza que basa su legitimidad en la demolici\u00f3n de la pol\u00edtica. El desaf\u00edo ser\u00e1 recomponer su v\u00ednculo con los sectores medios y populares golpeados por la recesi\u00f3n, sin caer en la trampa de la resignaci\u00f3n o el silencio.<\/p>\n\n\n\n<p>R\u00edo Negro, que alguna vez fue s\u00edmbolo del federalismo productivo, aparece hoy como espejo de un pa\u00eds dividido entre la resistencia social y el experimento ultraliberal. En los pr\u00f3ximos d\u00edas, cuando se complete el escrutinio definitivo, las d\u00e9cimas tal vez cambien, pero el dato pol\u00edtico ya qued\u00f3 sellado: el sur tambi\u00e9n est\u00e1 en disputa, y lo que est\u00e1 en juego no es s\u00f3lo una banca m\u00e1s o menos, sino el sentido de la representaci\u00f3n democr\u00e1tica frente a un gobierno que desprecia la pol\u00edtica y utiliza el ajuste como herramienta de control social.<\/p>\n\n\n\n<p><strong>Fuentes:<\/strong><br>Datos oficiales provisorios de la C\u00e1mara Nacional Electoral; cobertura de <em>Diario R\u00edo Negro<\/em> (26\/10\/2025); <em>LM Cipolletti<\/em> (26\/10\/2025); aplicaci\u00f3n \u201cElecciones Argentina 2025\u201d \u2013 Comisi\u00f3n Electoral Nacional.<\/p>\n\n\n\n<p><\/p>\n","protected":false},"excerpt":{"rendered":"<p>Con el 95 por ciento de las mesas escrutadas en R\u00edo Negro, el panorama electoral deja una postal de equilibrio in\u00e9dito. El frente Fuerza Patria se impone por una diferencia m\u00ednima sobre La Libertad Avanza: 30,62 por ciento contra 30,49. Apenas trece cent\u00e9simas que definen el reparto de bancas en la C\u00e1mara de Diputados y&#8230;<\/p>\n","protected":false},"author":1,"featured_media":10324,"comment_status":"open","ping_status":"open","sticky":false,"template":"","format":"standard","meta":{"_monsterinsights_skip_tracking":false,"_monsterinsights_sitenote_active":false,"_monsterinsights_sitenote_note":"","_monsterinsights_sitenote_category":0,"footnotes":"","jetpack_publicize_message":"","jetpack_publicize_feature_enabled":true,"jetpack_social_post_already_shared":true,"jetpack_social_options":{"image_generator_settings":{"template":"highway","default_image_id":0,"font":"","enabled":false},"version":2}},"categories":[3949,2],"tags":[],"class_list":["post-10323","post","type-post","status-publish","format-standard","has-post-thumbnail","hentry","category-elecciones","category-politica"],"jetpack_publicize_connections":[],"_links":{"self":[{"href":"https:\/\/www.enorsai.com\/noticias\/wp-json\/wp\/v2\/posts\/10323","targetHints":{"allow":["GET"]}}],"collection":[{"href":"https:\/\/www.enorsai.com\/noticias\/wp-json\/wp\/v2\/posts"}],"about":[{"href":"https:\/\/www.enorsai.com\/noticias\/wp-json\/wp\/v2\/types\/post"}],"author":[{"embeddable":true,"href":"https:\/\/www.enorsai.com\/noticias\/wp-json\/wp\/v2\/users\/1"}],"replies":[{"embeddable":true,"href":"https:\/\/www.enorsai.com\/noticias\/wp-json\/wp\/v2\/comments?post=10323"}],"version-history":[{"count":1,"href":"https:\/\/www.enorsai.com\/noticias\/wp-json\/wp\/v2\/posts\/10323\/revisions"}],"predecessor-version":[{"id":10325,"href":"https:\/\/www.enorsai.com\/noticias\/wp-json\/wp\/v2\/posts\/10323\/revisions\/10325"}],"wp:featuredmedia":[{"embeddable":true,"href":"https:\/\/www.enorsai.com\/noticias\/wp-json\/wp\/v2\/media\/10324"}],"wp:attachment":[{"href":"https:\/\/www.enorsai.com\/noticias\/wp-json\/wp\/v2\/media?parent=10323"}],"wp:term":[{"taxonomy":"category","embeddable":true,"href":"https:\/\/www.enorsai.com\/noticias\/wp-json\/wp\/v2\/categories?post=10323"},{"taxonomy":"post_tag","embeddable":true,"href":"https:\/\/www.enorsai.com\/noticias\/wp-json\/wp\/v2\/tags?post=10323"}],"curies":[{"name":"wp","href":"https:\/\/api.w.org\/{rel}","templated":true}]}}