{"id":10317,"date":"2025-10-26T21:06:11","date_gmt":"2025-10-27T00:06:11","guid":{"rendered":"https:\/\/www.enorsai.com\/noticias\/?p=10317"},"modified":"2025-10-26T21:09:01","modified_gmt":"2025-10-27T00:09:01","slug":"el-gobernador-de-neuquen-admitio-la-derrota-y-reconocio-el-avance-libertario-en-neuquen","status":"publish","type":"post","link":"https:\/\/www.enorsai.com\/noticias\/politica\/el-gobernador-de-neuquen-admitio-la-derrota-y-reconocio-el-avance-libertario-en-neuquen\/","title":{"rendered":"El gobernador de Neuqu\u00e9n admiti\u00f3 la derrota y reconoci\u00f3 el avance libertario en Neuqu\u00e9n"},"content":{"rendered":"\n<p>Rolando Figueroa reconoci\u00f3 p\u00fablicamente la victoria de La Libertad Avanza en Neuqu\u00e9n y llam\u00f3 personalmente a Nadia M\u00e1rquez para felicitarla. El gesto, m\u00e1s all\u00e1 de su tono protocolar, deja al descubierto una lectura pol\u00edtica profunda sobre el reacomodamiento de fuerzas en la Patagonia. El gobernador neuquino, que construy\u00f3 su identidad pol\u00edtica bajo el sello de \u201cLa Neuquinidad\u201d, busca mantener equilibrio en un escenario donde el libertarismo avanza con contundencia y amenaza con absorber a los espacios provinciales que, hasta hace poco, marcaban una identidad diferenciada frente a Buenos Aires y a la Casa Rosada.<\/p>\n\n\n\n<p>En conferencia de prensa, Figueroa confirm\u00f3 adem\u00e1s que la ministra Julieta Corroza ser\u00e1 la nueva senadora nacional por Neuqu\u00e9n, mientras que la periodista Karina Maureira ocupar\u00e1 una banca en la C\u00e1mara de Diputados. Ambas pertenecen al espacio que encabeza el propio gobernador, lo que le permite sostener representaci\u00f3n directa en el Congreso y evitar que la ola libertaria deje a su fuerza sin presencia nacional. Sin embargo, el reconocimiento del triunfo de M\u00e1rquez y la menci\u00f3n expl\u00edcita de su llamada telef\u00f3nica parecen m\u00e1s que un gesto institucional. Funcionan como una se\u00f1al pol\u00edtica de convivencia, o incluso de acercamiento, hacia el oficialismo nacional de Javier Milei.<\/p>\n\n\n\n<p>El triunfo de M\u00e1rquez consolida a La Libertad Avanza como la principal fuerza opositora en Neuqu\u00e9n y confirma el desplazamiento del hist\u00f3rico Movimiento Popular Neuquino, que durante d\u00e9cadas fue hegem\u00f3nico en la provincia. La irrupci\u00f3n libertaria reordena el tablero pol\u00edtico y obliga a Figueroa a revisar sus alianzas. Su discurso, enfocado en \u201cdefender los intereses de los neuquinos por encima de los partidos nacionales\u201d, contrasta con el llamado de felicitaci\u00f3n a una figura que representa justamente el avance de un proyecto centralista y alineado con las decisiones del Ejecutivo nacional.<\/p>\n\n\n\n<p>En los hechos, el gobernador neuquino intenta sostener una estrategia de equilibrio entre su discurso de autonom\u00eda y la necesidad pr\u00e1ctica de mantener v\u00ednculos fluidos con el poder nacional. Neuqu\u00e9n depende en buena medida de los recursos federales para sostener su infraestructura y sus programas de energ\u00eda, y el enfrentamiento abierto con Milei ser\u00eda pol\u00edticamente riesgoso. Por eso, el reconocimiento de Figueroa a M\u00e1rquez puede leerse como una maniobra para preservar el di\u00e1logo y asegurar el flujo de fondos, sin renunciar del todo a su discurso provincialista.<\/p>\n\n\n\n<p>El caso de Julieta Corroza es especialmente significativo. La ministra, que ahora asumir\u00e1 como senadora, es una figura de confianza de Figueroa y representa el perfil t\u00e9cnico y moderado que el gobernador intenta proyectar como identidad de su gesti\u00f3n. Su presencia en el Senado le permite a \u201cLa Neuquinidad\u201d mantener una voz propia, aunque subordinada a un contexto pol\u00edtico nacional dominado por el libertarismo. En paralelo, la llegada de Karina Maureira, periodista y referente local, ampl\u00eda la visibilidad de la fuerza dentro del Congreso y le otorga un perfil comunicacional que podr\u00eda servir de puente con otros bloques.<\/p>\n\n\n\n<p>El resultado electoral en Neuqu\u00e9n refleja, una vez m\u00e1s, el cambio de \u00e9poca que atraviesa la pol\u00edtica argentina. Los espacios provinciales, otrora refugio de poder aut\u00f3nomo, se ven ahora obligados a negociar con un gobierno central que concentra tanto la agenda econ\u00f3mica como la narrativa medi\u00e1tica. Figueroa, consciente de esa realidad, opta por un pragmatismo que sus cr\u00edticos califican de \u201cacomodaticio\u201d pero que \u00e9l justifica en nombre de la gobernabilidad. En su entorno aseguran que la llamada a M\u00e1rquez fue un acto de \u201cmadurez democr\u00e1tica\u201d. Sin embargo, para los sectores opositores, fue una claudicaci\u00f3n simb\u00f3lica frente al poder nacional.<\/p>\n\n\n\n<p>Neuqu\u00e9n, con su tradici\u00f3n de autonom\u00eda pol\u00edtica y su peso en la producci\u00f3n energ\u00e9tica, siempre funcion\u00f3 como un term\u00f3metro de los equilibrios entre Naci\u00f3n y provincias. Hoy, ese equilibrio se redefine en favor de quienes controlan el relato econ\u00f3mico y los resortes financieros. El saludo de Figueroa a M\u00e1rquez no es un detalle menor: marca el inicio de una etapa en la que los gobernadores patag\u00f3nicos deber\u00e1n decidir si conservan su perfil federal o se integran al esquema de poder libertario.<\/p>\n\n\n\n<p>La llamada de Figueroa sintetiza ese dilema. Entre la institucionalidad y la conveniencia, entre la defensa de la neuquinidad y la adaptaci\u00f3n al nuevo orden pol\u00edtico, el gobernador intenta navegar aguas turbulentas. Mientras tanto, La Libertad Avanza celebra su consolidaci\u00f3n en una provincia estrat\u00e9gica, donde los votos confirmaron que el discurso del ajuste, la dolarizaci\u00f3n y el \u201cfin de la casta\u201d encontr\u00f3 eco incluso en territorios hist\u00f3ricamente ligados a la producci\u00f3n estatal.<\/p>\n\n\n\n<p>La pol\u00edtica neuquina entra as\u00ed en una nueva fase, marcada por gestos que pesan m\u00e1s que las palabras. Figueroa felicit\u00f3 a M\u00e1rquez, pero tambi\u00e9n defendi\u00f3 la presencia de sus propias legisladoras en el Congreso. Lo hizo con la prudencia de quien sabe que el mapa pol\u00edtico ha cambiado y que, en tiempos de Milei, la supervivencia provincial se juega tanto en los n\u00fameros como en los gestos.<\/p>\n\n\n\n<p><strong>Fuentes:<\/strong><br>LM Neuqu\u00e9n: \u201cFigueroa llam\u00f3 a Nadia M\u00e1rquez para felicitarla\u201d (<a href=\"https:\/\/www.lmneuquen.com\/neuquen\/figueroa-llamo-nadia-marquez-felicitarla-n1214879\">https:\/\/www.lmneuquen.com\/neuquen\/figueroa-llamo-nadia-marquez-felicitarla-n1214879<\/a>)<br>Diario Neuquino: \u201cFigueroa reconoci\u00f3 el triunfo de Nadia M\u00e1rquez en Neuqu\u00e9n y la felicit\u00f3 por su elecci\u00f3n\u201d (<a href=\"https:\/\/diarioneuquino.com.ar\/neuquen-figueroa-reconocio-el-triunfo-de-nadia-marquez-en-neuquen-y-la-felicito-por-su-eleccion\">https:\/\/diarioneuquino.com.ar\/neuquen-figueroa-reconocio-el-triunfo-de-nadia-marquez-en-neuquen-y-la-felicito-por-su-eleccion<\/a>)<br>LM Neuqu\u00e9n: \u201cElecciones Neuqu\u00e9n 2025: participaci\u00f3n, votos y datos oficiales\u201d (<a href=\"https:\/\/www.lmneuquen.com\/neuquen\/en-vivo-elecciones-neuquen-2025-participacion-votos-y-datos-oficiales-n1214322\">https:\/\/www.lmneuquen.com\/neuquen\/en-vivo-elecciones-neuquen-2025-participacion-votos-y-datos-oficiales-n1214322<\/a>)<\/p>\n\n\n\n<p><\/p>\n","protected":false},"excerpt":{"rendered":"<p>Rolando Figueroa reconoci\u00f3 p\u00fablicamente la victoria de La Libertad Avanza en Neuqu\u00e9n y llam\u00f3 personalmente a Nadia M\u00e1rquez para felicitarla. El gesto, m\u00e1s all\u00e1 de su tono protocolar, deja al descubierto una lectura pol\u00edtica profunda sobre el reacomodamiento de fuerzas en la Patagonia. El gobernador neuquino, que construy\u00f3 su identidad pol\u00edtica bajo el sello de&#8230;<\/p>\n","protected":false},"author":1,"featured_media":10318,"comment_status":"open","ping_status":"open","sticky":false,"template":"","format":"standard","meta":{"_monsterinsights_skip_tracking":false,"_monsterinsights_sitenote_active":false,"_monsterinsights_sitenote_note":"","_monsterinsights_sitenote_category":0,"footnotes":"","jetpack_publicize_message":"","jetpack_publicize_feature_enabled":true,"jetpack_social_post_already_shared":true,"jetpack_social_options":{"image_generator_settings":{"template":"highway","default_image_id":0,"font":"","enabled":false},"version":2}},"categories":[3949,2],"tags":[],"class_list":["post-10317","post","type-post","status-publish","format-standard","has-post-thumbnail","hentry","category-elecciones","category-politica"],"jetpack_publicize_connections":[],"_links":{"self":[{"href":"https:\/\/www.enorsai.com\/noticias\/wp-json\/wp\/v2\/posts\/10317","targetHints":{"allow":["GET"]}}],"collection":[{"href":"https:\/\/www.enorsai.com\/noticias\/wp-json\/wp\/v2\/posts"}],"about":[{"href":"https:\/\/www.enorsai.com\/noticias\/wp-json\/wp\/v2\/types\/post"}],"author":[{"embeddable":true,"href":"https:\/\/www.enorsai.com\/noticias\/wp-json\/wp\/v2\/users\/1"}],"replies":[{"embeddable":true,"href":"https:\/\/www.enorsai.com\/noticias\/wp-json\/wp\/v2\/comments?post=10317"}],"version-history":[{"count":1,"href":"https:\/\/www.enorsai.com\/noticias\/wp-json\/wp\/v2\/posts\/10317\/revisions"}],"predecessor-version":[{"id":10319,"href":"https:\/\/www.enorsai.com\/noticias\/wp-json\/wp\/v2\/posts\/10317\/revisions\/10319"}],"wp:featuredmedia":[{"embeddable":true,"href":"https:\/\/www.enorsai.com\/noticias\/wp-json\/wp\/v2\/media\/10318"}],"wp:attachment":[{"href":"https:\/\/www.enorsai.com\/noticias\/wp-json\/wp\/v2\/media?parent=10317"}],"wp:term":[{"taxonomy":"category","embeddable":true,"href":"https:\/\/www.enorsai.com\/noticias\/wp-json\/wp\/v2\/categories?post=10317"},{"taxonomy":"post_tag","embeddable":true,"href":"https:\/\/www.enorsai.com\/noticias\/wp-json\/wp\/v2\/tags?post=10317"}],"curies":[{"name":"wp","href":"https:\/\/api.w.org\/{rel}","templated":true}]}}