{"id":10314,"date":"2025-10-26T20:49:58","date_gmt":"2025-10-26T23:49:58","guid":{"rendered":"https:\/\/www.enorsai.com\/noticias\/?p=10314"},"modified":"2025-10-26T20:50:07","modified_gmt":"2025-10-26T23:50:07","slug":"el-pj-se-impone-en-la-pampa-en-un-ajustado-triunfo","status":"publish","type":"post","link":"https:\/\/www.enorsai.com\/noticias\/politica\/el-pj-se-impone-en-la-pampa-en-un-ajustado-triunfo\/","title":{"rendered":"El PJ se impone en La Pampa en un ajustado triunfo"},"content":{"rendered":"\n<p>El mapa electoral de La Pampa volvi\u00f3 a dividirse en dos, reflejando una tensi\u00f3n que atraviesa todo el pa\u00eds: mientras el peronismo logr\u00f3 retener la capital provincial, Santa Rosa, La Libertad Avanza se impuso en General Pico, el hist\u00f3rico basti\u00f3n de Carlos Verna. La lectura pol\u00edtica no deja margen para el triunfalismo: la ola libertaria sigue golpeando con fuerza incluso en distritos de fuerte tradici\u00f3n justicialista.<\/p>\n\n\n\n<p>Con el 90% de los votos escrutados a nivel provincial, el Frente <strong>Defendemos La Pampa<\/strong> se impone con el <strong>44,6 % (81.544 votos)<\/strong> frente al <strong>43,5 % (79.632 votos)<\/strong> obtenido por <strong>La Libertad Avanza<\/strong>. Seg\u00fan los datos extraoficiales difundidos por <em>Avances<\/em>, la lista encabezada por <strong>Abelardo Ferr\u00e1n y Varinia Mar\u00edn<\/strong> logra revertir la tendencia inicial y se queda con los <strong>dos esca\u00f1os en juego<\/strong>. En tercer lugar aparece <strong>Cambia La Pampa<\/strong>, con <strong>8,6 % (15.710 votos)<\/strong>, seguido por el <strong>Frente de Izquierda<\/strong>, con <strong>2,1 % (3.781 votos)<\/strong>. Los <strong>votos nulos<\/strong> alcanzan el <strong>1,9 % (3.547)<\/strong>, y la participaci\u00f3n supera el <strong>65 % del padr\u00f3n provincial<\/strong>.<\/p>\n\n\n\n<p>En la capital pampeana, con el 93,4 % de las mesas escrutadas, los datos arrojan un <strong>49,2 %<\/strong> para la lista de Ferr\u00e1n y Mar\u00edn (29.854 votos). En segundo lugar se ubica La Libertad Avanza con el <strong>39,8 % (24.162 votos)<\/strong>. Cambia La Pampa, con la UCR a la cabeza, qued\u00f3 muy atr\u00e1s con el <strong>7 % (4.234 votos)<\/strong>. Ese triunfo le da aire al peronismo en Santa Rosa, pero la alegr\u00eda se enfr\u00eda r\u00e1pidamente al mirar hacia el norte.<\/p>\n\n\n\n<p>En <strong>General Pico<\/strong>, el panorama fue inverso. Con el <strong>100 % de las mesas escrutadas<\/strong>, La Libertad Avanza logr\u00f3 un <strong>48,7 % (18.200 votos)<\/strong> contra el <strong>40,1 % (14.985 votos)<\/strong> del Frente Defendemos La Pampa. All\u00ed gobierna la intendenta peronista <strong>Fernanda Alonso<\/strong>, y all\u00ed mismo el exgobernador <strong>Carlos Verna<\/strong> hab\u00eda anticipado un triunfo del PJ. La realidad le dio la espalda. El frente Cambia La Pampa, por su parte, qued\u00f3 tercero con el <strong>7,9 % (2.965 votos)<\/strong>.<\/p>\n\n\n\n<p>La derrota en Pico no es menor. Es el epicentro pol\u00edtico del vernismo, un espacio que hist\u00f3ricamente sostuvo al justicialismo provincial y que ahora, por primera vez en a\u00f1os, qued\u00f3 te\u00f1ido del color violeta libertario. La imagen de Verna anunciando un triunfo que no lleg\u00f3 expone el desgaste del aparato territorial del PJ y la dificultad para conectar con un electorado desencantado. El dato m\u00e1s preocupante es que el voto castigo no vino por derecha tradicional, sino por el nuevo populismo antiestatal que Milei representa.<\/p>\n\n\n\n<p>El contraste entre Santa Rosa y Pico sintetiza la crisis de identidad del peronismo pampeano: un partido que conserva su estructura, pero pierde m\u00edstica y capacidad de movilizaci\u00f3n. En la capital, el voto peronista resisti\u00f3 gracias a un entramado de gesti\u00f3n municipal y cercan\u00eda con los sectores medios, mientras que en el interior la pr\u00e9dica del ajuste, el odio a \u201cla casta\u201d y la antipol\u00edtica encontr\u00f3 terreno f\u00e9rtil. La victoria libertaria en Pico es tambi\u00e9n un mensaje a Buenos Aires: el relato del \u201corden fiscal\u201d cala incluso donde el Estado era sin\u00f3nimo de progreso.<\/p>\n\n\n\n<p>A nivel nacional, el resultado en La Pampa encaja en la tendencia general: un gobierno nacional con creciente presencia territorial, apoyado en el enojo social y en el vaciamiento de la pol\u00edtica tradicional. El voto a Milei en el interior pampeano expresa algo m\u00e1s que ideolog\u00eda: es un grito de hartazgo frente a la pobreza, la falta de oportunidades y la sensaci\u00f3n de que nada cambia, gobierne quien gobierne. Sin embargo, las promesas libertarias de \u201cliberar las fuerzas del mercado\u201d chocan con una realidad de inflaci\u00f3n persistente, salarios pulverizados y ajuste sobre los sectores productivos.<\/p>\n\n\n\n<p>El gobernador local y los dirigentes del PJ intentan mostrarse optimistas, pero el golpe es evidente. El justicialismo pampeano, que durante d\u00e9cadas fue sin\u00f3nimo de estabilidad, empieza a mostrar grietas profundas. El \u201cmilagro Milei\u201d en General Pico no es un hecho aislado: es el s\u00edntoma de un pa\u00eds que se reconfigura, donde los s\u00edmbolos tradicionales del poder pol\u00edtico se desmoronan al ritmo del descontento.<\/p>\n\n\n\n<p>La elecci\u00f3n deja una conclusi\u00f3n inc\u00f3moda para todos los sectores: el peronismo gan\u00f3 en Santa Rosa y se impone por escaso margen en el total provincial, pero perdi\u00f3 su coraz\u00f3n pol\u00edtico en Pico. Y en pol\u00edtica, cuando se pierde el coraz\u00f3n, no hay capital que alcance.<\/p>\n\n\n\n<p>Fuente<\/p>\n\n\n\n<p>.<a href=\"https:\/\/www.laarena.com.ar\/la-pampa\/los-primeros-datos-muestran-una-fuerte-polarizacion-entre-el-pj-y-la-libertad-avanza--2025102618520\">https:\/\/www.laarena.com.ar\/la-pampa\/los-primeros-datos-muestran-una-fuerte-polarizacion-entre-el-pj-y-la-libertad-avanza&#8211;2025102618520<\/a><\/p>\n\n\n\n<p>.<a href=\"https:\/\/www.laarena.com.ar\/la-pampa\/el-pj-gana-en-santa-rosa-pero-pierde-en-pico-2025102619440\">https:\/\/www.laarena.com.ar\/la-pampa\/el-pj-gana-en-santa-rosa-pero-pierde-en-pico-2025102619440<\/a><\/p>\n","protected":false},"excerpt":{"rendered":"<p>El mapa electoral de La Pampa volvi\u00f3 a dividirse en dos, reflejando una tensi\u00f3n que atraviesa todo el pa\u00eds: mientras el peronismo logr\u00f3 retener la capital provincial, Santa Rosa, La Libertad Avanza se impuso en General Pico, el hist\u00f3rico basti\u00f3n de Carlos Verna. La lectura pol\u00edtica no deja margen para el triunfalismo: la ola libertaria&#8230;<\/p>\n","protected":false},"author":1,"featured_media":10315,"comment_status":"open","ping_status":"open","sticky":false,"template":"","format":"standard","meta":{"_monsterinsights_skip_tracking":false,"_monsterinsights_sitenote_active":false,"_monsterinsights_sitenote_note":"","_monsterinsights_sitenote_category":0,"footnotes":"","jetpack_publicize_message":"","jetpack_publicize_feature_enabled":true,"jetpack_social_post_already_shared":true,"jetpack_social_options":{"image_generator_settings":{"template":"highway","default_image_id":0,"font":"","enabled":false},"version":2}},"categories":[3949,2],"tags":[],"class_list":["post-10314","post","type-post","status-publish","format-standard","has-post-thumbnail","hentry","category-elecciones","category-politica"],"jetpack_publicize_connections":[],"_links":{"self":[{"href":"https:\/\/www.enorsai.com\/noticias\/wp-json\/wp\/v2\/posts\/10314","targetHints":{"allow":["GET"]}}],"collection":[{"href":"https:\/\/www.enorsai.com\/noticias\/wp-json\/wp\/v2\/posts"}],"about":[{"href":"https:\/\/www.enorsai.com\/noticias\/wp-json\/wp\/v2\/types\/post"}],"author":[{"embeddable":true,"href":"https:\/\/www.enorsai.com\/noticias\/wp-json\/wp\/v2\/users\/1"}],"replies":[{"embeddable":true,"href":"https:\/\/www.enorsai.com\/noticias\/wp-json\/wp\/v2\/comments?post=10314"}],"version-history":[{"count":1,"href":"https:\/\/www.enorsai.com\/noticias\/wp-json\/wp\/v2\/posts\/10314\/revisions"}],"predecessor-version":[{"id":10316,"href":"https:\/\/www.enorsai.com\/noticias\/wp-json\/wp\/v2\/posts\/10314\/revisions\/10316"}],"wp:featuredmedia":[{"embeddable":true,"href":"https:\/\/www.enorsai.com\/noticias\/wp-json\/wp\/v2\/media\/10315"}],"wp:attachment":[{"href":"https:\/\/www.enorsai.com\/noticias\/wp-json\/wp\/v2\/media?parent=10314"}],"wp:term":[{"taxonomy":"category","embeddable":true,"href":"https:\/\/www.enorsai.com\/noticias\/wp-json\/wp\/v2\/categories?post=10314"},{"taxonomy":"post_tag","embeddable":true,"href":"https:\/\/www.enorsai.com\/noticias\/wp-json\/wp\/v2\/tags?post=10314"}],"curies":[{"name":"wp","href":"https:\/\/api.w.org\/{rel}","templated":true}]}}