{"id":10310,"date":"2025-10-26T20:19:07","date_gmt":"2025-10-26T23:19:07","guid":{"rendered":"https:\/\/www.enorsai.com\/noticias\/politica\/santa-fe-voto-con-apatia-y-polarizacion-mientras-milei-busca-capitalizar-el-desinteres-ciudadano\/"},"modified":"2025-10-26T20:30:53","modified_gmt":"2025-10-26T23:30:53","slug":"santa-fe-voto-con-apatia-y-polarizacion-mientras-milei-busca-capitalizar-el-desinteres-ciudadano","status":"publish","type":"post","link":"https:\/\/www.enorsai.com\/noticias\/politica\/santa-fe-voto-con-apatia-y-polarizacion-mientras-milei-busca-capitalizar-el-desinteres-ciudadano\/","title":{"rendered":"Milei y Pullaro no convencen: la baja participaci\u00f3n en Santa Fe expone el desencanto con ambos gobiernos"},"content":{"rendered":"\n<p>La jornada electoral del domingo 26 de octubre de 2025 en la provincia de Santa Fe y en todo el pa\u00eds dej\u00f3 al descubierto m\u00e1s signos de la crisis de representaci\u00f3n y movilizaci\u00f3n ciudadana que una efervescencia democr\u00e1tica. Con las urnas cerradas a las 18 h, m\u00e1s de 36 millones de argentinos estaban habilitados para renovar 127 bancas de la C\u00e1mara de Diputados y 24 esca\u00f1os del Senado, bajo el nuevo sistema de boleta \u00fanica de papel (BUP) estrenado en elecciones nacionales. <br \/><br \/>El dato m\u00e1s alarmante es el de la participaci\u00f3n: cerca del 66 % del padr\u00f3n nacional concurri\u00f3 a votar, lo que implica que m\u00e1s de doce millones de ciudadanos habilitados decidieron no emitir su sufragio.&nbsp; En la provincia de Santa Fe, la implantaci\u00f3n de la BUP, aplaudida por sectores oficiales como un avance en transparencia y agilidad, encontr\u00f3 una jornada que si bien se desarroll\u00f3 sin mayores incidentes, mostr\u00f3 un ritmo de concurrencia moderado y desigual entre regiones. <br \/><br \/>Este escenario no puede entenderse sin la tensi\u00f3n estructural que atraviesa el sistema pol\u00edtico nacional: en un clima de fuerte polarizaci\u00f3n \u2014donde la elecci\u00f3n se lee como test de fuerza del gobierno del presidente Javier Milei y de su coalici\u00f3n La Libertad Avanza\u2014, los debates y disputas locales quedan subsumidos por la gran narrativa federal del \u201ccambio\u201d versus el \u201cestablishment\u201d. En ese contexto la presencia de una boleta uniforme es bienvenida, pero no basta para revertir el desgaste de la participaci\u00f3n.<br \/><br \/>Que menos de siete de cada diez ciudadanos habilitados hayan votado, en un sistema donde el sufragio es obligatorio, es una se\u00f1al clara de desencanto o desconexi\u00f3n: la gente no se siente convocada o bien ve el acto de votar como rutina sin contenido transformador. A ello se suma que el debut de la BUP \u2014aunque t\u00e9cnicamente exitoso en su despliegue\u2014 no pareci\u00f3 transformar el sentido de la elecci\u00f3n: la boleta \u00fanica oper\u00f3 como mecanismo, pero no incentiv\u00f3 por s\u00ed sola una mayor movilizaci\u00f3n. <br \/><br \/>Para Santa Fe, provincia que renovaba nueve bancas nacionales, la jornada plantea interrogantes particulares. La lucha electoral se efectu\u00f3 en un espacio donde el debate se mezcla entre lo provincial \u2014infraestructura, educaci\u00f3n, agro, trabajo\u2014 y lo nacional, el legado inmediato y el futuro del pa\u00eds. Pero la lectura inmediata indica que ese segundo eje domin\u00f3 la escena. Si la elecci\u00f3n era vista mayormente como un plebiscito indirecto sobre el gobierno nacional, \u00bfqu\u00e9 espacio queda para la agenda propia del interior y sus urgencias concretas? Esa pregunta emerge con fuerza.<br \/><br \/>A su vez, el alto ausentismo implica que la victoria de una u otra fuerza, aunque relevante, no cuenta con un respaldo masivo de la ciudadan\u00eda: los resultados pierden algo de legitimidad en clave de movilizaci\u00f3n y compromiso. El paisaje electoral sugiere que el poder se define m\u00e1s entre quienes concurren que por la mayor\u00eda del electorado, y que los m\u00e1rgenes de acomodamiento pol\u00edtico est\u00e1n siendo ocupados por el n\u00facleo activo mientras que la mayor\u00eda espera o se abstiene.<br \/><br \/>En definitiva, la elecci\u00f3n legislativa en Santa Fe transcurri\u00f3 con normalidad operativa pero con una movilizaci\u00f3n que resulta explicativa de un sistema pol\u00edtico que no logra, en esta coyuntura, involucrar al ciudadano de a pie. La boleta \u00fanica trae mejoras formales, pero no resuelve por s\u00ed sola la desconexi\u00f3n entre el cuerpo electoral y la construcci\u00f3n de una cultura de participaci\u00f3n m\u00e1s robusta. Si lo que se defin\u00eda era el rumbo del pa\u00eds, cabe preguntarse si ese rumbo refleja tambi\u00e9n la voz de los sectores que optaron por quedarse al margen.<br \/><br \/>Fuentes: La Naci\u00f3n (\u201cVot\u00f3 el 66% del padr\u00f3n\u201d) ; El Litoral (\u201cPoca participaci\u00f3n y polarizaci\u00f3n nacionalizada\u2026\u201d) <\/p>\n","protected":false},"excerpt":{"rendered":"<p>La jornada electoral del domingo 26 de octubre de 2025 en la provincia de Santa Fe y en todo el pa\u00eds dej\u00f3 al descubierto m\u00e1s signos de la crisis de representaci\u00f3n y movilizaci\u00f3n ciudadana que una efervescencia democr\u00e1tica. Con las urnas cerradas a las 18 h, m\u00e1s de 36 millones de argentinos estaban habilitados para&#8230;<\/p>\n","protected":false},"author":1,"featured_media":10311,"comment_status":"open","ping_status":"open","sticky":false,"template":"","format":"standard","meta":{"_monsterinsights_skip_tracking":false,"_monsterinsights_sitenote_active":false,"_monsterinsights_sitenote_note":"","_monsterinsights_sitenote_category":0,"footnotes":"","jetpack_publicize_message":"","jetpack_publicize_feature_enabled":true,"jetpack_social_post_already_shared":true,"jetpack_social_options":{"image_generator_settings":{"template":"highway","default_image_id":0,"font":"","enabled":false},"version":2}},"categories":[3949,2],"tags":[],"class_list":["post-10310","post","type-post","status-publish","format-standard","has-post-thumbnail","hentry","category-elecciones","category-politica"],"jetpack_publicize_connections":[],"_links":{"self":[{"href":"https:\/\/www.enorsai.com\/noticias\/wp-json\/wp\/v2\/posts\/10310","targetHints":{"allow":["GET"]}}],"collection":[{"href":"https:\/\/www.enorsai.com\/noticias\/wp-json\/wp\/v2\/posts"}],"about":[{"href":"https:\/\/www.enorsai.com\/noticias\/wp-json\/wp\/v2\/types\/post"}],"author":[{"embeddable":true,"href":"https:\/\/www.enorsai.com\/noticias\/wp-json\/wp\/v2\/users\/1"}],"replies":[{"embeddable":true,"href":"https:\/\/www.enorsai.com\/noticias\/wp-json\/wp\/v2\/comments?post=10310"}],"version-history":[{"count":1,"href":"https:\/\/www.enorsai.com\/noticias\/wp-json\/wp\/v2\/posts\/10310\/revisions"}],"predecessor-version":[{"id":10313,"href":"https:\/\/www.enorsai.com\/noticias\/wp-json\/wp\/v2\/posts\/10310\/revisions\/10313"}],"wp:featuredmedia":[{"embeddable":true,"href":"https:\/\/www.enorsai.com\/noticias\/wp-json\/wp\/v2\/media\/10311"}],"wp:attachment":[{"href":"https:\/\/www.enorsai.com\/noticias\/wp-json\/wp\/v2\/media?parent=10310"}],"wp:term":[{"taxonomy":"category","embeddable":true,"href":"https:\/\/www.enorsai.com\/noticias\/wp-json\/wp\/v2\/categories?post=10310"},{"taxonomy":"post_tag","embeddable":true,"href":"https:\/\/www.enorsai.com\/noticias\/wp-json\/wp\/v2\/tags?post=10310"}],"curies":[{"name":"wp","href":"https:\/\/api.w.org\/{rel}","templated":true}]}}